{"id":5461,"date":"2012-11-17T21:04:16","date_gmt":"2012-11-18T00:04:16","guid":{"rendered":"http:\/\/marisaono.com\/delicia\/?p=5461"},"modified":"2012-11-17T21:04:16","modified_gmt":"2012-11-18T00:04:16","slug":"que-marravilha","status":"publish","type":"post","link":"https:\/\/marisaono.com\/delicia\/2012\/11\/17\/que-marravilha\/","title":{"rendered":"Que Marravilha!"},"content":{"rendered":"<div class=\"translate_block\" style=\"display: none;\">\n<a class=\"translate_translate\" id=\"translate_button_post-5461\" lang=\"en\" xml:lang=\"en\" href=\"javascript:show_translate_popup('en', 'post', 5461);\">[Translate]<\/a><img src=\"https:\/\/marisaono.com\/delicia\/wp-content\/plugins\/google-ajax-translation\/transparent.gif\" id=\"translate_loading_post-5461\" class=\"translate_loading\" style=\"display: none;\" width=\"16\" height=\"16\" alt=\"\" \/>\n<hr class=\"translate_hr\" \/>\n<\/div>\n<div id=\"content_div-5461\">\n<p>Para minha surpresa, o chef Claude Troisgros apresentou em seu programa uma receita de fil\u00e9 de linguado com pir\u00e3o de tucupi e alho negro. Isso poucos dias depois de eu ter conversado com o filho dele , no Mesa Tend\u00eancias. Feliz coincid\u00eancia.<\/p>\n<p><a href=\"http:\/\/gnt.globo.com\/quemarravilha\/videos\/_2242192.shtml\">Linguado com Pir\u00e3o de Tucupi, Caviar Frito e Alho Negro<\/a><\/p>\n<p>&nbsp;<\/p>\n<p>&nbsp;<\/p>\n<a href=\"https:\/\/www.freetellafriend.com\/tell\/?url=https%3A%2F%2Fmarisaono.com%2Fdelicia%2F2012%2F11%2F17%2Fque-marravilha%2F&title=Que+Marravilha%21\" onclick=\"window.open('https:\/\/www.freetellafriend.com\/tell\/?url=https%3A%2F%2Fmarisaono.com%2Fdelicia%2F2012%2F11%2F17%2Fque-marravilha%2F&title=Que+Marravilha%21', 'freetellafriend', 'scrollbars=1,menubar=0,width=617,height=530,resizable=1,toolbar=0,location=0,status=0,screenX=210,screenY=100,left=210,top=100'); return false;\" target=\"_blank\" title=\"Share This Post\"><img decoding=\"async\" src=\"http:\/\/marisaono.com\/delicia\/wp-content\/plugins\/tell-a-friend\/button.gif\" style=\"width:127px;height:16px;border:0px;\" alt=\"Share This Post\" title=\"Share This Post\" \/><\/a><\/div>\n","protected":false},"excerpt":{"rendered":"<p>[Translate] Para minha surpresa, o chef Claude Troisgros apresentou em seu programa uma receita de fil\u00e9 de linguado com pir\u00e3o de tucupi e alho negro. Isso poucos dias depois de eu ter conversado com o filho dele , no Mesa &hellip; <a href=\"https:\/\/marisaono.com\/delicia\/2012\/11\/17\/que-marravilha\/\">Continuar a ler <span class=\"meta-nav\">&rarr;<\/span><\/a><\/p>\n","protected":false},"author":1,"featured_media":0,"comment_status":"open","ping_status":"open","sticky":false,"template":"","format":"standard","meta":{"spay_email":"","footnotes":"","jetpack_publicize_message":"","jetpack_is_tweetstorm":false},"categories":[16],"tags":[247],"jetpack_featured_media_url":"","jetpack_publicize_connections":[],"jetpack_sharing_enabled":true,"jetpack_shortlink":"https:\/\/wp.me\/pccs7-1q5","jetpack-related-posts":[{"id":7551,"url":"https:\/\/marisaono.com\/delicia\/2014\/06\/20\/degustacao-de-pratos-brasileiros-com-bebidas-japonesas\/","url_meta":{"origin":5461,"position":0},"title":"Degusta\u00e7\u00e3o de Pratos Brasileiros Com Bebidas Japonesas","date":"Junho 20, 2014","format":false,"excerpt":"Ter\u00e7a-feira (dia 17) estive no Nakata.net Caf\u00e9 (que est\u00e1 funcionando at\u00e9 o dia 26 no Octavio Caf\u00e9 ) para ver uma combina\u00e7\u00e3o n\u00e3o muito usual: pratos brasileiros com bebidas japonesas. Quem veio defender a combina\u00e7\u00e3o foi o chef Jefferson Rueda (Attimo) e a tradu\u00e7\u00e3o ficou por conta da chef Saiko\u2026","rel":"","context":"In &quot;Lugares&quot;","img":{"alt_text":"","src":"https:\/\/i1.wp.com\/marisaono.com\/delicia\/wp-content\/uploads\/IMG_4709.jpg?resize=350%2C200&ssl=1","width":350,"height":200},"classes":[]},{"id":1820,"url":"https:\/\/marisaono.com\/delicia\/2009\/12\/23\/alho-alho-alho-e-alho\/","url_meta":{"origin":5461,"position":1},"title":"Alho, Alho, Alho e Alho.","date":"Dezembro 23, 2009","format":false,"excerpt":"N\u00e3o d\u00e1 para deixar de comentar. Depois da Neide Rigo no Come-se, l\u00e1 est\u00e1 meu alhinho no Gastrol\u00e2ndia, nos pratos feitos pelo Chef Carlos Bertolazzi: Camar\u00e3o com creme de alho-por\u00f3, alho assado, frito e negro e roule de frango cap\u00e3o recheado com alho negro amassado, regado com molho de cerveja\u2026","rel":"","context":"In \"Alho Negro\"","img":{"alt_text":"","src":"","width":0,"height":0},"classes":[]},{"id":3879,"url":"https:\/\/marisaono.com\/delicia\/2011\/11\/28\/alho-negro-no-basillico\/","url_meta":{"origin":5461,"position":2},"title":"Alho Negro no Basillico","date":"Novembro 28, 2011","format":false,"excerpt":"Not\u00edcia curta: minha receita de penne com cogumelos e alho negro no site Basilico: http:\/\/basilico.uol.com.br\/793-receitas-PENNE-COM-COGUMELOS-E-ALHO-NEGRO \u00a0 Para quem quer comprar alho negro, acesse a loja virtual da Bombay: http:\/\/www.bombayherbsspices.com.br\/ \u00a0","rel":"","context":"In &quot;dicas&quot;","img":{"alt_text":"","src":"","width":0,"height":0},"classes":[]},{"id":4518,"url":"https:\/\/marisaono.com\/delicia\/2012\/01\/16\/o-cobicado-alho-negro\/","url_meta":{"origin":5461,"position":3},"title":"O Cobi\u00e7ado Alho Negro","date":"Janeiro 16, 2012","format":false,"excerpt":"Como tenho recebido muitos e-mails perguntando do alho negro, novamente comento aqui. O alho negro que \u00e9 t\u00e3o comentado, que aparece no card\u00e1pio de tantos restaurantes de renome e que apareceu em mat\u00e9rias de revistas como Prazeres da Mesa, Menu, Gosto e no caderno Paladar do Estad\u00e3o, por exemplo, \u00e9\u2026","rel":"","context":"In &quot;produtos.&quot;","img":{"alt_text":"","src":"https:\/\/i2.wp.com\/marisaono.com\/delicia\/wp-content\/uploads\/bombay1.jpg?resize=350%2C200&ssl=1","width":350,"height":200},"classes":[]},{"id":2011,"url":"https:\/\/marisaono.com\/delicia\/2010\/02\/26\/ganhei-alho-negro\/","url_meta":{"origin":5461,"position":4},"title":"Ganhei Alho Negro!","date":"Fevereiro 26, 2010","format":false,"excerpt":"Para saber como o alho negro de Aomori chegou aqui em Ibiuna, leia l\u00e1 no meu outro blog: http:\/\/marisaono.com\/alho_negro\/?p=50","rel":"","context":"In &quot;cotidiano&quot;","img":{"alt_text":"","src":"https:\/\/i2.wp.com\/marisaono.com\/delicia\/wp-content\/uploads\/IMG_4602.jpg?resize=350%2C200&ssl=1","width":350,"height":200},"classes":[]},{"id":1807,"url":"https:\/\/marisaono.com\/delicia\/2009\/12\/18\/pate-de-figado-e-alho-negro\/","url_meta":{"origin":5461,"position":5},"title":"Pat\u00ea de F\u00edgado e Alho Negro","date":"Dezembro 18, 2009","format":false,"excerpt":"Quando eu era crian\u00e7a, pat\u00ea de f\u00edgado era uma coisa que vinha em uma latinha e eu n\u00e3o fazia a menor id\u00e9ia do que era feito, Eu nunca tinha experimentado fazer em casa, essa \u00e9 a primeira vez. Aproveitei para juntar o alho negro e o resultado foi muito bom.\u2026","rel":"","context":"In &quot;F\u00e1cil&quot;","img":{"alt_text":"pate de figado com alho negro","src":"https:\/\/i2.wp.com\/marisaono.com\/delicia\/wp-content\/uploads\/pate-de-figado-com-alho-negro.JPG?resize=350%2C200","width":350,"height":200},"classes":[]}],"_links":{"self":[{"href":"https:\/\/marisaono.com\/delicia\/wp-json\/wp\/v2\/posts\/5461"}],"collection":[{"href":"https:\/\/marisaono.com\/delicia\/wp-json\/wp\/v2\/posts"}],"about":[{"href":"https:\/\/marisaono.com\/delicia\/wp-json\/wp\/v2\/types\/post"}],"author":[{"embeddable":true,"href":"https:\/\/marisaono.com\/delicia\/wp-json\/wp\/v2\/users\/1"}],"replies":[{"embeddable":true,"href":"https:\/\/marisaono.com\/delicia\/wp-json\/wp\/v2\/comments?post=5461"}],"version-history":[{"count":2,"href":"https:\/\/marisaono.com\/delicia\/wp-json\/wp\/v2\/posts\/5461\/revisions"}],"predecessor-version":[{"id":5463,"href":"https:\/\/marisaono.com\/delicia\/wp-json\/wp\/v2\/posts\/5461\/revisions\/5463"}],"wp:attachment":[{"href":"https:\/\/marisaono.com\/delicia\/wp-json\/wp\/v2\/media?parent=5461"}],"wp:term":[{"taxonomy":"category","embeddable":true,"href":"https:\/\/marisaono.com\/delicia\/wp-json\/wp\/v2\/categories?post=5461"},{"taxonomy":"post_tag","embeddable":true,"href":"https:\/\/marisaono.com\/delicia\/wp-json\/wp\/v2\/tags?post=5461"}],"curies":[{"name":"wp","href":"https:\/\/api.w.org\/{rel}","templated":true}]}}