{"id":5464,"date":"2012-11-19T20:29:26","date_gmt":"2012-11-19T23:29:26","guid":{"rendered":"http:\/\/marisaono.com\/delicia\/?p=5464"},"modified":"2012-11-19T20:29:26","modified_gmt":"2012-11-19T23:29:26","slug":"manteiga-de-ervas-e-alho-negro","status":"publish","type":"post","link":"https:\/\/marisaono.com\/delicia\/2012\/11\/19\/manteiga-de-ervas-e-alho-negro\/","title":{"rendered":"Manteiga de Ervas e Alho Negro"},"content":{"rendered":"<div class=\"translate_block\" style=\"display: none;\">\n<a class=\"translate_translate\" id=\"translate_button_post-5464\" lang=\"en\" xml:lang=\"en\" href=\"javascript:show_translate_popup('en', 'post', 5464);\">[Translate]<\/a><img src=\"https:\/\/marisaono.com\/delicia\/wp-content\/plugins\/google-ajax-translation\/transparent.gif\" id=\"translate_loading_post-5464\" class=\"translate_loading\" style=\"display: none;\" width=\"16\" height=\"16\" alt=\"\" \/>\n<hr class=\"translate_hr\" \/>\n<\/div>\n<div id=\"content_div-5464\">\n<p><a href=\"http:\/\/marisaono.com\/delicia\/wp-content\/uploads\/IMG_1361.jpg\"><img loading=\"lazy\" decoding=\"async\" class=\"alignnone size-full wp-image-5465\" title=\"IMG_1361\" src=\"http:\/\/marisaono.com\/delicia\/wp-content\/uploads\/IMG_1361.jpg\" alt=\"\" width=\"480\" height=\"361\" srcset=\"https:\/\/marisaono.com\/delicia\/wp-content\/uploads\/IMG_1361.jpg 480w, https:\/\/marisaono.com\/delicia\/wp-content\/uploads\/IMG_1361-360x270.jpg 360w, https:\/\/marisaono.com\/delicia\/wp-content\/uploads\/IMG_1361-150x113.jpg 150w, https:\/\/marisaono.com\/delicia\/wp-content\/uploads\/IMG_1361-400x301.jpg 400w\" sizes=\"(max-width: 480px) 100vw, 480px\" \/><\/a><\/p>\n<p>Uma manteiga de ervas serve para dar um sabor extra e, claro, untuosidade em uma carne magra. \u00c9 muito f\u00e1cil de fazer. Nesta, combinei salsa e estrag\u00e3o com alho negro. Usei ervas liofilizadas porque como n\u00e3o pretendia usar toda a manteiga de uma vez, ervas secas s\u00e3o a melhor op\u00e7\u00e3o, j\u00e1 que as frescas tendem a mudar de cor, textura e at\u00e9 aroma depois de congeladas.<\/p>\n<p><a href=\"http:\/\/marisaono.com\/delicia\/wp-content\/uploads\/IMG_1358.jpg\"><img loading=\"lazy\" decoding=\"async\" class=\"alignnone size-full wp-image-5466\" title=\"IMG_1358\" src=\"http:\/\/marisaono.com\/delicia\/wp-content\/uploads\/IMG_1358.jpg\" alt=\"\" width=\"480\" height=\"360\" srcset=\"https:\/\/marisaono.com\/delicia\/wp-content\/uploads\/IMG_1358.jpg 480w, https:\/\/marisaono.com\/delicia\/wp-content\/uploads\/IMG_1358-360x270.jpg 360w\" sizes=\"(max-width: 480px) 100vw, 480px\" \/><\/a><\/p>\n<p>Para manteiga suficiente para 6 por\u00e7\u00f5es:<\/p>\n<p>50 gramas de manteiga<\/p>\n<p>2 colheres de ch\u00e1 de salsa desidratada (liofilizada)<\/p>\n<p>1 colher de ch\u00e1 de estrag\u00e3o desidratado (liofilizado)<\/p>\n<p>3 dentes de alho negro picado<\/p>\n<p>50 gramas de manteiga<\/p>\n<p>Derreta 50 gramas de manteiga em fogo baixo. Com uma colher, com cuidado, retire a espuma que se forma na superf\u00edcie. Adicione a salsa e o estrag\u00e3o e deixe por cerca de 30 segundos. Desligue o fogo. Espere esfriar, adicione o alho negro picado e a manteiga restante, formando uma pasta.<\/p>\n<p>Coloque em um filme pl\u00e1stico, enrole e d\u00ea um n\u00f3 das duas pontas, formando um rolinho bem apertado. Leve \u00e0 geladeira at\u00e9 a hora de usar.<\/p>\n<p>Corte uma fatia e sirva sobre carne, frango ou peixe grelhado. O que n\u00e3o for utilizado, pode ser congelado.<\/p>\n<a href=\"https:\/\/www.freetellafriend.com\/tell\/?url=https%3A%2F%2Fmarisaono.com%2Fdelicia%2F2012%2F11%2F19%2Fmanteiga-de-ervas-e-alho-negro%2F&title=Manteiga+de+Ervas+e+Alho+Negro\" onclick=\"window.open('https:\/\/www.freetellafriend.com\/tell\/?url=https%3A%2F%2Fmarisaono.com%2Fdelicia%2F2012%2F11%2F19%2Fmanteiga-de-ervas-e-alho-negro%2F&title=Manteiga+de+Ervas+e+Alho+Negro', 'freetellafriend', 'scrollbars=1,menubar=0,width=617,height=530,resizable=1,toolbar=0,location=0,status=0,screenX=210,screenY=100,left=210,top=100'); return false;\" target=\"_blank\" title=\"Share This Post\"><img decoding=\"async\" src=\"http:\/\/marisaono.com\/delicia\/wp-content\/plugins\/tell-a-friend\/button.gif\" style=\"width:127px;height:16px;border:0px;\" alt=\"Share This Post\" title=\"Share This Post\" \/><\/a><\/div>\n","protected":false},"excerpt":{"rendered":"<p>[Translate] Uma manteiga de ervas serve para dar um sabor extra e, claro, untuosidade em uma carne magra. \u00c9 muito f\u00e1cil de fazer. Nesta, combinei salsa e estrag\u00e3o com alho negro. Usei ervas liofilizadas porque como n\u00e3o pretendia usar toda &hellip; <a href=\"https:\/\/marisaono.com\/delicia\/2012\/11\/19\/manteiga-de-ervas-e-alho-negro\/\">Continuar a ler <span class=\"meta-nav\">&rarr;<\/span><\/a><\/p>\n","protected":false},"author":1,"featured_media":5465,"comment_status":"open","ping_status":"open","sticky":false,"template":"","format":"standard","meta":{"spay_email":"","footnotes":"","jetpack_publicize_message":"","jetpack_is_tweetstorm":false},"categories":[11,20,28],"tags":[247],"jetpack_featured_media_url":"https:\/\/marisaono.com\/delicia\/wp-content\/uploads\/IMG_1361.jpg","jetpack_publicize_connections":[],"jetpack_sharing_enabled":true,"jetpack_shortlink":"https:\/\/wp.me\/pccs7-1q8","jetpack-related-posts":[{"id":1807,"url":"https:\/\/marisaono.com\/delicia\/2009\/12\/18\/pate-de-figado-e-alho-negro\/","url_meta":{"origin":5464,"position":0},"title":"Pat\u00ea de F\u00edgado e Alho Negro","date":"Dezembro 18, 2009","format":false,"excerpt":"Quando eu era crian\u00e7a, pat\u00ea de f\u00edgado era uma coisa que vinha em uma latinha e eu n\u00e3o fazia a menor id\u00e9ia do que era feito, Eu nunca tinha experimentado fazer em casa, essa \u00e9 a primeira vez. Aproveitei para juntar o alho negro e o resultado foi muito bom.\u2026","rel":"","context":"In &quot;F\u00e1cil&quot;","img":{"alt_text":"pate de figado com alho negro","src":"https:\/\/i2.wp.com\/marisaono.com\/delicia\/wp-content\/uploads\/pate-de-figado-com-alho-negro.JPG?resize=350%2C200","width":350,"height":200},"classes":[]},{"id":1555,"url":"https:\/\/marisaono.com\/delicia\/2009\/08\/07\/pate-de-campagne-com-alho-negro\/","url_meta":{"origin":5464,"position":1},"title":"P\u00e2t\u00e9 de Campagne com Alho Negro","date":"Agosto 7, 2009","format":false,"excerpt":"P\u00e2t\u00e9 de Campagne \u00e9 sempre bom, pode ser feito com muita anteced\u00eancia, aguenta alguns bons dias na geladeira (imporante para mim, j\u00e1 que a fam\u00edlia \u00e9 pequena) e existem tantas\u00a0receitas, com tantas possibilidades de combina\u00e7\u00f5es, que nem eu corro o risco de estar cometendo um atentado.\u00a0Acabei acrescentando o alho negro.\u2026","rel":"","context":"In &quot;carnes.&quot;","img":{"alt_text":"","src":"https:\/\/i2.wp.com\/marisaono.com\/delicia\/wp-content\/uploads\/pate-de-campagne-com-alho-negro.jpg?resize=350%2C200&ssl=1","width":350,"height":200},"classes":[]},{"id":652,"url":"https:\/\/marisaono.com\/delicia\/2009\/02\/05\/frango-com-suco-de-uvas-verdes\/","url_meta":{"origin":5464,"position":2},"title":"Frango com Suco de Uvas Verdes","date":"Fevereiro 5, 2009","format":false,"excerpt":"Comprei uns livros da d\u00e9cada de 70 em um sebo. Entre eles, um sobre culin\u00e1ria francesa. Semana passada LP emprestou-me o livro Elle Cookbook. Em comum, receitas com aves. Pelo que li e pelo que conversei com meu amigo, o frango tem presen\u00e7a garantida nas mesas francesas. Aproveitando a safra\u2026","rel":"","context":"In &quot;carnes.&quot;","img":{"alt_text":"","src":"https:\/\/i2.wp.com\/marisaono.com\/delicia\/wp-content\/uploads\/Poulet-au-Verjus.jpg?resize=350%2C200&ssl=1","width":350,"height":200},"classes":[]},{"id":5565,"url":"https:\/\/marisaono.com\/delicia\/2012\/12\/10\/quiche-de-portobelo-e-alho-negro\/","url_meta":{"origin":5464,"position":3},"title":"Quiche de Portobelo e Alho Negro","date":"Dezembro 10, 2012","format":false,"excerpt":"Pensei que j\u00e1 havia publicado essa receita. Usei portobelo, mas poderia ter usado champignon ou outro cogumelo. Para a massa: 150 gramas de farinha de trigo 75 gramas de manteiga gelada, cortada em cubos Sal 1 ovo 1 colher ou pouco mais de \u00e1gua 1 gema Recheio 1 bandeja de\u2026","rel":"","context":"In &quot;massas&quot;","img":{"alt_text":"","src":"https:\/\/i2.wp.com\/marisaono.com\/delicia\/wp-content\/uploads\/IMG_1377.jpg?resize=350%2C200","width":350,"height":200},"classes":[]},{"id":4479,"url":"https:\/\/marisaono.com\/delicia\/2012\/01\/06\/bagel-e-sanduiche-de-pastrami-e-alho-negro\/","url_meta":{"origin":5464,"position":4},"title":"Bagel e Sandu\u00edche de Pastrami e Alho Negro","date":"Janeiro 6, 2012","format":false,"excerpt":"Eu n\u00e3o me lembro de ter feito bagels antes. Bem, sempre existe a primeira vez. Vi v\u00e1rias receitas. Com ovos, sem ovos, com manteiga, sem manteiga. Acabei optando pela mais simples de todas, de um dos livros de receita que tenho aqui. Depois de assado e frio, fiz o teste:\u2026","rel":"","context":"In &quot;carnes.&quot;","img":{"alt_text":"","src":"https:\/\/i1.wp.com\/marisaono.com\/delicia\/wp-content\/uploads\/CIMG0568.jpg?resize=350%2C200&ssl=1","width":350,"height":200},"classes":[]},{"id":6565,"url":"https:\/\/marisaono.com\/delicia\/2013\/09\/30\/cabrito-em-duas-versoes-com-curry-e-com-alho-negro\/","url_meta":{"origin":5464,"position":5},"title":"Cabrito em Duas Vers\u00f5es: Com Curry e Com Alho Negro","date":"Setembro 30, 2013","format":false,"excerpt":"Ganhei da Apris cortes de cabrito. \u00c9 uma carne que eu j\u00e1 havia provado e gostado, mas nunca cozinhei. Ao contr\u00e1rio do que pensava, \u00e9 uma carne saborosa e sem cheiros estranhos. Parti do stinco, ou seja, das canelas do cabrito. \u00c9 uma carne muito magra, mais rija e achei\u2026","rel":"","context":"In &quot;carnes.&quot;","img":{"alt_text":"","src":"https:\/\/i2.wp.com\/marisaono.com\/delicia\/wp-content\/uploads\/IMG_3128.jpg?resize=350%2C200&ssl=1","width":350,"height":200},"classes":[]}],"_links":{"self":[{"href":"https:\/\/marisaono.com\/delicia\/wp-json\/wp\/v2\/posts\/5464"}],"collection":[{"href":"https:\/\/marisaono.com\/delicia\/wp-json\/wp\/v2\/posts"}],"about":[{"href":"https:\/\/marisaono.com\/delicia\/wp-json\/wp\/v2\/types\/post"}],"author":[{"embeddable":true,"href":"https:\/\/marisaono.com\/delicia\/wp-json\/wp\/v2\/users\/1"}],"replies":[{"embeddable":true,"href":"https:\/\/marisaono.com\/delicia\/wp-json\/wp\/v2\/comments?post=5464"}],"version-history":[{"count":2,"href":"https:\/\/marisaono.com\/delicia\/wp-json\/wp\/v2\/posts\/5464\/revisions"}],"predecessor-version":[{"id":5468,"href":"https:\/\/marisaono.com\/delicia\/wp-json\/wp\/v2\/posts\/5464\/revisions\/5468"}],"wp:featuredmedia":[{"embeddable":true,"href":"https:\/\/marisaono.com\/delicia\/wp-json\/wp\/v2\/media\/5465"}],"wp:attachment":[{"href":"https:\/\/marisaono.com\/delicia\/wp-json\/wp\/v2\/media?parent=5464"}],"wp:term":[{"taxonomy":"category","embeddable":true,"href":"https:\/\/marisaono.com\/delicia\/wp-json\/wp\/v2\/categories?post=5464"},{"taxonomy":"post_tag","embeddable":true,"href":"https:\/\/marisaono.com\/delicia\/wp-json\/wp\/v2\/tags?post=5464"}],"curies":[{"name":"wp","href":"https:\/\/api.w.org\/{rel}","templated":true}]}}