{"id":570,"date":"2008-10-06T20:07:05","date_gmt":"2008-10-06T23:07:05","guid":{"rendered":"http:\/\/marisaono.com\/delicia\/?p=570"},"modified":"2012-01-04T16:45:46","modified_gmt":"2012-01-04T19:45:46","slug":"quiche-de-espinafre","status":"publish","type":"post","link":"https:\/\/marisaono.com\/delicia\/2008\/10\/06\/quiche-de-espinafre\/","title":{"rendered":"Quiche de Espinafre"},"content":{"rendered":"<div class=\"translate_block\" style=\"display: none;\">\n<a class=\"translate_translate\" id=\"translate_button_post-570\" lang=\"en\" xml:lang=\"en\" href=\"javascript:show_translate_popup('en', 'post', 570);\">[Translate]<\/a><img src=\"https:\/\/marisaono.com\/delicia\/wp-content\/plugins\/google-ajax-translation\/transparent.gif\" id=\"translate_loading_post-570\" class=\"translate_loading\" style=\"display: none;\" width=\"16\" height=\"16\" alt=\"\" \/>\n<hr class=\"translate_hr\" \/>\n<\/div>\n<div id=\"content_div-570\">\n<p><img decoding=\"async\" src=\"http:\/\/marisaono.com\/delicia\/wp-content\/uploads\/Quiche%20de%20Espinafre.jpg\" alt=\"\" \/><\/p>\n<p>Eu acho quiches gostosas, pr\u00e1ticas e r\u00e1pidas. Durante muito tempo mantive sempre uma massa assada, no congelador, para poder fazer uma torta de \u00faltima hora. Fa\u00e7o sempre com o que tenho na geladeira, com o que est\u00e1 fresco e bom na feira ou mercado.<\/p>\n<p>Massa<\/p>\n<p>2 x\u00edcaras de farinha de trigo<\/p>\n<p>3\/4 xic de \u00f3leo<\/p>\n<p>1 pitada de sal<\/p>\n<p>1 pitada de fermento em p\u00f3<\/p>\n<p>\u00e1gua o suficiente para formar uma massa macia, que possa ser aberta com as m\u00e3os<\/p>\n<p>Recheio:<\/p>\n<p>1 ma\u00e7o de espinafre limpo, cozido no vapor, espremido e picado<\/p>\n<p>2 ovos<\/p>\n<p>1\/2 a 3\/4 de x\u00edcara de creme de leite fresco<\/p>\n<p>sal, pimenta<\/p>\n<p>Queijo ralado (que derreta; n\u00e3o me acanho em dizer que uso prato. Quando d\u00e1, uso o gruy\u00e8re)<\/p>\n<p>Para a massa, basta misturar tudo at\u00e9 formar uma massa que seja f\u00e1cil de abrir com as m\u00e3os. Forre uma forma de quiche ou torta baixa. Leve ao forno at\u00e9 corar levemente.<\/p>\n<p>Distribua o esfinafre. Por cima, espalhe queijo ralado no ralo grosso. Bata os ovos com o creme de leite, tempere com sal e pimenta do reino. Despeje esse creme por cima de tudo e leve ao forno, at\u00e9 corar. Cuidado apenas para n\u00e3o assar demais, a quiche tem que ficar suculenta.<\/p>\n<p>Costumo fazer com abobrinha, alho-porr\u00f3 refogado, cogumelos na manteiga, aspargos. As possibilidades s\u00e3o muitas.<\/p>\n<a href=\"https:\/\/www.freetellafriend.com\/tell\/?url=https%3A%2F%2Fmarisaono.com%2Fdelicia%2F2008%2F10%2F06%2Fquiche-de-espinafre%2F&title=Quiche+de+Espinafre\" onclick=\"window.open('https:\/\/www.freetellafriend.com\/tell\/?url=https%3A%2F%2Fmarisaono.com%2Fdelicia%2F2008%2F10%2F06%2Fquiche-de-espinafre%2F&title=Quiche+de+Espinafre', 'freetellafriend', 'scrollbars=1,menubar=0,width=617,height=530,resizable=1,toolbar=0,location=0,status=0,screenX=210,screenY=100,left=210,top=100'); return false;\" target=\"_blank\" title=\"Share This Post\"><img decoding=\"async\" src=\"http:\/\/marisaono.com\/delicia\/wp-content\/plugins\/tell-a-friend\/button.gif\" style=\"width:127px;height:16px;border:0px;\" alt=\"Share This Post\" title=\"Share This Post\" \/><\/a><\/div>\n","protected":false},"excerpt":{"rendered":"<p>[Translate] Eu acho quiches gostosas, pr\u00e1ticas e r\u00e1pidas. Durante muito tempo mantive sempre uma massa assada, no congelador, para poder fazer uma torta de \u00faltima hora. Fa\u00e7o sempre com o que tenho na geladeira, com o que est\u00e1 fresco e &hellip; <a href=\"https:\/\/marisaono.com\/delicia\/2008\/10\/06\/quiche-de-espinafre\/\">Continuar a ler <span class=\"meta-nav\">&rarr;<\/span><\/a><\/p>\n","protected":false},"author":1,"featured_media":8487,"comment_status":"open","ping_status":"open","sticky":false,"template":"","format":"standard","meta":{"spay_email":"","footnotes":"","jetpack_publicize_message":"","jetpack_is_tweetstorm":false},"categories":[20,24,26,51,256],"tags":[132,178,65,85],"jetpack_featured_media_url":"https:\/\/marisaono.com\/delicia\/wp-content\/uploads\/Quiche-de-Espinafre.jpg","jetpack_publicize_connections":[],"jetpack_sharing_enabled":true,"jetpack_shortlink":"https:\/\/wp.me\/pccs7-9c","jetpack-related-posts":[{"id":7915,"url":"https:\/\/marisaono.com\/delicia\/2014\/10\/04\/quiche-de-alho-porro-a-pedidos\/","url_meta":{"origin":570,"position":0},"title":"Quiche de Alho Porro, A Pedidos","date":"Outubro 4, 2014","format":false,"excerpt":"J\u00e1 publiquei algumas receitas de quiche. Elas est\u00e3o aqui: Quiche de Espinafre Quiche de Portobelo e Alho Negro Quiche Sem Massa Limpa Geladeira \u00a0 Publiquei a foto no Facebook e pediram para que publicasse a receita deste. Os alhos porro de casa est\u00e3o bonitos e resolvi aproveitar. Na feira est\u00e3o\u2026","rel":"","context":"In &quot;lanches&quot;","img":{"alt_text":"IMG_5110","src":"https:\/\/i1.wp.com\/marisaono.com\/delicia\/wp-content\/uploads\/IMG_5110.jpg?resize=350%2C200","width":350,"height":200},"classes":[]},{"id":5565,"url":"https:\/\/marisaono.com\/delicia\/2012\/12\/10\/quiche-de-portobelo-e-alho-negro\/","url_meta":{"origin":570,"position":1},"title":"Quiche de Portobelo e Alho Negro","date":"Dezembro 10, 2012","format":false,"excerpt":"Pensei que j\u00e1 havia publicado essa receita. Usei portobelo, mas poderia ter usado champignon ou outro cogumelo. Para a massa: 150 gramas de farinha de trigo 75 gramas de manteiga gelada, cortada em cubos Sal 1 ovo 1 colher ou pouco mais de \u00e1gua 1 gema Recheio 1 bandeja de\u2026","rel":"","context":"In &quot;massas&quot;","img":{"alt_text":"","src":"https:\/\/i2.wp.com\/marisaono.com\/delicia\/wp-content\/uploads\/IMG_1377.jpg?resize=350%2C200","width":350,"height":200},"classes":[]},{"id":6005,"url":"https:\/\/marisaono.com\/delicia\/2013\/04\/29\/quiche-sem-massa-limpa-geladeira\/","url_meta":{"origin":570,"position":2},"title":"Quiche Sem Massa Limpa-Geladeira","date":"Abril 29, 2013","format":false,"excerpt":"Acho o nome infeliz, mas \u00e9 assim que chamam. Prefiro chamar de \"enformado\". O fato \u00e9 que ainda n\u00e3o publiquei uma receita dele, apesar de fazer com alguma frequ\u00eancia. Vejo na geladeira o que est\u00e1 sobrando e fa\u00e7o. 4 ovos 1\/2 x\u00edcara de farinha 1 colher de ch\u00e1 de fermento\u2026","rel":"","context":"In &quot;Cozinha do Desespero&quot;","img":{"alt_text":"","src":"https:\/\/i2.wp.com\/marisaono.com\/delicia\/wp-content\/uploads\/IMG_2096.jpg?resize=350%2C200&ssl=1","width":350,"height":200},"classes":[]},{"id":9116,"url":"https:\/\/marisaono.com\/delicia\/2016\/08\/23\/mistura-pronta-para-torta-e-panqueca\/","url_meta":{"origin":570,"position":3},"title":"Mistura Pronta Para Torta e Panqueca","date":"Agosto 23, 2016","format":false,"excerpt":"O tempo anda curto, vamos ser pr\u00e1ticos. Se fizer uma mistura com farinha, fermento, amido, sal, um pouco de a\u00e7\u00facar e \u00f3leo, voc\u00ea ganha tempo na hora do preparo e at\u00e9 suja menos lou\u00e7a. Para a mistura pronta voc\u00ea vai precisar de: 480 gramas de farinha de trigo 120 gramas\u2026","rel":"","context":"In &quot;lanches&quot;","img":{"alt_text":"","src":"https:\/\/i1.wp.com\/marisaono.com\/delicia\/wp-content\/uploads\/IMG_0465.jpg?resize=350%2C200&ssl=1","width":350,"height":200},"classes":[]},{"id":5653,"url":"https:\/\/marisaono.com\/delicia\/2013\/01\/19\/torta-suica-de-cerejas\/","url_meta":{"origin":570,"position":4},"title":"Torta Su\u00ed\u00e7a de Cerejas","date":"Janeiro 19, 2013","format":false,"excerpt":"As cerejas chilenas estavam muito maduras, faltando muito pouco para passar. \u00a0Por isso estava muito baratas: R$12,00\/kg. Aproveitei para fazer essa torta que, se n\u00e3o me engano, s\u00f3 fiz uma vez, h\u00e1 muito tempo. Trata-se de uma crosta crocante recheada com cerejas suculentas, creme de am\u00eandoas e um glac\u00ea de\u2026","rel":"","context":"In &quot;Doces&quot;","img":{"alt_text":"","src":"https:\/\/i1.wp.com\/marisaono.com\/delicia\/wp-content\/uploads\/IMG_1656.jpg?resize=350%2C200&ssl=1","width":350,"height":200},"classes":[]},{"id":203,"url":"https:\/\/marisaono.com\/delicia\/2008\/01\/24\/torta-feita-na-corrida\/","url_meta":{"origin":570,"position":5},"title":"Torta Feita Na Corrida","date":"Janeiro 24, 2008","format":false,"excerpt":"Hoje precisei correr com o jantar. Fiz uma torta rapidinha, com sobra de um franguinho assado. N\u00e3o ficou maravilhoso, mas ficou bom foi bem melhor que requentar o almo\u00e7o... Torta de Frango Massa: 3 1\/2 x\u00edcaras de farinha de trigo 200 gramas de manteiga 3 ovos m\u00e9dios (na verdade, usei\u2026","rel":"","context":"In &quot;F\u00e1cil&quot;","img":{"alt_text":"","src":"https:\/\/i0.wp.com\/marisaono.com\/delicia\/wp-content\/uploads\/img_1613_1_1_1.jpg?resize=350%2C200&ssl=1","width":350,"height":200},"classes":[]}],"_links":{"self":[{"href":"https:\/\/marisaono.com\/delicia\/wp-json\/wp\/v2\/posts\/570"}],"collection":[{"href":"https:\/\/marisaono.com\/delicia\/wp-json\/wp\/v2\/posts"}],"about":[{"href":"https:\/\/marisaono.com\/delicia\/wp-json\/wp\/v2\/types\/post"}],"author":[{"embeddable":true,"href":"https:\/\/marisaono.com\/delicia\/wp-json\/wp\/v2\/users\/1"}],"replies":[{"embeddable":true,"href":"https:\/\/marisaono.com\/delicia\/wp-json\/wp\/v2\/comments?post=570"}],"version-history":[{"count":2,"href":"https:\/\/marisaono.com\/delicia\/wp-json\/wp\/v2\/posts\/570\/revisions"}],"predecessor-version":[{"id":4313,"href":"https:\/\/marisaono.com\/delicia\/wp-json\/wp\/v2\/posts\/570\/revisions\/4313"}],"wp:featuredmedia":[{"embeddable":true,"href":"https:\/\/marisaono.com\/delicia\/wp-json\/wp\/v2\/media\/8487"}],"wp:attachment":[{"href":"https:\/\/marisaono.com\/delicia\/wp-json\/wp\/v2\/media?parent=570"}],"wp:term":[{"taxonomy":"category","embeddable":true,"href":"https:\/\/marisaono.com\/delicia\/wp-json\/wp\/v2\/categories?post=570"},{"taxonomy":"post_tag","embeddable":true,"href":"https:\/\/marisaono.com\/delicia\/wp-json\/wp\/v2\/tags?post=570"}],"curies":[{"name":"wp","href":"https:\/\/api.w.org\/{rel}","templated":true}]}}