{"id":5786,"date":"2013-03-01T21:20:50","date_gmt":"2013-03-02T00:20:50","guid":{"rendered":"http:\/\/marisaono.com\/delicia\/?p=5786"},"modified":"2013-03-01T21:20:50","modified_gmt":"2013-03-02T00:20:50","slug":"o-blog-no-facebook","status":"publish","type":"post","link":"https:\/\/marisaono.com\/delicia\/2013\/03\/01\/o-blog-no-facebook\/","title":{"rendered":"O Blog no Facebook"},"content":{"rendered":"<div class=\"translate_block\" style=\"display: none;\">\n<a class=\"translate_translate\" id=\"translate_button_post-5786\" lang=\"en\" xml:lang=\"en\" href=\"javascript:show_translate_popup('en', 'post', 5786);\">[Translate]<\/a><img src=\"https:\/\/marisaono.com\/delicia\/wp-content\/plugins\/google-ajax-translation\/transparent.gif\" id=\"translate_loading_post-5786\" class=\"translate_loading\" style=\"display: none;\" width=\"16\" height=\"16\" alt=\"\" \/>\n<hr class=\"translate_hr\" \/>\n<\/div>\n<div id=\"content_div-5786\">\n<p>Ele tamb\u00e9m est\u00e1 l\u00e1. E l\u00e1 coloco umas coisas que n\u00e3o cabem no blog. Afinal, \u00e9 outro meio, outra maneira de publicar e mais f\u00e1cil para fazer coment\u00e1rios.<\/p>\n<p><a href=\"https:\/\/www.facebook.com\/pages\/Blog-Delicia\/311021185608224\" target=\"_blank\">https:\/\/www.facebook.com\/pages\/Blog-Delicia\/311021185608224<\/a><\/p>\n<p>E a minha p\u00e1gina pessoal \u00e9:<\/p>\n<p><a href=\"https:\/\/www.facebook.com\/marisa.ono.9\" target=\"_blank\">https:\/\/www.facebook.com\/marisa.ono.9<\/a><\/p>\n<p>Mas j\u00e1 aviso, n\u00e3o se assustem. Aquilo l\u00e1, para mim, \u00e9 entretenimento.<\/p>\n<p>&nbsp;<\/p>\n<a href=\"https:\/\/www.freetellafriend.com\/tell\/?url=https%3A%2F%2Fmarisaono.com%2Fdelicia%2F2013%2F03%2F01%2Fo-blog-no-facebook%2F&title=O+Blog+no+Facebook\" onclick=\"window.open('https:\/\/www.freetellafriend.com\/tell\/?url=https%3A%2F%2Fmarisaono.com%2Fdelicia%2F2013%2F03%2F01%2Fo-blog-no-facebook%2F&title=O+Blog+no+Facebook', 'freetellafriend', 'scrollbars=1,menubar=0,width=617,height=530,resizable=1,toolbar=0,location=0,status=0,screenX=210,screenY=100,left=210,top=100'); return false;\" target=\"_blank\" title=\"Share This Post\"><img decoding=\"async\" src=\"http:\/\/marisaono.com\/delicia\/wp-content\/plugins\/tell-a-friend\/button.gif\" style=\"width:127px;height:16px;border:0px;\" alt=\"Share This Post\" title=\"Share This Post\" \/><\/a><\/div>\n","protected":false},"excerpt":{"rendered":"<p>[Translate] Ele tamb\u00e9m est\u00e1 l\u00e1. E l\u00e1 coloco umas coisas que n\u00e3o cabem no blog. Afinal, \u00e9 outro meio, outra maneira de publicar e mais f\u00e1cil para fazer coment\u00e1rios. https:\/\/www.facebook.com\/pages\/Blog-Delicia\/311021185608224 E a minha p\u00e1gina pessoal \u00e9: https:\/\/www.facebook.com\/marisa.ono.9 Mas j\u00e1 aviso, &hellip; <a href=\"https:\/\/marisaono.com\/delicia\/2013\/03\/01\/o-blog-no-facebook\/\">Continuar a ler <span class=\"meta-nav\">&rarr;<\/span><\/a><\/p>\n","protected":false},"author":1,"featured_media":0,"comment_status":"open","ping_status":"open","sticky":false,"template":"","format":"standard","meta":{"spay_email":"","footnotes":"","jetpack_publicize_message":"","jetpack_is_tweetstorm":false},"categories":[1],"tags":[],"jetpack_featured_media_url":"","jetpack_publicize_connections":[],"jetpack_sharing_enabled":true,"jetpack_shortlink":"https:\/\/wp.me\/pccs7-1vk","jetpack-related-posts":[{"id":6529,"url":"https:\/\/marisaono.com\/delicia\/2013\/09\/18\/produtos-japoneses-no-alimentaria\/","url_meta":{"origin":5786,"position":0},"title":"Produtos Japoneses no Alimentaria","date":"Setembro 18, 2013","format":false,"excerpt":"A vantagem de ir a uma feira de produtos \u00e9 ter contato com coisas novas e obter mais informa\u00e7\u00f5es. A Jetro (Japan External Trade Organization) e a MAFF (Ministery of Agriculture, Forestry and Fisheries) montaram stands para divulgar produtos e a gastronomia japonesa. Uma das coisas curiosas que vi l\u00e1\u2026","rel":"","context":"In &quot;Culin\u00e1ria japonesa&quot;","img":{"alt_text":"","src":"https:\/\/i0.wp.com\/marisaono.com\/delicia\/wp-content\/uploads\/IMG_3069.jpg?resize=350%2C200&ssl=1","width":350,"height":200},"classes":[]},{"id":6519,"url":"https:\/\/marisaono.com\/delicia\/2013\/09\/13\/shopping-da-roca-eu-indico\/","url_meta":{"origin":5786,"position":1},"title":"Shopping da Ro\u00e7a - Eu Indico","date":"Setembro 13, 2013","format":false,"excerpt":"\u00c9, apesar dessa cara, gosto de massas italianas. E como quase todo mundo da minha gera\u00e7\u00e3o, tamb\u00e9m gosto de sandu\u00edches e hamburguer. Ali\u00e1s, eu n\u00e3o como comida japonesa todos os dias, n\u00e3o. Tenho meus dias de feijoada, de angu e at\u00e9 mesmo dia de almo\u00e7ar pastel. O Edson me passou\u2026","rel":"","context":"In &quot;Compras&quot;","img":{"alt_text":"","src":"https:\/\/i0.wp.com\/marisaono.com\/delicia\/wp-content\/uploads\/IMG_3009.jpg?resize=350%2C200&ssl=1","width":350,"height":200},"classes":[]},{"id":4676,"url":"https:\/\/marisaono.com\/delicia\/2012\/03\/04\/emiliano-market-day-2%c2%aa-edicao\/","url_meta":{"origin":5786,"position":2},"title":"Emiliano Market Day 2\u00aa Edi\u00e7\u00e3o","date":"Mar\u00e7o 4, 2012","format":false,"excerpt":"Hoje o tempo estava agrad\u00e1vel para uma feira. E foi com esse clima que aconteceu o segundo Emiliano Market Day. A inten\u00e7\u00e3o foi a de apresentar ao p\u00fablico em geral os produtos que fazem os pratos do restaurante do Hotel Emiliano. Os visitantes puderam ter informa\u00e7\u00f5es sobre origem de produtos,\u2026","rel":"","context":"In &quot;Lugares&quot;","img":{"alt_text":"","src":"https:\/\/i1.wp.com\/marisaono.com\/delicia\/wp-content\/uploads\/CIMG0894.jpg?resize=350%2C200&ssl=1","width":350,"height":200},"classes":[]},{"id":6009,"url":"https:\/\/marisaono.com\/delicia\/2013\/05\/06\/7o-paladar-cozinha-do-brasil\/","url_meta":{"origin":5786,"position":3},"title":"7\u00ba Paladar - Cozinha do Brasil","date":"Maio 6, 2013","format":false,"excerpt":"Em primeiro lugar, preciso agradecer ao jornal O Estado de S\u00e3o Paulo, \u00e0 reda\u00e7\u00e3o do Paladar e \u00e0 Lucia Faria Assessoria em Comunica\u00e7\u00e3o que possibilitaram que eu pudesse assistir a v\u00e1rias aulas nesse grande evento da gastronomia brasileira. Este ano n\u00e3o vou publicar muitas fotos aqui no blog. Quem quiser\u2026","rel":"","context":"In &quot;cotidiano&quot;","img":{"alt_text":"","src":"https:\/\/i1.wp.com\/marisaono.com\/delicia\/wp-content\/uploads\/IMG_2129.jpg?resize=350%2C200&ssl=1","width":350,"height":200},"classes":[]},{"id":6448,"url":"https:\/\/marisaono.com\/delicia\/2013\/08\/27\/festival-do-lamen-sukiyaki-do-bem\/","url_meta":{"origin":5786,"position":4},"title":"Festival do Lamen, Sukiyaki do Bem","date":"Agosto 27, 2013","format":false,"excerpt":"A Associa\u00e7\u00e3o da prov\u00edncia de Hokkaido promove neste domingo o 17\u00b0 Festival do L\u00e1men, a partir das 11 horas. Tamb\u00e9m ser\u00e3o comercializados ichigo-daifuku, anmitsu, okowa de hijiki (uma alga que dizer que \u00e9 rica em ferro) e churrasco. N\u00e3o sabia da exist\u00eancia mas me garantiram que \u00e9 bem concorrido. Fica\u2026","rel":"","context":"In &quot;Culin\u00e1ria japonesa&quot;","img":{"alt_text":"","src":"https:\/\/i2.wp.com\/marisaono.com\/delicia\/wp-content\/uploads\/festival-do-lamen.jpg?resize=350%2C200&ssl=1","width":350,"height":200},"classes":[]},{"id":7597,"url":"https:\/\/marisaono.com\/delicia\/2014\/07\/04\/agenda-de-cursos\/","url_meta":{"origin":5786,"position":5},"title":"Agenda de Cursos","date":"Julho 4, 2014","format":false,"excerpt":"Que tal aprender a fazer p\u00e3o com fermento natural? E aprender a fazer um p\u00e3o de qualidade mesmo no forno dom\u00e9stico? S\u00e3o dois dias (19 e a0\/07), num total de 10 horas. Curso B\u00e1sico de P\u00e3es Artesanais (clique na foto para v\u00ea-la na vers\u00e3o ampliada): \u00a0 Mais informa\u00e7\u00f5es na p\u00e1gina\u2026","rel":"","context":"In &quot;dicas&quot;","img":{"alt_text":"","src":"https:\/\/i0.wp.com\/marisaono.com\/delicia\/wp-content\/uploads\/curso-basico-paes-artesanais.jpg?resize=350%2C200&ssl=1","width":350,"height":200},"classes":[]}],"_links":{"self":[{"href":"https:\/\/marisaono.com\/delicia\/wp-json\/wp\/v2\/posts\/5786"}],"collection":[{"href":"https:\/\/marisaono.com\/delicia\/wp-json\/wp\/v2\/posts"}],"about":[{"href":"https:\/\/marisaono.com\/delicia\/wp-json\/wp\/v2\/types\/post"}],"author":[{"embeddable":true,"href":"https:\/\/marisaono.com\/delicia\/wp-json\/wp\/v2\/users\/1"}],"replies":[{"embeddable":true,"href":"https:\/\/marisaono.com\/delicia\/wp-json\/wp\/v2\/comments?post=5786"}],"version-history":[{"count":3,"href":"https:\/\/marisaono.com\/delicia\/wp-json\/wp\/v2\/posts\/5786\/revisions"}],"predecessor-version":[{"id":5789,"href":"https:\/\/marisaono.com\/delicia\/wp-json\/wp\/v2\/posts\/5786\/revisions\/5789"}],"wp:attachment":[{"href":"https:\/\/marisaono.com\/delicia\/wp-json\/wp\/v2\/media?parent=5786"}],"wp:term":[{"taxonomy":"category","embeddable":true,"href":"https:\/\/marisaono.com\/delicia\/wp-json\/wp\/v2\/categories?post=5786"},{"taxonomy":"post_tag","embeddable":true,"href":"https:\/\/marisaono.com\/delicia\/wp-json\/wp\/v2\/tags?post=5786"}],"curies":[{"name":"wp","href":"https:\/\/api.w.org\/{rel}","templated":true}]}}