{"id":5836,"date":"2013-03-09T21:00:41","date_gmt":"2013-03-10T00:00:41","guid":{"rendered":"http:\/\/marisaono.com\/delicia\/?p=5836"},"modified":"2013-03-09T21:00:41","modified_gmt":"2013-03-10T00:00:41","slug":"as-empanadas-de-hugo-ibarzabal-que-a-neide-rigo-fez-e-que-viraram-pasteis-assados","status":"publish","type":"post","link":"https:\/\/marisaono.com\/delicia\/2013\/03\/09\/as-empanadas-de-hugo-ibarzabal-que-a-neide-rigo-fez-e-que-viraram-pasteis-assados\/","title":{"rendered":"As Empanadas de Hugo Ibarzabal Que A Neide Rigo Fez e Que Viraram Past\u00e9is Assados"},"content":{"rendered":"<div class=\"translate_block\" style=\"display: none;\">\n<a class=\"translate_translate\" id=\"translate_button_post-5836\" lang=\"en\" xml:lang=\"en\" href=\"javascript:show_translate_popup('en', 'post', 5836);\">[Translate]<\/a><img src=\"https:\/\/marisaono.com\/delicia\/wp-content\/plugins\/google-ajax-translation\/transparent.gif\" id=\"translate_loading_post-5836\" class=\"translate_loading\" style=\"display: none;\" width=\"16\" height=\"16\" alt=\"\" \/>\n<hr class=\"translate_hr\" \/>\n<\/div>\n<div id=\"content_div-5836\">\n<p><a href=\"http:\/\/marisaono.com\/delicia\/wp-content\/uploads\/IMG_1897.jpg\"><img loading=\"lazy\" decoding=\"async\" class=\"alignnone size-full wp-image-5837\" title=\"IMG_1897\" src=\"http:\/\/marisaono.com\/delicia\/wp-content\/uploads\/IMG_1897.jpg\" alt=\"\" width=\"360\" height=\"480\" srcset=\"https:\/\/marisaono.com\/delicia\/wp-content\/uploads\/IMG_1897.jpg 360w, https:\/\/marisaono.com\/delicia\/wp-content\/uploads\/IMG_1897-203x270.jpg 203w, https:\/\/marisaono.com\/delicia\/wp-content\/uploads\/IMG_1897-113x150.jpg 113w\" sizes=\"(max-width: 360px) 100vw, 360px\" \/><\/a><\/p>\n<p>Eu pensei que j\u00e1 tinha feito essa receita. Talvez tenha feito mas n\u00e3o publicado o resultado. Enfim, fiz.<\/p>\n<p>A receita eu peguei no blog da Neide Rigo, aqui:<\/p>\n<p><a href=\"http:\/\/come-se.blogspot.com.br\/2010\/02\/empanadas-de-carne-receita-do-hugo.html\" target=\"_blank\">http:\/\/come-se.blogspot.com.br\/2010\/02\/empanadas-de-carne-receita-do-hugo.html<\/a><\/p>\n<p>S\u00f3 que fiz s\u00f3 meia receita. As \u00fanicas altera\u00e7\u00f5es que fiz na massa foram as seguintes:<\/p>\n<p>Usei quase 1 x\u00edcara de \u00e1gua quente (n\u00e3o fervente, nem morna; dava para colocar o dedo dentro dela sem queimar, mas s\u00f3 por uns instantes).<\/p>\n<p><a href=\"http:\/\/marisaono.com\/delicia\/wp-content\/uploads\/IMG_1896.jpg\"><img loading=\"lazy\" decoding=\"async\" class=\"alignnone size-full wp-image-5838\" title=\"IMG_1896\" src=\"http:\/\/marisaono.com\/delicia\/wp-content\/uploads\/IMG_1896.jpg\" alt=\"\" width=\"480\" height=\"360\" srcset=\"https:\/\/marisaono.com\/delicia\/wp-content\/uploads\/IMG_1896.jpg 480w, https:\/\/marisaono.com\/delicia\/wp-content\/uploads\/IMG_1896-360x270.jpg 360w, https:\/\/marisaono.com\/delicia\/wp-content\/uploads\/IMG_1896-150x112.jpg 150w, https:\/\/marisaono.com\/delicia\/wp-content\/uploads\/IMG_1896-400x300.jpg 400w\" sizes=\"(max-width: 480px) 100vw, 480px\" \/><\/a><\/p>\n<p>Outra altera\u00e7\u00e3o que justifica o t\u00edtulo deste post \u00e9 o recheio: usei escarola e lingui\u00e7a. A escarola foi rapidamente aferventada, escorrida e passada na \u00e1gua fria, para depois ser bem espremida. A lingui\u00e7a teve a pele retirada, refogada at\u00e9 ficar bem cozida e recebeu a escarola. Sal, s\u00f3 o necess\u00e1rio.<\/p>\n<p><a href=\"http:\/\/marisaono.com\/delicia\/wp-content\/uploads\/IMG_19011.jpg\"><img loading=\"lazy\" decoding=\"async\" class=\"alignnone size-full wp-image-5841\" title=\"IMG_1901\" src=\"http:\/\/marisaono.com\/delicia\/wp-content\/uploads\/IMG_19011.jpg\" alt=\"\" width=\"480\" height=\"360\" srcset=\"https:\/\/marisaono.com\/delicia\/wp-content\/uploads\/IMG_19011.jpg 480w, https:\/\/marisaono.com\/delicia\/wp-content\/uploads\/IMG_19011-360x270.jpg 360w, https:\/\/marisaono.com\/delicia\/wp-content\/uploads\/IMG_19011-150x112.jpg 150w, https:\/\/marisaono.com\/delicia\/wp-content\/uploads\/IMG_19011-400x300.jpg 400w\" sizes=\"(max-width: 480px) 100vw, 480px\" \/><\/a><\/p>\n<p>Como n\u00e3o sei se existe empanada de escarola com lingui\u00e7a e n\u00e3o quero causar pol\u00eamica, chamo de pastel assado. Ali\u00e1s, os past\u00e9is ficaram \u00f3timos. Quando quentes, a parte externa ficou levemente crocante. Depois de frias, ficaram macias e continuaram boas para se comer.<\/p>\n<p>&nbsp;<\/p>\n<a href=\"https:\/\/www.freetellafriend.com\/tell\/?url=https%3A%2F%2Fmarisaono.com%2Fdelicia%2F2013%2F03%2F09%2Fas-empanadas-de-hugo-ibarzabal-que-a-neide-rigo-fez-e-que-viraram-pasteis-assados%2F&title=As+Empanadas+de+Hugo+Ibarzabal+Que+A+Neide+Rigo+Fez+e+Que+Viraram+Past%C3%A9is+Assados\" onclick=\"window.open('https:\/\/www.freetellafriend.com\/tell\/?url=https%3A%2F%2Fmarisaono.com%2Fdelicia%2F2013%2F03%2F09%2Fas-empanadas-de-hugo-ibarzabal-que-a-neide-rigo-fez-e-que-viraram-pasteis-assados%2F&title=As+Empanadas+de+Hugo+Ibarzabal+Que+A+Neide+Rigo+Fez+e+Que+Viraram+Past%C3%A9is+Assados', 'freetellafriend', 'scrollbars=1,menubar=0,width=617,height=530,resizable=1,toolbar=0,location=0,status=0,screenX=210,screenY=100,left=210,top=100'); return false;\" target=\"_blank\" title=\"Share This Post\"><img decoding=\"async\" src=\"http:\/\/marisaono.com\/delicia\/wp-content\/plugins\/tell-a-friend\/button.gif\" style=\"width:127px;height:16px;border:0px;\" alt=\"Share This Post\" title=\"Share This Post\" \/><\/a><\/div>\n","protected":false},"excerpt":{"rendered":"<p>[Translate] Eu pensei que j\u00e1 tinha feito essa receita. Talvez tenha feito mas n\u00e3o publicado o resultado. Enfim, fiz. A receita eu peguei no blog da Neide Rigo, aqui: http:\/\/come-se.blogspot.com.br\/2010\/02\/empanadas-de-carne-receita-do-hugo.html S\u00f3 que fiz s\u00f3 meia receita. As \u00fanicas altera\u00e7\u00f5es que &hellip; <a href=\"https:\/\/marisaono.com\/delicia\/2013\/03\/09\/as-empanadas-de-hugo-ibarzabal-que-a-neide-rigo-fez-e-que-viraram-pasteis-assados\/\">Continuar a ler <span class=\"meta-nav\">&rarr;<\/span><\/a><\/p>\n","protected":false},"author":1,"featured_media":5837,"comment_status":"open","ping_status":"open","sticky":false,"template":"","format":"standard","meta":{"spay_email":"","footnotes":"","jetpack_publicize_message":"","jetpack_is_tweetstorm":false},"categories":[20,24,26,256],"tags":[272,73,85],"jetpack_featured_media_url":"https:\/\/marisaono.com\/delicia\/wp-content\/uploads\/IMG_1897.jpg","jetpack_publicize_connections":[],"jetpack_sharing_enabled":true,"jetpack_shortlink":"https:\/\/wp.me\/pccs7-1w8","jetpack-related-posts":[{"id":5582,"url":"https:\/\/marisaono.com\/delicia\/2012\/12\/22\/cuca-da-neide-rigo-ou-quase\/","url_meta":{"origin":5836,"position":0},"title":"Cuca da Neide Rigo. Ou Quase","date":"Dezembro 22, 2012","format":false,"excerpt":"\u00c9, nos \u00faltimos dias ando fazendo receitas dos outros. N\u00e3o que eu n\u00e3o goste da minha comida. Na verdade, acho at\u00e9 que gosto demais da minha comida. Mas tamb\u00e9m gosto de experimentar outros jeitos, outras comidas. Resolvi fazer as cucas por conta tamb\u00e9m do fato da bananeira daqui ter dado\u2026","rel":"","context":"In &quot;Doces&quot;","img":{"alt_text":"","src":"https:\/\/i2.wp.com\/marisaono.com\/delicia\/wp-content\/uploads\/IMG_1493.jpg?resize=350%2C200&ssl=1","width":350,"height":200},"classes":[]},{"id":2669,"url":"https:\/\/marisaono.com\/delicia\/2010\/08\/28\/kidoairaku\/","url_meta":{"origin":5836,"position":1},"title":"Kidoairaku","date":"Agosto 28, 2010","format":false,"excerpt":"Eu n\u00e3o sou a primeira a publicar a foto da parede com nome de pratos (que, ali\u00e1s, s\u00f3 s\u00e3o servidos no jantar), l\u00e1 do Kidoairaku. A minha preocupa\u00e7\u00e3o era almo\u00e7ar em um lugar que agradasse a mim, \u00e0 dona M, Neide Rigo e Ananda. Principalmente dona M, que volta e\u2026","rel":"","context":"In &quot;Culin\u00e1ria japonesa&quot;","img":{"alt_text":"","src":"https:\/\/i0.wp.com\/marisaono.com\/delicia\/wp-content\/uploads\/kido1.jpg?resize=350%2C200&ssl=1","width":350,"height":200},"classes":[]},{"id":5323,"url":"https:\/\/marisaono.com\/delicia\/2012\/10\/18\/croquete-de-okara-e-abobora\/","url_meta":{"origin":5836,"position":2},"title":"Croquete de Okara e Ab\u00f3bora","date":"Outubro 18, 2012","format":false,"excerpt":"Outro dia fiz croquetes de res\u00edduo de soja, batata e carne mo\u00edda. \u00a0Ficaram bons. Hoje improvisei, usando um resto de ab\u00f3bora cozida que refoguei com um pouco de alho, sal e pimenta-do-reino. Juntei res\u00edduo de soja at\u00e9 formar uma massa quase coesa, que mantivesse o formato quando enrolada. Como tinha\u2026","rel":"","context":"In &quot;acompanhamento&quot;","img":{"alt_text":"","src":"https:\/\/i0.wp.com\/marisaono.com\/delicia\/wp-content\/uploads\/IMG_0998.jpg?resize=350%2C200&ssl=1","width":350,"height":200},"classes":[]},{"id":304,"url":"https:\/\/marisaono.com\/delicia\/2008\/03\/18\/minchi-katsu-hamburguer-empanado\/","url_meta":{"origin":5836,"position":3},"title":"Minchi Katsu (Hamburguer Empanado)","date":"Mar\u00e7o 18, 2008","format":false,"excerpt":"Minchi Katsu \u00e9 um hamburguer empanado, feito com carne de porco. H\u00e1 quem use uma mistura de carne de porco e boi. Aparece nos card\u00e1pios de muitos restaurantes populares e \u00e9 muito simples de fazer. Existem v\u00e1rias receitas (algumas incluindo vegetais picados \u00e0 massa de carne, por exemplo) e creio\u2026","rel":"","context":"In &quot;carnes.&quot;","img":{"alt_text":"","src":"https:\/\/i1.wp.com\/marisaono.com\/delicia\/wp-content\/uploads\/2008\/03\/minchi-katsu.jpg?resize=350%2C200&ssl=1","width":350,"height":200},"classes":[]},{"id":389,"url":"https:\/\/marisaono.com\/delicia\/2008\/04\/27\/aneis-de-cebola-empanados-onion-rings\/","url_meta":{"origin":5836,"position":4},"title":"An\u00e9is de Cebola Empanados (Onion Rings)","date":"Abril 27, 2008","format":false,"excerpt":"Lembrei dessa receita depois que almocei em um restaurante e topei com esses an\u00e9is. No entanto, a massa deles era mais pesada e menos crocante. Na verdade, \u00e9 uma receita muito f\u00e1cil e diria, quase banal. A massa \u00e9 crocante e sem mant\u00e9m assim mesmo fria. Use uma panela funda\u2026","rel":"","context":"In &quot;acompanhamento&quot;","img":{"alt_text":"","src":"https:\/\/i1.wp.com\/marisaono.com\/delicia\/wp-content\/uploads\/2008\/04\/onion-rings.jpg?resize=350%2C200&ssl=1","width":350,"height":200},"classes":[]},{"id":8941,"url":"https:\/\/marisaono.com\/delicia\/2016\/04\/03\/fuba-de-canjica\/","url_meta":{"origin":5836,"position":5},"title":"Fub\u00e1 de Canjica","date":"Abril 3, 2016","format":false,"excerpt":"Outro dia ganhei dois pacotes de fub\u00e1 de canjica. H\u00e1 muito havia lido sobre ele no blog da Neide Rigo. J\u00e1 cheguei a encontrar um fub\u00e1 bem fino, que d\u00e1 para fazer um biscoito. Mas precisava ter na minha m\u00e3o um fub\u00e1 de canjica para saber o qu\u00e3o fino \u00e9\u2026","rel":"","context":"In &quot;curiosidades&quot;","img":{"alt_text":"IMG_0201","src":"https:\/\/i2.wp.com\/marisaono.com\/delicia\/wp-content\/uploads\/IMG_0201.jpg?resize=350%2C200","width":350,"height":200},"classes":[]}],"_links":{"self":[{"href":"https:\/\/marisaono.com\/delicia\/wp-json\/wp\/v2\/posts\/5836"}],"collection":[{"href":"https:\/\/marisaono.com\/delicia\/wp-json\/wp\/v2\/posts"}],"about":[{"href":"https:\/\/marisaono.com\/delicia\/wp-json\/wp\/v2\/types\/post"}],"author":[{"embeddable":true,"href":"https:\/\/marisaono.com\/delicia\/wp-json\/wp\/v2\/users\/1"}],"replies":[{"embeddable":true,"href":"https:\/\/marisaono.com\/delicia\/wp-json\/wp\/v2\/comments?post=5836"}],"version-history":[{"count":2,"href":"https:\/\/marisaono.com\/delicia\/wp-json\/wp\/v2\/posts\/5836\/revisions"}],"predecessor-version":[{"id":5843,"href":"https:\/\/marisaono.com\/delicia\/wp-json\/wp\/v2\/posts\/5836\/revisions\/5843"}],"wp:featuredmedia":[{"embeddable":true,"href":"https:\/\/marisaono.com\/delicia\/wp-json\/wp\/v2\/media\/5837"}],"wp:attachment":[{"href":"https:\/\/marisaono.com\/delicia\/wp-json\/wp\/v2\/media?parent=5836"}],"wp:term":[{"taxonomy":"category","embeddable":true,"href":"https:\/\/marisaono.com\/delicia\/wp-json\/wp\/v2\/categories?post=5836"},{"taxonomy":"post_tag","embeddable":true,"href":"https:\/\/marisaono.com\/delicia\/wp-json\/wp\/v2\/tags?post=5836"}],"curies":[{"name":"wp","href":"https:\/\/api.w.org\/{rel}","templated":true}]}}