{"id":6165,"date":"2013-06-20T23:33:37","date_gmt":"2013-06-21T02:33:37","guid":{"rendered":"http:\/\/marisaono.com\/delicia\/?p=6165"},"modified":"2013-06-21T23:13:36","modified_gmt":"2013-06-22T02:13:36","slug":"seminario-umami-e-o-segredo-da-culinaria-japonesa","status":"publish","type":"post","link":"https:\/\/marisaono.com\/delicia\/2013\/06\/20\/seminario-umami-e-o-segredo-da-culinaria-japonesa\/","title":{"rendered":"Semin\u00e1rio Umami e O Segredo da Culin\u00e1ria Japonesa"},"content":{"rendered":"<div class=\"translate_block\" style=\"display: none;\">\n<a class=\"translate_translate\" id=\"translate_button_post-6165\" lang=\"en\" xml:lang=\"en\" href=\"javascript:show_translate_popup('en', 'post', 6165);\">[Translate]<\/a><img src=\"https:\/\/marisaono.com\/delicia\/wp-content\/plugins\/google-ajax-translation\/transparent.gif\" id=\"translate_loading_post-6165\" class=\"translate_loading\" style=\"display: none;\" width=\"16\" height=\"16\" alt=\"\" \/>\n<hr class=\"translate_hr\" \/>\n<\/div>\n<div id=\"content_div-6165\">\n<p>Fui convidada para assistir ao semin\u00e1rio organizado pela JETRO (Japan External Trade Organization) sobre o umami e a culin\u00e1ria japonesa.<\/p>\n<p><a href=\"http:\/\/marisaono.com\/delicia\/wp-content\/uploads\/IMG_2478.jpg\"><img loading=\"lazy\" decoding=\"async\" class=\"alignnone size-full wp-image-6166\" title=\"Yasuhiro Ishida\" src=\"http:\/\/marisaono.com\/delicia\/wp-content\/uploads\/IMG_2478.jpg\" alt=\"\" width=\"360\" height=\"480\" srcset=\"https:\/\/marisaono.com\/delicia\/wp-content\/uploads\/IMG_2478.jpg 360w, https:\/\/marisaono.com\/delicia\/wp-content\/uploads\/IMG_2478-203x270.jpg 203w, https:\/\/marisaono.com\/delicia\/wp-content\/uploads\/IMG_2478-113x150.jpg 113w\" sizes=\"(max-width: 360px) 100vw, 360px\" \/><\/a><\/p>\n<p>O Presidente da Jetro, Yasuhiro Ishida lembrou que a cozinha japonesa tornou-se bem conhecida no mundo mas, apesar de ser bem disseminada em S\u00e3o Paulo, ainda tem muito espa\u00e7o para conquistar no resto do pa\u00eds. Convidou a todos para visitar o pavilh\u00e3o japon\u00eas na <a href=\"http:\/\/www.informagroup.com.br\/site\/hotsite.asp?IdEvento=181\" target=\"_blank\">Sial no Expo Center Norte, entre os dias 25 a 28 de junho<\/a>. Diversas empresas japonesas e importadoras ir\u00e3o estar l\u00e1 com novos produtos aliment\u00edcios. Recebi um cat\u00e1logo e j\u00e1 sei que vai vir muita coisa boa, como produtos \u00e0 base de sansho e yuzu.<\/p>\n<p><a href=\"http:\/\/marisaono.com\/delicia\/wp-content\/uploads\/IMG_2484.jpg\"><img loading=\"lazy\" decoding=\"async\" class=\"alignnone size-full wp-image-6167\" title=\"Priscila Andrade\" src=\"http:\/\/marisaono.com\/delicia\/wp-content\/uploads\/IMG_2484.jpg\" alt=\"\" width=\"360\" height=\"480\" srcset=\"https:\/\/marisaono.com\/delicia\/wp-content\/uploads\/IMG_2484.jpg 360w, https:\/\/marisaono.com\/delicia\/wp-content\/uploads\/IMG_2484-202x270.jpg 202w, https:\/\/marisaono.com\/delicia\/wp-content\/uploads\/IMG_2484-112x150.jpg 112w\" sizes=\"(max-width: 360px) 100vw, 360px\" \/><\/a><\/p>\n<p>Em seguida, Priscila Andrade do Comit\u00ea Umami explicou o que \u00e9 umami. Deixou claro a diferen\u00e7a entre gosto (doce, azedo, amargo, salgado e umami) e sabor (que envolve tamb\u00e9m o aroma, como o sabor distinto de uma fruta, por exemplo, que pode ter o gosto doce e azedo).<\/p>\n<p>Os pontos da explica\u00e7\u00e3o dada que mais chamaram a minha aten\u00e7\u00e3o:<\/p>\n<p>&#8211; Foram identificados os receptores do gosto umami. Ou seja, umami n\u00e3o \u00e9 um conceito, \u00e9 uma coisa que pode ser registrada.<\/p>\n<p>&#8211; Adi\u00e7\u00e3o de glutamato aumenta a aceita\u00e7\u00e3o de um alimento mesmo que ele tenha teor reduzido de sal. Ou seja, para quem segue uma dieta com redu\u00e7\u00e3o de s\u00f3dio, \u00e9 uma op\u00e7\u00e3o acrescentar uma pequena quantidade de glutamato para melhorar o gosto.<\/p>\n<p>&#8211; Nosso organismo sintetiza glutamato. Sim, ele est\u00e1 em nossos m\u00fasculos, sangue, f\u00edgado, rins. Gostaria de saber melhor qual a fun\u00e7\u00e3o desse amino\u00e1cido. \u00c9 algo para se ler.<\/p>\n<p>&#8211; O glutamato faz salivar mais e por mais tempo que um alimento \u00e1cido. Isso \u00e9 um ponto positivo para idosos e pacientes submetidos a quimioterapia, que t\u00eam a produ\u00e7\u00e3o de saliva comprometida. Ela tem fun\u00e7\u00e3o na percep\u00e7\u00e3o de sabores e tamb\u00e9m contem enzimas respons\u00e1veis pela digest\u00e3o do amido, por exemplo. Ou seja, nesses casos (testados), houve uma aceita\u00e7\u00e3o maior do alimento, com uma melhora nutricional e menor ressecamento da mucosa bucal.<\/p>\n<p>&#8211; O leite materno contem uma quantidade grande de glutamato.<\/p>\n<p>&#8211; E, por fim, ela soterrou de vez com as diferen\u00e7as entre glutamato natural dos alimentos do glutamato monoss\u00f3dico. O s\u00f3dio dissocia-se em contato com a \u00e1gua ou saliva.<\/p>\n<p>E quem quiser saber mais sobre o assunto, pode inscrever-se no simp\u00f3sio sobre o glutamato do dia 14\/08. Mais informa\u00e7\u00f5es aqui:<\/p>\n<p><a href=\"http:\/\/www.portalumami.com.br\/2013\/06\/simposio-umami-e-as-novas-descobertas-sobre-o-glutamato-monossodico\/\">http:\/\/www.portalumami.com.br\/2013\/06\/simposio-umami-e-as-novas-descobertas-sobre-o-glutamato-monossodico\/<\/a><\/p>\n<p><a href=\"http:\/\/marisaono.com\/delicia\/wp-content\/uploads\/IMG_2493.jpg\"><img loading=\"lazy\" decoding=\"async\" class=\"alignnone size-full wp-image-6168\" title=\"Shinya Koike\" src=\"http:\/\/marisaono.com\/delicia\/wp-content\/uploads\/IMG_2493.jpg\" alt=\"\" width=\"360\" height=\"480\" srcset=\"https:\/\/marisaono.com\/delicia\/wp-content\/uploads\/IMG_2493.jpg 360w, https:\/\/marisaono.com\/delicia\/wp-content\/uploads\/IMG_2493-202x270.jpg 202w, https:\/\/marisaono.com\/delicia\/wp-content\/uploads\/IMG_2493-112x150.jpg 112w\" sizes=\"(max-width: 360px) 100vw, 360px\" \/><\/a><\/p>\n<p>O chef Shinya Koike falou do dashi e da fun\u00e7\u00e3o dele na cozinha japonesa. \u00c9 um preparado essencial, que pode ser feito tanto de alga kombu (que \u00e9 a mais utilizada), bonito seco (katsuobushi), cogumelo shiitake ou carnes. Lembrou que tem a mesma fun\u00e7\u00e3o dos fonds e\u00a0bouillons da cozinha francesa: v\u00e3o em quase tudo e real\u00e7am o sabor do pr\u00f3prio alimento.<\/p>\n<p><a href=\"http:\/\/marisaono.com\/delicia\/wp-content\/uploads\/IMG_2496.jpg\"><img loading=\"lazy\" decoding=\"async\" class=\"alignnone size-full wp-image-6169\" title=\"IMG_2496\" src=\"http:\/\/marisaono.com\/delicia\/wp-content\/uploads\/IMG_2496.jpg\" alt=\"\" width=\"480\" height=\"360\" srcset=\"https:\/\/marisaono.com\/delicia\/wp-content\/uploads\/IMG_2496.jpg 480w, https:\/\/marisaono.com\/delicia\/wp-content\/uploads\/IMG_2496-360x270.jpg 360w, https:\/\/marisaono.com\/delicia\/wp-content\/uploads\/IMG_2496-150x112.jpg 150w, https:\/\/marisaono.com\/delicia\/wp-content\/uploads\/IMG_2496-400x300.jpg 400w\" sizes=\"(max-width: 480px) 100vw, 480px\" \/><\/a><\/p>\n<p>Ele apresentou um robalo kombujime. \u00c9 uma t\u00e9cnica de matura\u00e7\u00e3o de peixe cru, que ainda n\u00e3o comentei aqui no blog. Ele foi fatiado e salgado (cerca de 6% do peso do peixe). O sal ir\u00e1 desidratar levemente o peixe, alterando a textura e essa \u00e1gua que sai, carrega para fora da carne cheiros desagrad\u00e1veis.<\/p>\n<p><a href=\"http:\/\/marisaono.com\/delicia\/wp-content\/uploads\/IMG_2500.jpg\"><img loading=\"lazy\" decoding=\"async\" class=\"alignnone size-full wp-image-6170\" title=\"IMG_2500\" src=\"http:\/\/marisaono.com\/delicia\/wp-content\/uploads\/IMG_2500.jpg\" alt=\"\" width=\"480\" height=\"360\" srcset=\"https:\/\/marisaono.com\/delicia\/wp-content\/uploads\/IMG_2500.jpg 480w, https:\/\/marisaono.com\/delicia\/wp-content\/uploads\/IMG_2500-360x270.jpg 360w, https:\/\/marisaono.com\/delicia\/wp-content\/uploads\/IMG_2500-150x112.jpg 150w, https:\/\/marisaono.com\/delicia\/wp-content\/uploads\/IMG_2500-400x300.jpg 400w\" sizes=\"(max-width: 480px) 100vw, 480px\" \/><\/a><\/p>\n<p>Depois o peixe \u00e9 disposto entre folhas de alga kombu que foram hidratadas em sake.<\/p>\n<p><a href=\"http:\/\/marisaono.com\/delicia\/wp-content\/uploads\/IMG_2502.jpg\"><img loading=\"lazy\" decoding=\"async\" class=\"alignnone size-full wp-image-6171\" title=\"IMG_2502\" src=\"http:\/\/marisaono.com\/delicia\/wp-content\/uploads\/IMG_2502.jpg\" alt=\"\" width=\"480\" height=\"360\" srcset=\"https:\/\/marisaono.com\/delicia\/wp-content\/uploads\/IMG_2502.jpg 480w, https:\/\/marisaono.com\/delicia\/wp-content\/uploads\/IMG_2502-360x270.jpg 360w, https:\/\/marisaono.com\/delicia\/wp-content\/uploads\/IMG_2502-150x112.jpg 150w, https:\/\/marisaono.com\/delicia\/wp-content\/uploads\/IMG_2502-400x300.jpg 400w\" sizes=\"(max-width: 480px) 100vw, 480px\" \/><\/a><\/p>\n<p>Depois \u00e9 deixada prensada, por pelo menos 45 minutos, embora ele recomende bem mais tempo (at\u00e9 6 horas), na geladeira.<\/p>\n<p><a href=\"http:\/\/marisaono.com\/delicia\/wp-content\/uploads\/IMG_2503.jpg\"><img loading=\"lazy\" decoding=\"async\" class=\"alignnone size-full wp-image-6172\" title=\"IMG_2503\" src=\"http:\/\/marisaono.com\/delicia\/wp-content\/uploads\/IMG_2503.jpg\" alt=\"\" width=\"480\" height=\"360\" srcset=\"https:\/\/marisaono.com\/delicia\/wp-content\/uploads\/IMG_2503.jpg 480w, https:\/\/marisaono.com\/delicia\/wp-content\/uploads\/IMG_2503-360x270.jpg 360w, https:\/\/marisaono.com\/delicia\/wp-content\/uploads\/IMG_2503-150x112.jpg 150w, https:\/\/marisaono.com\/delicia\/wp-content\/uploads\/IMG_2503-400x300.jpg 400w\" sizes=\"(max-width: 480px) 100vw, 480px\" \/><\/a><\/p>\n<p>Na montagem do prato, ele sugeriu nabo, rabanete ou pepino e um molho \u00e0 base de dashi (60 ml), shoyu (30 ml), suco de lim\u00e3o tahiti, siciliano e de laranja , al\u00e9m de um pouco de pasta de umeboshi (ameixa azeda em conserva).<\/p>\n<p><a href=\"http:\/\/marisaono.com\/delicia\/wp-content\/uploads\/IMG_25171.jpg\"><img loading=\"lazy\" decoding=\"async\" class=\"alignnone size-full wp-image-6174\" title=\"IMG_2517\" src=\"http:\/\/marisaono.com\/delicia\/wp-content\/uploads\/IMG_25171.jpg\" alt=\"\" width=\"480\" height=\"360\" srcset=\"https:\/\/marisaono.com\/delicia\/wp-content\/uploads\/IMG_25171.jpg 480w, https:\/\/marisaono.com\/delicia\/wp-content\/uploads\/IMG_25171-360x270.jpg 360w, https:\/\/marisaono.com\/delicia\/wp-content\/uploads\/IMG_25171-150x112.jpg 150w, https:\/\/marisaono.com\/delicia\/wp-content\/uploads\/IMG_25171-400x300.jpg 400w\" sizes=\"(max-width: 480px) 100vw, 480px\" \/><\/a><\/p>\n<p>O prato pronto ficou assim. O peixe ficou com uma consist\u00eancia bem mais firme e com aquele algo a mais que \u00e9 o umami da alga.<\/p>\n<p><a href=\"http:\/\/marisaono.com\/delicia\/wp-content\/uploads\/IMG_2511.jpg\"><img loading=\"lazy\" decoding=\"async\" class=\"alignnone size-full wp-image-6175\" title=\"IMG_2511\" src=\"http:\/\/marisaono.com\/delicia\/wp-content\/uploads\/IMG_2511.jpg\" alt=\"\" width=\"480\" height=\"360\" srcset=\"https:\/\/marisaono.com\/delicia\/wp-content\/uploads\/IMG_2511.jpg 480w, https:\/\/marisaono.com\/delicia\/wp-content\/uploads\/IMG_2511-360x270.jpg 360w, https:\/\/marisaono.com\/delicia\/wp-content\/uploads\/IMG_2511-150x112.jpg 150w, https:\/\/marisaono.com\/delicia\/wp-content\/uploads\/IMG_2511-400x300.jpg 400w\" sizes=\"(max-width: 480px) 100vw, 480px\" \/><\/a><\/p>\n<p>No coquetel a seguir, pratos com combina\u00e7\u00f5es de alimentos ricos em umami, como atum temperado com dashi e shoyu.<\/p>\n<p><a href=\"http:\/\/marisaono.com\/delicia\/wp-content\/uploads\/IMG_2512.jpg\"><img loading=\"lazy\" decoding=\"async\" class=\"alignnone size-full wp-image-6176\" title=\"IMG_2512\" src=\"http:\/\/marisaono.com\/delicia\/wp-content\/uploads\/IMG_2512.jpg\" alt=\"\" width=\"480\" height=\"360\" srcset=\"https:\/\/marisaono.com\/delicia\/wp-content\/uploads\/IMG_2512.jpg 480w, https:\/\/marisaono.com\/delicia\/wp-content\/uploads\/IMG_2512-360x270.jpg 360w, https:\/\/marisaono.com\/delicia\/wp-content\/uploads\/IMG_2512-150x112.jpg 150w, https:\/\/marisaono.com\/delicia\/wp-content\/uploads\/IMG_2512-400x300.jpg 400w\" sizes=\"(max-width: 480px) 100vw, 480px\" \/><\/a><\/p>\n<p>Cogumelos com carne s\u00e3o muito saborosos, assim como tomate com kamaboko (nunca pensei numa combina\u00e7\u00e3o assim). E o velho conhecido dos descendentes, o cozido de vegetais (no caso, kabocha, raiz de l\u00f3tus, bardana e inhame) seria bem sem-gra\u00e7a sem o uso do dashi.<\/p>\n<p>Por fim, a explora\u00e7\u00e3o do umami como recurso culin\u00e1rio n\u00e3o \u00e9 exclusividade da cozinha japonesa. Existem diversos alimentos ricos em glutamato em quase todo o planeta, como queijos (sobretudo os fermentados), anchovas, presunto cru, tomate, cogumelos, na pasta vegemite, carnes em geral e sobretudo carnes maturadas. A diferen\u00e7a \u00e9 que n\u00e3o pensamos porque colocamos aquela por\u00e7\u00e3o de queijo parmes\u00e3o em cima da macarronada.<\/p>\n<p>&nbsp;<\/p>\n<p>&nbsp;<\/p>\n<p>&nbsp;<\/p>\n<p>&nbsp;<\/p>\n<a href=\"https:\/\/www.freetellafriend.com\/tell\/?url=https%3A%2F%2Fmarisaono.com%2Fdelicia%2F2013%2F06%2F20%2Fseminario-umami-e-o-segredo-da-culinaria-japonesa%2F&title=Semin%C3%A1rio+Umami+e+O+Segredo+da+Culin%C3%A1ria+Japonesa\" onclick=\"window.open('https:\/\/www.freetellafriend.com\/tell\/?url=https%3A%2F%2Fmarisaono.com%2Fdelicia%2F2013%2F06%2F20%2Fseminario-umami-e-o-segredo-da-culinaria-japonesa%2F&title=Semin%C3%A1rio+Umami+e+O+Segredo+da+Culin%C3%A1ria+Japonesa', 'freetellafriend', 'scrollbars=1,menubar=0,width=617,height=530,resizable=1,toolbar=0,location=0,status=0,screenX=210,screenY=100,left=210,top=100'); return false;\" target=\"_blank\" title=\"Share This Post\"><img decoding=\"async\" src=\"http:\/\/marisaono.com\/delicia\/wp-content\/plugins\/tell-a-friend\/button.gif\" style=\"width:127px;height:16px;border:0px;\" alt=\"Share This Post\" title=\"Share This Post\" \/><\/a><\/div>\n","protected":false},"excerpt":{"rendered":"<p>[Translate] Fui convidada para assistir ao semin\u00e1rio organizado pela JETRO (Japan External Trade Organization) sobre o umami e a culin\u00e1ria japonesa. O Presidente da Jetro, Yasuhiro Ishida lembrou que a cozinha japonesa tornou-se bem conhecida no mundo mas, apesar de &hellip; <a href=\"https:\/\/marisaono.com\/delicia\/2013\/06\/20\/seminario-umami-e-o-segredo-da-culinaria-japonesa\/\">Continuar a ler <span class=\"meta-nav\">&rarr;<\/span><\/a><\/p>\n","protected":false},"author":1,"featured_media":6166,"comment_status":"open","ping_status":"open","sticky":false,"template":"","format":"standard","meta":{"spay_email":"","footnotes":"","jetpack_publicize_message":"","jetpack_is_tweetstorm":false},"categories":[15,34],"tags":[],"jetpack_featured_media_url":"https:\/\/marisaono.com\/delicia\/wp-content\/uploads\/IMG_2478.jpg","jetpack_publicize_connections":[],"jetpack_sharing_enabled":true,"jetpack_shortlink":"https:\/\/wp.me\/pccs7-1Br","jetpack-related-posts":[{"id":6523,"url":"https:\/\/marisaono.com\/delicia\/2013\/09\/15\/alimentaria-e-jetro\/","url_meta":{"origin":6165,"position":0},"title":"Alimentaria e Jetro","date":"Setembro 15, 2013","format":false,"excerpt":"A Jetro (Japan External Trade Organization) ter\u00e1 um pavilh\u00e3o na Alimentaria. O evento ocorre do dia 16 at\u00e9 o dia 19, no Pavilh\u00e3o Oeste \u2013 Parque Anhembi (Rua Olavo Fontoura, 1209, S\u00e3o Paulo, SP ), das 13 \u00e0s 21 horas. O Pavilh\u00e3o do Jap\u00e3o \u00a0ocupar\u00e1 o estande I550 entre as\u2026","rel":"","context":"In &quot;Lugares&quot;","img":{"alt_text":"","src":"","width":0,"height":0},"classes":[]},{"id":7376,"url":"https:\/\/marisaono.com\/delicia\/2014\/05\/06\/jetro-na-feira-apas\/","url_meta":{"origin":6165,"position":1},"title":"Jetro na Feira APAS","date":"Maio 6, 2014","format":false,"excerpt":"Est\u00e1 sendo realizada no Expo Center Norte a Feira da Associa\u00e7\u00e3o Paulista de Supermercados. \u00c9 a primeira vez que a Jetro participa. Como a culin\u00e1ria japonesa est\u00e1 se tornando mais conhecida, \u00e9 natural que alguns produtos sejam comercializados em lojas que n\u00e3o sejam mercearias orientais. As balinhas e chicletes j\u00e1\u2026","rel":"","context":"In &quot;produtos.&quot;","img":{"alt_text":"","src":"https:\/\/i0.wp.com\/marisaono.com\/delicia\/wp-content\/uploads\/IMG_4460.jpg?resize=350%2C200&ssl=1","width":350,"height":200},"classes":[]},{"id":7275,"url":"https:\/\/marisaono.com\/delicia\/2014\/04\/05\/washoku-patrimonio-imaterial-da-humanidade\/","url_meta":{"origin":6165,"position":2},"title":"Washoku: Patrim\u00f4nio Imaterial da Humanidade","date":"Abril 5, 2014","format":false,"excerpt":"H\u00e1 alguns meses a Unesco reconheceu a cozinha japonesa como Patrim\u00f4nio Imaterial da Humanidade. Deixei de comentar na \u00e9poca, por diversos motivos. Um deles \u00e9 que queria esperar a poeira abaixar. Ler o que foi escrito a respeito do assunto \u00e9 outro. E ter um tempo para pensar no assunto.\u2026","rel":"","context":"In &quot;Culin\u00e1ria japonesa&quot;","img":{"alt_text":"","src":"","width":0,"height":0},"classes":[]},{"id":6805,"url":"https:\/\/marisaono.com\/delicia\/2013\/11\/22\/cardapio-umami-no-sakagura-a1\/","url_meta":{"origin":6165,"position":3},"title":"Card\u00e1pio Umami do Sakagura A1","date":"Novembro 22, 2013","format":false,"excerpt":"Ontem estive no Sakagura A1 do chef Shinya Koike. Os pratos foram criados explorando gosto umami, combinando ingredientes ricos em glutamato,\u00a0inosinato e\u00a0guanilato, como peixe e algas, no ceviche \u00e0 japonesa com gelatina de peixe acima. Muito leve, levemente \u00e1cido e, em vez de molho, os peda\u00e7os de peixe s\u00e3o envoltos\u2026","rel":"","context":"In &quot;Culin\u00e1ria japonesa&quot;","img":{"alt_text":"","src":"https:\/\/i0.wp.com\/marisaono.com\/delicia\/wp-content\/uploads\/IMG_3664.jpg?resize=350%2C200&ssl=1","width":350,"height":200},"classes":[]},{"id":8185,"url":"https:\/\/marisaono.com\/delicia\/2015\/03\/09\/moromi-e-champonzu\/","url_meta":{"origin":6165,"position":4},"title":"Moromi e Champonzu","date":"Mar\u00e7o 9, 2015","format":false,"excerpt":"Creio que todo mundo conhece o shoyu mas ele s\u00f3 \u00e9 a parte l\u00edquida de uma mistura de soja, trigo, \u00e1gua e sal. A parte s\u00f3lida que sobra depois da filtragem \u00e9 o moromi que, creiam, \u00e9 saboroso. \u00c9 salgado, claro, mas o sabor \u00e9 mais intenso e rico em\u2026","rel":"","context":"In &quot;Culin\u00e1ria japonesa&quot;","img":{"alt_text":"","src":"https:\/\/i2.wp.com\/marisaono.com\/delicia\/wp-content\/uploads\/IMG_5495.jpg?resize=350%2C200&ssl=1","width":350,"height":200},"classes":[]},{"id":6529,"url":"https:\/\/marisaono.com\/delicia\/2013\/09\/18\/produtos-japoneses-no-alimentaria\/","url_meta":{"origin":6165,"position":5},"title":"Produtos Japoneses no Alimentaria","date":"Setembro 18, 2013","format":false,"excerpt":"A vantagem de ir a uma feira de produtos \u00e9 ter contato com coisas novas e obter mais informa\u00e7\u00f5es. A Jetro (Japan External Trade Organization) e a MAFF (Ministery of Agriculture, Forestry and Fisheries) montaram stands para divulgar produtos e a gastronomia japonesa. Uma das coisas curiosas que vi l\u00e1\u2026","rel":"","context":"In &quot;Culin\u00e1ria japonesa&quot;","img":{"alt_text":"","src":"https:\/\/i0.wp.com\/marisaono.com\/delicia\/wp-content\/uploads\/IMG_3069.jpg?resize=350%2C200&ssl=1","width":350,"height":200},"classes":[]}],"_links":{"self":[{"href":"https:\/\/marisaono.com\/delicia\/wp-json\/wp\/v2\/posts\/6165"}],"collection":[{"href":"https:\/\/marisaono.com\/delicia\/wp-json\/wp\/v2\/posts"}],"about":[{"href":"https:\/\/marisaono.com\/delicia\/wp-json\/wp\/v2\/types\/post"}],"author":[{"embeddable":true,"href":"https:\/\/marisaono.com\/delicia\/wp-json\/wp\/v2\/users\/1"}],"replies":[{"embeddable":true,"href":"https:\/\/marisaono.com\/delicia\/wp-json\/wp\/v2\/comments?post=6165"}],"version-history":[{"count":3,"href":"https:\/\/marisaono.com\/delicia\/wp-json\/wp\/v2\/posts\/6165\/revisions"}],"predecessor-version":[{"id":6179,"href":"https:\/\/marisaono.com\/delicia\/wp-json\/wp\/v2\/posts\/6165\/revisions\/6179"}],"wp:featuredmedia":[{"embeddable":true,"href":"https:\/\/marisaono.com\/delicia\/wp-json\/wp\/v2\/media\/6166"}],"wp:attachment":[{"href":"https:\/\/marisaono.com\/delicia\/wp-json\/wp\/v2\/media?parent=6165"}],"wp:term":[{"taxonomy":"category","embeddable":true,"href":"https:\/\/marisaono.com\/delicia\/wp-json\/wp\/v2\/categories?post=6165"},{"taxonomy":"post_tag","embeddable":true,"href":"https:\/\/marisaono.com\/delicia\/wp-json\/wp\/v2\/tags?post=6165"}],"curies":[{"name":"wp","href":"https:\/\/api.w.org\/{rel}","templated":true}]}}