{"id":6431,"date":"2013-08-22T22:24:44","date_gmt":"2013-08-23T01:24:44","guid":{"rendered":"http:\/\/marisaono.com\/delicia\/?p=6431"},"modified":"2013-08-22T22:24:44","modified_gmt":"2013-08-23T01:24:44","slug":"miso-no-folha-comida","status":"publish","type":"post","link":"https:\/\/marisaono.com\/delicia\/2013\/08\/22\/miso-no-folha-comida\/","title":{"rendered":"Miso No Folha Comida"},"content":{"rendered":"<div class=\"translate_block\" style=\"display: none;\">\n<a class=\"translate_translate\" id=\"translate_button_post-6431\" lang=\"en\" xml:lang=\"en\" href=\"javascript:show_translate_popup('en', 'post', 6431);\">[Translate]<\/a><img src=\"https:\/\/marisaono.com\/delicia\/wp-content\/plugins\/google-ajax-translation\/transparent.gif\" id=\"translate_loading_post-6431\" class=\"translate_loading\" style=\"display: none;\" width=\"16\" height=\"16\" alt=\"\" \/>\n<hr class=\"translate_hr\" \/>\n<\/div>\n<div id=\"content_div-6431\">\n<p>Quem leu a Folha ontem pode ver que o miso (ou miss\u00f4, como andam escrevendo por aqui) \u00e9 um ingrediente que est\u00e1 sendo explorado em pratos al\u00e9m da sopa.<\/p>\n<p>Para quem acompanha o blog nesse tempo todo, sabe que fazemos o nosso miso h\u00e1 anos.<\/p>\n<p>Por essa e por outra, a autora e o blog foram citados.<\/p>\n<p>E para quem quer provar diferentes tipos de miso, d\u00ea uma olhada nas prateleiras da loja Marukai. Passei l\u00e1, eles t\u00eam misos japoneses nas prateleiras e Hacho miso, feito s\u00f3 de soja, sem koji, na se\u00e7\u00e3o de produtos refrigerados, junto com o koji awase shoyu ou shoyu-koji, que comentei aqui:<\/p>\n<p><a href=\"http:\/\/marisaono.com\/delicia\/?p=5902\">http:\/\/marisaono.com\/delicia\/?p=5902<\/a><\/p>\n<p>A mat\u00e9ria da Folha est\u00e1 dispon\u00edvel online:<\/p>\n<p><a href=\"http:\/\/www1.folha.uol.com.br\/comida\/2013\/08\/1329120-de-potencial-pouco-explorado-misso-e-ingrediente-multiuso.shtml\">http:\/\/www1.folha.uol.com.br\/comida\/2013\/08\/1329120-de-potencial-pouco-explorado-misso-e-ingrediente-multiuso.shtml<\/a><\/p>\n<p>&nbsp;<\/p>\n<p>&nbsp;<\/p>\n<a href=\"https:\/\/www.freetellafriend.com\/tell\/?url=https%3A%2F%2Fmarisaono.com%2Fdelicia%2F2013%2F08%2F22%2Fmiso-no-folha-comida%2F&title=Miso+No+Folha+Comida\" onclick=\"window.open('https:\/\/www.freetellafriend.com\/tell\/?url=https%3A%2F%2Fmarisaono.com%2Fdelicia%2F2013%2F08%2F22%2Fmiso-no-folha-comida%2F&title=Miso+No+Folha+Comida', 'freetellafriend', 'scrollbars=1,menubar=0,width=617,height=530,resizable=1,toolbar=0,location=0,status=0,screenX=210,screenY=100,left=210,top=100'); return false;\" target=\"_blank\" title=\"Share This Post\"><img decoding=\"async\" src=\"http:\/\/marisaono.com\/delicia\/wp-content\/plugins\/tell-a-friend\/button.gif\" style=\"width:127px;height:16px;border:0px;\" alt=\"Share This Post\" title=\"Share This Post\" \/><\/a><\/div>\n","protected":false},"excerpt":{"rendered":"<p>[Translate] Quem leu a Folha ontem pode ver que o miso (ou miss\u00f4, como andam escrevendo por aqui) \u00e9 um ingrediente que est\u00e1 sendo explorado em pratos al\u00e9m da sopa. Para quem acompanha o blog nesse tempo todo, sabe que &hellip; <a href=\"https:\/\/marisaono.com\/delicia\/2013\/08\/22\/miso-no-folha-comida\/\">Continuar a ler <span class=\"meta-nav\">&rarr;<\/span><\/a><\/p>\n","protected":false},"author":1,"featured_media":0,"comment_status":"open","ping_status":"open","sticky":false,"template":"","format":"standard","meta":{"spay_email":"","footnotes":"","jetpack_publicize_message":"","jetpack_is_tweetstorm":false},"categories":[261],"tags":[],"jetpack_featured_media_url":"","jetpack_publicize_connections":[],"jetpack_sharing_enabled":true,"jetpack_shortlink":"https:\/\/wp.me\/pccs7-1FJ","jetpack-related-posts":[{"id":10059,"url":"https:\/\/marisaono.com\/delicia\/2019\/09\/30\/agenda-9\/","url_meta":{"origin":6431,"position":0},"title":"Agenda","date":"Setembro 30, 2019","format":false,"excerpt":"Dia 6 de outubro vai ter outra turma de lamen aqui em casa e j\u00e1 restam s\u00f3 4 vagas. Quando: Dia 06 de outubro, domingo, das 10 \u00e0s 16 horas.Onde: Aqui em casa, pr\u00f3ximo ao Haras Setti e o campo de beisebol da Yakult em Ibi\u00fana.Receitas apresentadas: Massa, caldo \u00e0\u2026","rel":"","context":"Similar post","img":{"alt_text":"","src":"","width":0,"height":0},"classes":[]},{"id":5902,"url":"https:\/\/marisaono.com\/delicia\/2013\/03\/25\/koji-outros-fermentados-alem-do-shoyu-e-do-miso\/","url_meta":{"origin":6431,"position":1},"title":"Koji: Outros Fermentados Al\u00e9m do Shoyu e do Miso","date":"Mar\u00e7o 25, 2013","format":false,"excerpt":"J\u00e1 falei sobre o koji: \u00e9 arroz onde se desenvolve o fungo Aspergillus Oryzae. Ele \u00e9 a base para a produ\u00e7\u00e3o de sake, do mirin (bebida licorosa \u00e0 base de arroz), do miso. Sobre a maneira de fazer miso eu comentei aqui: http:\/\/marisaono.com\/delicia\/?p=1643 Nos \u00faltimos meses andei brincando com outras\u2026","rel":"","context":"In &quot;conservas&quot;","img":{"alt_text":"","src":"https:\/\/i1.wp.com\/marisaono.com\/delicia\/wp-content\/uploads\/IMG_2006.jpg?resize=350%2C200&ssl=1","width":350,"height":200},"classes":[]},{"id":10057,"url":"https:\/\/marisaono.com\/delicia\/2019\/09\/26\/agenda-miso-e-fermentados-a-base-de-arroz\/","url_meta":{"origin":6431,"position":2},"title":"Agenda: Miso e Fermentados \u00c0 Base de Arroz","date":"Setembro 26, 2019","format":false,"excerpt":"Est\u00e3o me perguntado sobre como fazer miso em casa. N\u00e3o \u00e9 complicado, embora exija alguma aten\u00e7\u00e3o. Quando: Dia 20 de outubro, domingo, das 10 as 16 horas Onde: Aqui em casa, pr\u00f3ximo ao Haras Setti e o campo de beisebol da Yakult em Ibi\u00fana. Programa\u00e7\u00e3o: O que \u00e9 koji, como\u2026","rel":"","context":"Similar post","img":{"alt_text":"","src":"","width":0,"height":0},"classes":[]},{"id":9818,"url":"https:\/\/marisaono.com\/delicia\/2018\/04\/25\/koji-do-arroz-aos-fermentados\/","url_meta":{"origin":6431,"position":3},"title":"Koji: Do Arroz Aos Fermentados","date":"Abril 25, 2018","format":false,"excerpt":"Quer aprender a fazer arroz maltado (koji)? E a partir dele, fazer miso, shio-koji, shoyu-koji, mirim? E mais importante, entender o que acontece no processo e porqu\u00ea ? N\u00e3o \u00e9 preciso ter conhecimentos de Qu\u00edmica ou culin\u00e1ria. Prometo explicar de maneira bem simples. E ainda aprender a usar esses ingredientes\u2026","rel":"","context":"Similar post","img":{"alt_text":"","src":"","width":0,"height":0},"classes":[]},{"id":9953,"url":"https:\/\/marisaono.com\/delicia\/2019\/01\/29\/agenda-de-fevereiro\/","url_meta":{"origin":6431,"position":4},"title":"Agenda De Fevereiro","date":"Janeiro 29, 2019","format":false,"excerpt":"Miso, koji e outros fermentados. Quando: Dia 10 de Fevereiro, domingo, das 10 as 16 horas Onde: Aqui em casa, pr\u00f3ximo ao Haras Setti e o campo de beisebol da Yakult em Ibi\u00fana. Programa\u00e7\u00e3o: O que \u00e9 koji, como produzir koji em casa. Como fazer e envelhecer miso, shio-koji, shoyu-koji\u2026","rel":"","context":"Similar post","img":{"alt_text":"","src":"","width":0,"height":0},"classes":[]},{"id":9017,"url":"https:\/\/marisaono.com\/delicia\/2016\/06\/18\/sesc-belenzinho-fermentados\/","url_meta":{"origin":6431,"position":5},"title":"Sesc Belenzinho - Fermentados","date":"Junho 18, 2016","format":false,"excerpt":"Quinta-feira passada pude falar sobre fermentados no Sesc Belenzinho. Como prometi aos participantes, aqui listo as receitas que faltaram: Miso passo-a-passo, s\u00f3 acrescento que uso cerca de 200 ml de vodka para 3 kg de massa pronta, sobretudo quando fa\u00e7o miso no ver\u00e3o. http:\/\/marisaono.com\/delicia\/2009\/09\/27\/misso-passo-a-passo\/ Conserva de Vegetais no Miso, a\u2026","rel":"","context":"In \"dashi\"","img":{"alt_text":"","src":"","width":0,"height":0},"classes":[]}],"_links":{"self":[{"href":"https:\/\/marisaono.com\/delicia\/wp-json\/wp\/v2\/posts\/6431"}],"collection":[{"href":"https:\/\/marisaono.com\/delicia\/wp-json\/wp\/v2\/posts"}],"about":[{"href":"https:\/\/marisaono.com\/delicia\/wp-json\/wp\/v2\/types\/post"}],"author":[{"embeddable":true,"href":"https:\/\/marisaono.com\/delicia\/wp-json\/wp\/v2\/users\/1"}],"replies":[{"embeddable":true,"href":"https:\/\/marisaono.com\/delicia\/wp-json\/wp\/v2\/comments?post=6431"}],"version-history":[{"count":2,"href":"https:\/\/marisaono.com\/delicia\/wp-json\/wp\/v2\/posts\/6431\/revisions"}],"predecessor-version":[{"id":6433,"href":"https:\/\/marisaono.com\/delicia\/wp-json\/wp\/v2\/posts\/6431\/revisions\/6433"}],"wp:attachment":[{"href":"https:\/\/marisaono.com\/delicia\/wp-json\/wp\/v2\/media?parent=6431"}],"wp:term":[{"taxonomy":"category","embeddable":true,"href":"https:\/\/marisaono.com\/delicia\/wp-json\/wp\/v2\/categories?post=6431"},{"taxonomy":"post_tag","embeddable":true,"href":"https:\/\/marisaono.com\/delicia\/wp-json\/wp\/v2\/tags?post=6431"}],"curies":[{"name":"wp","href":"https:\/\/api.w.org\/{rel}","templated":true}]}}