{"id":648,"date":"2009-01-23T16:53:57","date_gmt":"2009-01-23T19:53:57","guid":{"rendered":"http:\/\/marisaono.com\/delicia\/?p=648"},"modified":"2009-05-31T09:31:26","modified_gmt":"2009-05-31T12:31:26","slug":"miso-producao-e-manipulacao","status":"publish","type":"post","link":"https:\/\/marisaono.com\/delicia\/2009\/01\/23\/miso-producao-e-manipulacao\/","title":{"rendered":"Miso &#8211; Produ\u00e7\u00e3o e Manipula\u00e7\u00e3o"},"content":{"rendered":"<div class=\"translate_block\" style=\"display: none;\">\n<a class=\"translate_translate\" id=\"translate_button_post-648\" lang=\"en\" xml:lang=\"en\" href=\"javascript:show_translate_popup('en', 'post', 648);\">[Translate]<\/a><img src=\"https:\/\/marisaono.com\/delicia\/wp-content\/plugins\/google-ajax-translation\/transparent.gif\" id=\"translate_loading_post-648\" class=\"translate_loading\" style=\"display: none;\" width=\"16\" height=\"16\" alt=\"\" \/>\n<hr class=\"translate_hr\" \/>\n<\/div>\n<div id=\"content_div-648\">\n<p>H\u00e1 alguns dias eu estava lidando com amostras de koji para a produ\u00e7\u00e3o de miso e sake. Estava de luvas de borracha, m\u00e1scara, em uma sala com balc\u00e3o e paredes impermeabilizadas, vidro de \u00e1lcool, hipoclorito&#8230; E me dei conta de quanto \u00e9 perigoso fazer miso em casa.<\/p>\n<p>Primeiro, esclare\u00e7o que n\u00e3o manipulo o koji na minha cozinha. Tenho receio que os esporos contaminem tudo que \u00e9 comest\u00edvel por aqui. Sempre fizemos miso em uma \u00e1rea fora da casa. Tudo que utilizo na produ\u00e7\u00e3o do koji e manipula\u00e7\u00e3o da pasta de soja j\u00e1 fermentando, \u00e9 rigorosamente limpo antes e depois da utiliza\u00e7\u00e3o, com detergente e hipoclorito. Amostras de koji eu mantenho na geladeira, j\u00e1 que o frio e o ar seco inibem a prolifera\u00e7\u00e3o. Mesmo assim, mantenho em potes que fechem muito bem.<\/p>\n<p>O uso de m\u00e1scaras \u00e9 recomend\u00e1vel, al\u00e9m de luvas de latex. Embora normalmente seja inofensivo, houve alguns relatos de rea\u00e7\u00f5es al\u00e9rgicas ligadas ao Aspergillus Oryzae.<\/p>\n<p>E assim como o fungo pode contaminar outros alimentos na sua cozinha, o contr\u00e1rio tamb\u00e9m ocorre. Como em alguns casos o miso \u00e9 consumido cru, ele deve ser produzido com higiene e mantido fechado. Embora o sal elimine boa parte dos riscos, j\u00e1 ouvi falar de gente que passou mal com um miso contaminado.<\/p>\n<p>Recomendo a quem pretende fazer miso em casa (e at\u00e9 para quem n\u00e3o pretende), comprar um livro sobre tecnologia de alimentos. H\u00e1 alguns em sebos. H\u00e1 tamb\u00e9m publica\u00e7\u00f5es espec\u00edficas sobre higiene e manipula\u00e7\u00e3o de alimentos.<\/p>\n<a href=\"https:\/\/www.freetellafriend.com\/tell\/?url=https%3A%2F%2Fmarisaono.com%2Fdelicia%2F2009%2F01%2F23%2Fmiso-producao-e-manipulacao%2F&title=Miso+%26%238211%3B+Produ%C3%A7%C3%A3o+e+Manipula%C3%A7%C3%A3o\" onclick=\"window.open('https:\/\/www.freetellafriend.com\/tell\/?url=https%3A%2F%2Fmarisaono.com%2Fdelicia%2F2009%2F01%2F23%2Fmiso-producao-e-manipulacao%2F&title=Miso+%26%238211%3B+Produ%C3%A7%C3%A3o+e+Manipula%C3%A7%C3%A3o', 'freetellafriend', 'scrollbars=1,menubar=0,width=617,height=530,resizable=1,toolbar=0,location=0,status=0,screenX=210,screenY=100,left=210,top=100'); return false;\" target=\"_blank\" title=\"Share This Post\"><img decoding=\"async\" src=\"http:\/\/marisaono.com\/delicia\/wp-content\/plugins\/tell-a-friend\/button.gif\" style=\"width:127px;height:16px;border:0px;\" alt=\"Share This Post\" title=\"Share This Post\" \/><\/a><\/div>\n","protected":false},"excerpt":{"rendered":"<p>[Translate] H\u00e1 alguns dias eu estava lidando com amostras de koji para a produ\u00e7\u00e3o de miso e sake. Estava de luvas de borracha, m\u00e1scara, em uma sala com balc\u00e3o e paredes impermeabilizadas, vidro de \u00e1lcool, hipoclorito&#8230; E me dei conta &hellip; <a href=\"https:\/\/marisaono.com\/delicia\/2009\/01\/23\/miso-producao-e-manipulacao\/\">Continuar a ler <span class=\"meta-nav\">&rarr;<\/span><\/a><\/p>\n","protected":false},"author":1,"featured_media":0,"comment_status":"open","ping_status":"open","sticky":false,"template":"","format":"standard","meta":{"spay_email":"","footnotes":"","jetpack_publicize_message":"","jetpack_is_tweetstorm":false},"categories":[13,14,22],"tags":[159,70],"jetpack_featured_media_url":"","jetpack_publicize_connections":[],"jetpack_sharing_enabled":true,"jetpack_shortlink":"https:\/\/wp.me\/pccs7-as","jetpack-related-posts":[{"id":1643,"url":"https:\/\/marisaono.com\/delicia\/2009\/09\/27\/misso-passo-a-passo\/","url_meta":{"origin":648,"position":0},"title":"Miso - Passo-a-passo","date":"Setembro 27, 2009","format":false,"excerpt":"Novamente fizemos misso em casa. J\u00e1 falei sobre o processo de produ\u00e7\u00e3o da pasta da soja aqui, tirei d\u00favidas a respeito da produ\u00e7\u00e3o aqui, e falei dos cuidados m\u00ednimos de higiene na manipula\u00e7\u00e3o do kojikin. Mesmo assim, parece que n\u00e3o ficou muito claro como \u00e9 o processo todo e resolvi\u2026","rel":"","context":"In &quot;conservas&quot;","img":{"alt_text":"","src":"https:\/\/i2.wp.com\/marisaono.com\/delicia\/wp-content\/uploads\/Misso-Arroz-cozido.JPG?resize=350%2C200&ssl=1","width":350,"height":200},"classes":[]},{"id":5902,"url":"https:\/\/marisaono.com\/delicia\/2013\/03\/25\/koji-outros-fermentados-alem-do-shoyu-e-do-miso\/","url_meta":{"origin":648,"position":1},"title":"Koji: Outros Fermentados Al\u00e9m do Shoyu e do Miso","date":"Mar\u00e7o 25, 2013","format":false,"excerpt":"J\u00e1 falei sobre o koji: \u00e9 arroz onde se desenvolve o fungo Aspergillus Oryzae. Ele \u00e9 a base para a produ\u00e7\u00e3o de sake, do mirin (bebida licorosa \u00e0 base de arroz), do miso. Sobre a maneira de fazer miso eu comentei aqui: http:\/\/marisaono.com\/delicia\/?p=1643 Nos \u00faltimos meses andei brincando com outras\u2026","rel":"","context":"In &quot;conservas&quot;","img":{"alt_text":"","src":"https:\/\/i1.wp.com\/marisaono.com\/delicia\/wp-content\/uploads\/IMG_2006.jpg?resize=350%2C200&ssl=1","width":350,"height":200},"classes":[]},{"id":9695,"url":"https:\/\/marisaono.com\/delicia\/2017\/11\/18\/afinal-porque-o-koji-e-tao-importante\/","url_meta":{"origin":648,"position":2},"title":"Afinal, Porqu\u00ea o Koji \u00c9 T\u00e3o Importante?","date":"Novembro 18, 2017","format":false,"excerpt":"J\u00e1 escrevi muito sobre miso, shio-koji, fermentados \u00e0 base de koji. Quem ainda n\u00e3o leu, \u00e9 s\u00f3 conferir os artigos que publiquei aqui: http:\/\/marisaono.com\/delicia\/tag\/koji\/ Mas h\u00e1 algum tempo me pediram para explicar de maneira simples como trabalha o Aspergillus Oryzae. Ent\u00e3o vamos l\u00e1. O Aspergillus Oryzae \u00e9 um fungo. Um\u2026","rel":"","context":"Similar post","img":{"alt_text":"","src":"","width":0,"height":0},"classes":[]},{"id":9017,"url":"https:\/\/marisaono.com\/delicia\/2016\/06\/18\/sesc-belenzinho-fermentados\/","url_meta":{"origin":648,"position":3},"title":"Sesc Belenzinho - Fermentados","date":"Junho 18, 2016","format":false,"excerpt":"Quinta-feira passada pude falar sobre fermentados no Sesc Belenzinho. Como prometi aos participantes, aqui listo as receitas que faltaram: Miso passo-a-passo, s\u00f3 acrescento que uso cerca de 200 ml de vodka para 3 kg de massa pronta, sobretudo quando fa\u00e7o miso no ver\u00e3o. http:\/\/marisaono.com\/delicia\/2009\/09\/27\/misso-passo-a-passo\/ Conserva de Vegetais no Miso, a\u2026","rel":"","context":"In \"dashi\"","img":{"alt_text":"","src":"","width":0,"height":0},"classes":[]},{"id":10057,"url":"https:\/\/marisaono.com\/delicia\/2019\/09\/26\/agenda-miso-e-fermentados-a-base-de-arroz\/","url_meta":{"origin":648,"position":4},"title":"Agenda: Miso e Fermentados \u00c0 Base de Arroz","date":"Setembro 26, 2019","format":false,"excerpt":"Est\u00e3o me perguntado sobre como fazer miso em casa. N\u00e3o \u00e9 complicado, embora exija alguma aten\u00e7\u00e3o. Quando: Dia 20 de outubro, domingo, das 10 as 16 horas Onde: Aqui em casa, pr\u00f3ximo ao Haras Setti e o campo de beisebol da Yakult em Ibi\u00fana. Programa\u00e7\u00e3o: O que \u00e9 koji, como\u2026","rel":"","context":"Similar post","img":{"alt_text":"","src":"","width":0,"height":0},"classes":[]},{"id":11473,"url":"https:\/\/marisaono.com\/delicia\/2025\/01\/12\/agenda-12\/","url_meta":{"origin":648,"position":5},"title":"Agenda","date":"Janeiro 12, 2025","format":false,"excerpt":"Lamen Quando: Dia 18 de janeiro, s\u00e1bado, das 11 \u00e0s 15 horas.Onde: No Instituto S\u00e3o Paulo Antiga, R. Cachoeira, 691 - BelenzinhoReceitas apresentadas: Massa, caldo \u00e0 base de porco e frango, chashu (porco marinado) e os molhos \u00e0 base de shoyu e miso. Instru\u00e7\u00f5es sobre insumos e t\u00e9cnicas. Almo\u00e7o com\u2026","rel":"","context":"Similar post","img":{"alt_text":"","src":"","width":0,"height":0},"classes":[]}],"_links":{"self":[{"href":"https:\/\/marisaono.com\/delicia\/wp-json\/wp\/v2\/posts\/648"}],"collection":[{"href":"https:\/\/marisaono.com\/delicia\/wp-json\/wp\/v2\/posts"}],"about":[{"href":"https:\/\/marisaono.com\/delicia\/wp-json\/wp\/v2\/types\/post"}],"author":[{"embeddable":true,"href":"https:\/\/marisaono.com\/delicia\/wp-json\/wp\/v2\/users\/1"}],"replies":[{"embeddable":true,"href":"https:\/\/marisaono.com\/delicia\/wp-json\/wp\/v2\/comments?post=648"}],"version-history":[{"count":1,"href":"https:\/\/marisaono.com\/delicia\/wp-json\/wp\/v2\/posts\/648\/revisions"}],"predecessor-version":[{"id":1056,"href":"https:\/\/marisaono.com\/delicia\/wp-json\/wp\/v2\/posts\/648\/revisions\/1056"}],"wp:attachment":[{"href":"https:\/\/marisaono.com\/delicia\/wp-json\/wp\/v2\/media?parent=648"}],"wp:term":[{"taxonomy":"category","embeddable":true,"href":"https:\/\/marisaono.com\/delicia\/wp-json\/wp\/v2\/categories?post=648"},{"taxonomy":"post_tag","embeddable":true,"href":"https:\/\/marisaono.com\/delicia\/wp-json\/wp\/v2\/tags?post=648"}],"curies":[{"name":"wp","href":"https:\/\/api.w.org\/{rel}","templated":true}]}}