{"id":6491,"date":"2013-09-08T16:42:33","date_gmt":"2013-09-08T19:42:33","guid":{"rendered":"http:\/\/marisaono.com\/delicia\/?p=6491"},"modified":"2013-09-08T16:42:33","modified_gmt":"2013-09-08T19:42:33","slug":"produtos-resumo-dos-ultimos-dias","status":"publish","type":"post","link":"https:\/\/marisaono.com\/delicia\/2013\/09\/08\/produtos-resumo-dos-ultimos-dias\/","title":{"rendered":"Produtos &#8211; Resumo dos \u00daltimos Dias"},"content":{"rendered":"<div class=\"translate_block\" style=\"display: none;\">\n<a class=\"translate_translate\" id=\"translate_button_post-6491\" lang=\"en\" xml:lang=\"en\" href=\"javascript:show_translate_popup('en', 'post', 6491);\">[Translate]<\/a><img src=\"https:\/\/marisaono.com\/delicia\/wp-content\/plugins\/google-ajax-translation\/transparent.gif\" id=\"translate_loading_post-6491\" class=\"translate_loading\" style=\"display: none;\" width=\"16\" height=\"16\" alt=\"\" \/>\n<hr class=\"translate_hr\" \/>\n<\/div>\n<div id=\"content_div-6491\">\n<p><a href=\"http:\/\/marisaono.com\/delicia\/wp-content\/uploads\/IMG_2979.jpg\"><img loading=\"lazy\" decoding=\"async\" class=\"alignnone size-full wp-image-6492\" title=\"Mini Piment\u00f5es\" src=\"http:\/\/marisaono.com\/delicia\/wp-content\/uploads\/IMG_2979.jpg\" alt=\"\" width=\"480\" height=\"360\" srcset=\"https:\/\/marisaono.com\/delicia\/wp-content\/uploads\/IMG_2979.jpg 480w, https:\/\/marisaono.com\/delicia\/wp-content\/uploads\/IMG_2979-360x270.jpg 360w, https:\/\/marisaono.com\/delicia\/wp-content\/uploads\/IMG_2979-150x113.jpg 150w, https:\/\/marisaono.com\/delicia\/wp-content\/uploads\/IMG_2979-400x300.jpg 400w\" sizes=\"(max-width: 480px) 100vw, 480px\" \/><\/a><\/p>\n<p>Encontrei h\u00e1 algum tempo, na Liberdade, esses mini piment\u00f5es. N\u00e3o s\u00e3o pimentas, s\u00e3o piment\u00f5es em tamanho reduzido, mesmo. Devem de ficar bonitos recheados. Fora isso, nenhuma diferen\u00e7a com o outro. Tamb\u00e9m tinha amarelo. Na Mercearia Oriental, na rua dos Estudantes. Custou R$3,90 a bandeja.<\/p>\n<p><a href=\"http:\/\/marisaono.com\/delicia\/wp-content\/uploads\/IMG_2980.jpg\"><img loading=\"lazy\" decoding=\"async\" class=\"alignnone size-full wp-image-6493\" title=\"IMG_2980\" src=\"http:\/\/marisaono.com\/delicia\/wp-content\/uploads\/IMG_2980.jpg\" alt=\"\" width=\"360\" height=\"480\" srcset=\"https:\/\/marisaono.com\/delicia\/wp-content\/uploads\/IMG_2980.jpg 360w, https:\/\/marisaono.com\/delicia\/wp-content\/uploads\/IMG_2980-202x270.jpg 202w, https:\/\/marisaono.com\/delicia\/wp-content\/uploads\/IMG_2980-112x150.jpg 112w\" sizes=\"(max-width: 360px) 100vw, 360px\" \/><\/a><\/p>\n<p>Tamb\u00e9m na Mercearia Oriental encontrei esse ch\u00e1 verde em p\u00f3 de Shizuoka. N\u00e3o, n\u00e3o \u00e9 matcha. \u00c9 apenas ch\u00e1 que foi triturado. A gente faz ch\u00e1 com ele, o p\u00f3 acaba assentando no fundo da x\u00edcara. Ao contr\u00e1rio do que muita gente pensa, nem todo ch\u00e1 verde \u00e9 amargo ou taninoso. Sou suspeita, morei muito tempo na prov\u00edncia de Shizuoka. Os ch\u00e1s que consumia por l\u00e1 costumavam ser delicados, arom\u00e1ticos. Fico pensando se n\u00e3o funcionaria em um bolo. Provavelmente ficaria amarelado, ch\u00e1s verdes n\u00e3o costumam resistir muito ao calor.<\/p>\n<p><a href=\"http:\/\/marisaono.com\/delicia\/wp-content\/uploads\/IMG_2981.jpg\"><img loading=\"lazy\" decoding=\"async\" class=\"alignnone size-full wp-image-6494\" title=\"IMG_2981\" src=\"http:\/\/marisaono.com\/delicia\/wp-content\/uploads\/IMG_2981.jpg\" alt=\"\" width=\"480\" height=\"360\" srcset=\"https:\/\/marisaono.com\/delicia\/wp-content\/uploads\/IMG_2981.jpg 480w, https:\/\/marisaono.com\/delicia\/wp-content\/uploads\/IMG_2981-360x270.jpg 360w, https:\/\/marisaono.com\/delicia\/wp-content\/uploads\/IMG_2981-150x112.jpg 150w, https:\/\/marisaono.com\/delicia\/wp-content\/uploads\/IMG_2981-400x300.jpg 400w\" sizes=\"(max-width: 480px) 100vw, 480px\" \/><\/a><\/p>\n<p>Sementes de milho doce da Embrapa. Dando uma pesquisada sobre variedades de milho doce, encontrei uma p\u00e1gina da Embrapa sobre 3 variedades. Diziam que poderiam oferecer amostras se houvesse disponibilidade em estoque. Escrevi e me enviaram um quilo de sementes de milho Superdoce e Doce Cristal. Veremos no pr\u00f3ximo ver\u00e3o. Para quem n\u00e3o sabe, as variedades de milho doce s\u00e3o&#8230; doces. Possuem pouco amido e n\u00e3o prestam para fazer pamonha. Normalmente s\u00e3o produzidas para serem consumidas verdes, mesmo, cozidas ou assadas. Costumam ser mais macias (exatamente por conta de terem menos amido). A p\u00e1gina da Embrapa \u00e9 esta:<\/p>\n<p><a href=\"http:\/\/www.cnph.embrapa.br\/paginas\/produtos\/cultivares\/milhodoce_doce_ouro.htm\">http:\/\/www.cnph.embrapa.br\/paginas\/produtos\/cultivares\/milhodoce_doce_ouro.htm<\/a><\/p>\n<p><a href=\"http:\/\/marisaono.com\/delicia\/wp-content\/uploads\/IMG_2946.jpg\"><img loading=\"lazy\" decoding=\"async\" class=\"alignnone size-full wp-image-6495\" title=\"IMG_2946\" src=\"http:\/\/marisaono.com\/delicia\/wp-content\/uploads\/IMG_2946.jpg\" alt=\"\" width=\"480\" height=\"360\" srcset=\"https:\/\/marisaono.com\/delicia\/wp-content\/uploads\/IMG_2946.jpg 480w, https:\/\/marisaono.com\/delicia\/wp-content\/uploads\/IMG_2946-360x270.jpg 360w, https:\/\/marisaono.com\/delicia\/wp-content\/uploads\/IMG_2946-150x112.jpg 150w, https:\/\/marisaono.com\/delicia\/wp-content\/uploads\/IMG_2946-400x300.jpg 400w\" sizes=\"(max-width: 480px) 100vw, 480px\" \/><\/a><\/p>\n<p>Batata-doce de polpa amarela, casca vermelha quase roxa. Encontrei no Varej\u00e3o do Ceagesp. Para quem est\u00e1 de frente do rel\u00f3gio, fica na ala esquerda, quase no final da feira. Tem da outra batata, chamada de &#8220;japonesa&#8221;, com casca mais rosada e tamb\u00e9m tinha batata-doce roxa (polpa roxa). Essa, para mim, \u00e9 novidade. Muito, mas muito doce, cremosa, sem fibras. Ficou boa cozida no vapor e tamb\u00e9m assada. Estava a R$4,00\/kg.<\/p>\n<p>&nbsp;<\/p>\n<a href=\"https:\/\/www.freetellafriend.com\/tell\/?url=https%3A%2F%2Fmarisaono.com%2Fdelicia%2F2013%2F09%2F08%2Fprodutos-resumo-dos-ultimos-dias%2F&title=Produtos+%26%238211%3B+Resumo+dos+%C3%9Altimos+Dias\" onclick=\"window.open('https:\/\/www.freetellafriend.com\/tell\/?url=https%3A%2F%2Fmarisaono.com%2Fdelicia%2F2013%2F09%2F08%2Fprodutos-resumo-dos-ultimos-dias%2F&title=Produtos+%26%238211%3B+Resumo+dos+%C3%9Altimos+Dias', 'freetellafriend', 'scrollbars=1,menubar=0,width=617,height=530,resizable=1,toolbar=0,location=0,status=0,screenX=210,screenY=100,left=210,top=100'); return false;\" target=\"_blank\" title=\"Share This Post\"><img decoding=\"async\" src=\"http:\/\/marisaono.com\/delicia\/wp-content\/plugins\/tell-a-friend\/button.gif\" style=\"width:127px;height:16px;border:0px;\" alt=\"Share This Post\" title=\"Share This Post\" \/><\/a><\/div>\n","protected":false},"excerpt":{"rendered":"<p>[Translate] Encontrei h\u00e1 algum tempo, na Liberdade, esses mini piment\u00f5es. N\u00e3o s\u00e3o pimentas, s\u00e3o piment\u00f5es em tamanho reduzido, mesmo. Devem de ficar bonitos recheados. Fora isso, nenhuma diferen\u00e7a com o outro. Tamb\u00e9m tinha amarelo. Na Mercearia Oriental, na rua dos &hellip; <a href=\"https:\/\/marisaono.com\/delicia\/2013\/09\/08\/produtos-resumo-dos-ultimos-dias\/\">Continuar a ler <span class=\"meta-nav\">&rarr;<\/span><\/a><\/p>\n","protected":false},"author":1,"featured_media":6492,"comment_status":"open","ping_status":"open","sticky":false,"template":"","format":"standard","meta":{"spay_email":"","footnotes":"","jetpack_publicize_message":"","jetpack_is_tweetstorm":false},"categories":[259],"tags":[252,85],"jetpack_featured_media_url":"https:\/\/marisaono.com\/delicia\/wp-content\/uploads\/IMG_2979.jpg","jetpack_publicize_connections":[],"jetpack_sharing_enabled":true,"jetpack_shortlink":"https:\/\/wp.me\/pccs7-1GH","jetpack-related-posts":[{"id":8334,"url":"https:\/\/marisaono.com\/delicia\/2015\/06\/25\/matcha-latte\/","url_meta":{"origin":6491,"position":0},"title":"Matcha Latte","date":"Junho 25, 2015","format":false,"excerpt":"Ch\u00e1 est\u00e1 na moda. \u00c9 fato. E o matcha saiu da cerim\u00f4nia do ch\u00e1 e foi parar nas confeitarias, em caf\u00e9s e at\u00e9 nas xicaras dom\u00e9sticas. Matcha latte \u00e9 s\u00f3 matcha (um ch\u00e1 verde muito especial, colhido na \u00e9poca certa, triturado em moinho de pedra at\u00e9 se transformar em um\u2026","rel":"","context":"In &quot;bebidas&quot;","img":{"alt_text":"","src":"https:\/\/i0.wp.com\/marisaono.com\/delicia\/wp-content\/uploads\/IMG_5681.jpg?resize=350%2C200&ssl=1","width":350,"height":200},"classes":[]},{"id":6207,"url":"https:\/\/marisaono.com\/delicia\/2013\/06\/28\/pavilhao-do-japao-na-sial-2013\/","url_meta":{"origin":6491,"position":1},"title":"Pavilh\u00e3o do Jap\u00e3o na Sial 2013","date":"Junho 28, 2013","format":false,"excerpt":"Hoje fui \u00e0 Sial, no Expo Center Norte, visitar o pavilh\u00e3o japon\u00eas. Recebi o convite da Jetro -\u00a0Japan\u00a0External Trade Organization. Fui bem recebida pelo Lauro Tsuyoshi Suzuki, coordenador de alimentos. A NPO Aidensha trouxe um leite de soja em embalagem tetrapack, com alto teor de soja. Tanto que vira tofu,\u2026","rel":"","context":"In &quot;Culin\u00e1ria japonesa&quot;","img":{"alt_text":"","src":"https:\/\/i2.wp.com\/marisaono.com\/delicia\/wp-content\/uploads\/IMG_2561.jpg?resize=350%2C200&ssl=1","width":350,"height":200},"classes":[]},{"id":9116,"url":"https:\/\/marisaono.com\/delicia\/2016\/08\/23\/mistura-pronta-para-torta-e-panqueca\/","url_meta":{"origin":6491,"position":2},"title":"Mistura Pronta Para Torta e Panqueca","date":"Agosto 23, 2016","format":false,"excerpt":"O tempo anda curto, vamos ser pr\u00e1ticos. Se fizer uma mistura com farinha, fermento, amido, sal, um pouco de a\u00e7\u00facar e \u00f3leo, voc\u00ea ganha tempo na hora do preparo e at\u00e9 suja menos lou\u00e7a. Para a mistura pronta voc\u00ea vai precisar de: 480 gramas de farinha de trigo 120 gramas\u2026","rel":"","context":"In &quot;lanches&quot;","img":{"alt_text":"","src":"https:\/\/i1.wp.com\/marisaono.com\/delicia\/wp-content\/uploads\/IMG_0465.jpg?resize=350%2C200&ssl=1","width":350,"height":200},"classes":[]},{"id":73,"url":"https:\/\/marisaono.com\/delicia\/2007\/08\/04\/o-cha\/","url_meta":{"origin":6491,"position":3},"title":"O Ch\u00e1","date":"Agosto 4, 2007","format":false,"excerpt":"O ch\u00e1 japon\u00eas \u00e9 \"verde\". N\u00e3o, nem sempre a infus\u00e3o resultante \u00e9 esverdeada, pode ser de um tom amarelo-claro. O que faz o ch\u00e1 japon\u00eas ser diferente n\u00e3o \u00e9 o m\u00e9todo de cultivo, mas sim a maneira como as folhas s\u00e3o processadas.As folhas de ch\u00e1 s\u00e3o colhidas e passadas no\u2026","rel":"","context":"In &quot;bebidas&quot;","img":{"alt_text":"","src":"","width":0,"height":0},"classes":[]},{"id":2641,"url":"https:\/\/marisaono.com\/delicia\/2010\/08\/10\/soup-kare\/","url_meta":{"origin":6491,"position":4},"title":"Soup Kare","date":"Agosto 10, 2010","format":false,"excerpt":"Sopa de Curry. Essa vers\u00e3o \u00e9 t\u00edpica de Hokkaido, mas \u00e9 coisa recente. Um restaurante resolveu lan\u00e7ar um prato de sopa \u00e0 base de curry, com peda\u00e7os grandes de vegetais e uma coxa de frango assada. O fato de ser r\u00e1pido para ser servido, ser nutritivo e com n\u00e3o muito\u2026","rel":"","context":"In &quot;Culin\u00e1ria japonesa&quot;","img":{"alt_text":"","src":"https:\/\/i1.wp.com\/marisaono.com\/delicia\/wp-content\/uploads\/soup-kare1.jpg?resize=350%2C200&ssl=1","width":350,"height":200},"classes":[]},{"id":93,"url":"https:\/\/marisaono.com\/delicia\/2007\/08\/14\/matcha\/","url_meta":{"origin":6491,"position":5},"title":"Matcha","date":"Agosto 14, 2007","format":false,"excerpt":"O p\u00f3 feito das folhas de ch\u00e1 - bem, n\u00e3o \u00e9 qualquer folha e n\u00e3o \u00e9 qualquer ch\u00e1 - \u00e9 de um verde intenso, sabor e aroma muito caracter\u00edsticos. O matcha \u00e9 caro. Muito mais caro que ch\u00e1 verde de qualidade. Mas a vantagem \u00e9 que \u00e9 sempre utilizado em\u2026","rel":"","context":"In &quot;cotidiano&quot;","img":{"alt_text":"","src":"","width":0,"height":0},"classes":[]}],"_links":{"self":[{"href":"https:\/\/marisaono.com\/delicia\/wp-json\/wp\/v2\/posts\/6491"}],"collection":[{"href":"https:\/\/marisaono.com\/delicia\/wp-json\/wp\/v2\/posts"}],"about":[{"href":"https:\/\/marisaono.com\/delicia\/wp-json\/wp\/v2\/types\/post"}],"author":[{"embeddable":true,"href":"https:\/\/marisaono.com\/delicia\/wp-json\/wp\/v2\/users\/1"}],"replies":[{"embeddable":true,"href":"https:\/\/marisaono.com\/delicia\/wp-json\/wp\/v2\/comments?post=6491"}],"version-history":[{"count":2,"href":"https:\/\/marisaono.com\/delicia\/wp-json\/wp\/v2\/posts\/6491\/revisions"}],"predecessor-version":[{"id":6497,"href":"https:\/\/marisaono.com\/delicia\/wp-json\/wp\/v2\/posts\/6491\/revisions\/6497"}],"wp:featuredmedia":[{"embeddable":true,"href":"https:\/\/marisaono.com\/delicia\/wp-json\/wp\/v2\/media\/6492"}],"wp:attachment":[{"href":"https:\/\/marisaono.com\/delicia\/wp-json\/wp\/v2\/media?parent=6491"}],"wp:term":[{"taxonomy":"category","embeddable":true,"href":"https:\/\/marisaono.com\/delicia\/wp-json\/wp\/v2\/categories?post=6491"},{"taxonomy":"post_tag","embeddable":true,"href":"https:\/\/marisaono.com\/delicia\/wp-json\/wp\/v2\/tags?post=6491"}],"curies":[{"name":"wp","href":"https:\/\/api.w.org\/{rel}","templated":true}]}}