{"id":6637,"date":"2013-10-13T21:46:10","date_gmt":"2013-10-14T00:46:10","guid":{"rendered":"http:\/\/marisaono.com\/delicia\/?p=6637"},"modified":"2013-10-13T21:46:10","modified_gmt":"2013-10-14T00:46:10","slug":"48-anos","status":"publish","type":"post","link":"https:\/\/marisaono.com\/delicia\/2013\/10\/13\/48-anos\/","title":{"rendered":"48 Anos"},"content":{"rendered":"<div class=\"translate_block\" style=\"display: none;\">\n<a class=\"translate_translate\" id=\"translate_button_post-6637\" lang=\"en\" xml:lang=\"en\" href=\"javascript:show_translate_popup('en', 'post', 6637);\">[Translate]<\/a><img src=\"https:\/\/marisaono.com\/delicia\/wp-content\/plugins\/google-ajax-translation\/transparent.gif\" id=\"translate_loading_post-6637\" class=\"translate_loading\" style=\"display: none;\" width=\"16\" height=\"16\" alt=\"\" \/>\n<hr class=\"translate_hr\" \/>\n<\/div>\n<div id=\"content_div-6637\">\n<p><a href=\"http:\/\/marisaono.com\/delicia\/wp-content\/uploads\/IMG_3316.jpg\"><img loading=\"lazy\" decoding=\"async\" class=\"alignnone size-full wp-image-6638\" title=\"IMG_3316\" src=\"http:\/\/marisaono.com\/delicia\/wp-content\/uploads\/IMG_3316.jpg\" alt=\"\" width=\"480\" height=\"361\" srcset=\"https:\/\/marisaono.com\/delicia\/wp-content\/uploads\/IMG_3316.jpg 480w, https:\/\/marisaono.com\/delicia\/wp-content\/uploads\/IMG_3316-360x270.jpg 360w, https:\/\/marisaono.com\/delicia\/wp-content\/uploads\/IMG_3316-150x113.jpg 150w, https:\/\/marisaono.com\/delicia\/wp-content\/uploads\/IMG_3316-400x301.jpg 400w\" sizes=\"(max-width: 480px) 100vw, 480px\" \/><\/a><\/p>\n<p>Hoje completo 48 anos. Podem ver pela foto que n\u00e3o estou animada. Nem desanimada. N\u00e3o temos o h\u00e1bito de comemorar anivers\u00e1rios. Lembro de uma festa, l\u00e1 pelos meus 4 anos, dividida com minha irm\u00e3 mais velha, que fazia anos no dia 17. Em parte porque as condi\u00e7\u00f5es da fam\u00edlia ficaram bem ruins depois dos meus 6 anos, em parte porque anivers\u00e1rio tem todo ano, n\u00e3o importa o que fa\u00e7amos.<\/p>\n<p>Meu dia foi tranquilo. Cuidei dos bichos, fiz um almo\u00e7o leve e dormi muito \u00e0 tarde, um pequeno luxo nesse domingo, um presente que me dei. Tamb\u00e9m aproveitei para testar uma ideia que virou uma receita, publico nos pr\u00f3ximos dias.<\/p>\n<p>&nbsp;<\/p>\n<a href=\"https:\/\/www.freetellafriend.com\/tell\/?url=https%3A%2F%2Fmarisaono.com%2Fdelicia%2F2013%2F10%2F13%2F48-anos%2F&title=48+Anos\" onclick=\"window.open('https:\/\/www.freetellafriend.com\/tell\/?url=https%3A%2F%2Fmarisaono.com%2Fdelicia%2F2013%2F10%2F13%2F48-anos%2F&title=48+Anos', 'freetellafriend', 'scrollbars=1,menubar=0,width=617,height=530,resizable=1,toolbar=0,location=0,status=0,screenX=210,screenY=100,left=210,top=100'); return false;\" target=\"_blank\" title=\"Share This Post\"><img decoding=\"async\" src=\"http:\/\/marisaono.com\/delicia\/wp-content\/plugins\/tell-a-friend\/button.gif\" style=\"width:127px;height:16px;border:0px;\" alt=\"Share This Post\" title=\"Share This Post\" \/><\/a><\/div>\n","protected":false},"excerpt":{"rendered":"<p>[Translate] Hoje completo 48 anos. Podem ver pela foto que n\u00e3o estou animada. Nem desanimada. N\u00e3o temos o h\u00e1bito de comemorar anivers\u00e1rios. Lembro de uma festa, l\u00e1 pelos meus 4 anos, dividida com minha irm\u00e3 mais velha, que fazia anos &hellip; <a href=\"https:\/\/marisaono.com\/delicia\/2013\/10\/13\/48-anos\/\">Continuar a ler <span class=\"meta-nav\">&rarr;<\/span><\/a><\/p>\n","protected":false},"author":1,"featured_media":6638,"comment_status":"open","ping_status":"open","sticky":false,"template":"","format":"standard","meta":{"spay_email":"","footnotes":"","jetpack_publicize_message":"","jetpack_is_tweetstorm":false},"categories":[14],"tags":[],"jetpack_featured_media_url":"https:\/\/marisaono.com\/delicia\/wp-content\/uploads\/IMG_3316.jpg","jetpack_publicize_connections":[],"jetpack_sharing_enabled":true,"jetpack_shortlink":"https:\/\/wp.me\/pccs7-1J3","jetpack-related-posts":[{"id":2801,"url":"https:\/\/marisaono.com\/delicia\/2010\/10\/13\/alho-negro-no-mais-voce\/","url_meta":{"origin":6637,"position":0},"title":"Alho Negro no Mais Voc\u00ea","date":"Outubro 13, 2010","format":false,"excerpt":"Dizem que foi ao ar uma entrevista minha, com o chef Carlos Bertolazzi, sobre como nasceu a id\u00e9ia de produzir o alho negro. Eu estava na rua, levei minha m\u00e3e \u00e0 uma consulta m\u00e9dica, despachei umas coisas no Correio, peguei o microondas que tinha ido para a assist\u00eancia t\u00e9cnica, enfim,\u2026","rel":"","context":"In &quot;cotidiano&quot;","img":{"alt_text":"","src":"","width":0,"height":0},"classes":[]},{"id":6087,"url":"https:\/\/marisaono.com\/delicia\/2013\/05\/29\/17o-sakura-matsuri-em-sao-roque\/","url_meta":{"origin":6637,"position":1},"title":"17\u00ba Sakura Matsuri em S\u00e3o Roque","date":"Maio 29, 2013","format":false,"excerpt":"Ainda \u00e9 cedo, mas vale anotar na agenda. Nos dia 6 e 7 de julho acontece o 17\u00b0 Sakura Matsuri em S\u00e3o Roque, no bairro do Carmo. Para quem pretende ir de carro, \u00e9 preciso pegar a rodovia Raposo Tavares e sair no km 45, \u00a0seguindo as indica\u00e7\u00f5es para o\u2026","rel":"","context":"In &quot;Lugares&quot;","img":{"alt_text":"","src":"","width":0,"height":0},"classes":[]},{"id":6477,"url":"https:\/\/marisaono.com\/delicia\/2013\/09\/01\/comida-de-obatyan\/","url_meta":{"origin":6637,"position":2},"title":"Comida de Obatyan","date":"Setembro 1, 2013","format":false,"excerpt":"N\u00e3o \u00e9 raro - na verdade, \u00e9 bem frequente - leitores escreverem dizendo que o que escrevo faz lembrar muito da obatyan, da comida que ela fazia. Fico contente, sinto que estou fazendo um bom trabalho em registrar essa cozinha dom\u00e9stica ainda pouco conhecida e que est\u00e1 sumindo. E h\u00e1\u2026","rel":"","context":"In &quot;cotidiano&quot;","img":{"alt_text":"","src":"","width":0,"height":0},"classes":[]},{"id":6160,"url":"https:\/\/marisaono.com\/delicia\/2013\/06\/18\/105-anos-da-imigracao-japonesa-no-brasil\/","url_meta":{"origin":6637,"position":3},"title":"105 Anos da Imigra\u00e7\u00e3o Japonesa no Brasil","date":"Junho 18, 2013","format":false,"excerpt":"Hoje comemora-se o anivers\u00e1rio da imigra\u00e7\u00e3o japonesa no Brasil. Para mim \u00e9 a data de lembrar dos que vieram para c\u00e1 - sejam pais, av\u00f3s, bisav\u00f3s - em busca de oportunidade, de uma nova vida. Muitos sucumbiram \u00e0 mal\u00e1ria, cobra (meu av\u00f4, por exemplo). Mas muitos criaram seus filhos, mudaram\u2026","rel":"","context":"In &quot;cotidiano&quot;","img":{"alt_text":"","src":"","width":0,"height":0},"classes":[]},{"id":9950,"url":"https:\/\/marisaono.com\/delicia\/2019\/01\/28\/aniversario-do-izakaya-matsu\/","url_meta":{"origin":6637,"position":4},"title":"Anivers\u00e1rio do Izakaya Matsu!","date":"Janeiro 28, 2019","format":false,"excerpt":"O Izakaya Matsu comemora seu quarto anivers\u00e1rio no dia 3 (domingo). Daniel Parolin Hirata do Hir\u00e1, Thiago Ba\u00f1ares do Tan Tan, Sae Kim do New Shin La Kwan e Bao Bao Baby e eu estaremos l\u00e1 a partir das 11 cozinhando gostosuras. \u00c9 a \u00fanica data do ano em que\u2026","rel":"","context":"With 3 comments","img":{"alt_text":"","src":"https:\/\/i2.wp.com\/marisaono.com\/delicia\/wp-content\/uploads\/matsu-matsuri.jpg?resize=350%2C200&ssl=1","width":350,"height":200},"classes":[]},{"id":7938,"url":"https:\/\/marisaono.com\/delicia\/2014\/10\/26\/ichigo-short-cake-2\/","url_meta":{"origin":6637,"position":5},"title":"Ichigo Short Cake","date":"Outubro 26, 2014","format":false,"excerpt":"\u00c9 uma receita que muitos leitores j\u00e1 me pediram e nunca fiz porque nunca me senti muito confiante para isso. Sou especialista em bolos feios. Alisar cremes, decorar, s\u00e3o coisas das quais eu fujo. N\u00e3o sou muito h\u00e1bil e suponho que nem para pedreira serviria. No entanto, a\u00ed est\u00e1, o\u2026","rel":"","context":"In &quot;Culin\u00e1ria japonesa&quot;","img":{"alt_text":"","src":"https:\/\/i0.wp.com\/marisaono.com\/delicia\/wp-content\/uploads\/IMG_5124.jpg?resize=350%2C200&ssl=1","width":350,"height":200},"classes":[]}],"_links":{"self":[{"href":"https:\/\/marisaono.com\/delicia\/wp-json\/wp\/v2\/posts\/6637"}],"collection":[{"href":"https:\/\/marisaono.com\/delicia\/wp-json\/wp\/v2\/posts"}],"about":[{"href":"https:\/\/marisaono.com\/delicia\/wp-json\/wp\/v2\/types\/post"}],"author":[{"embeddable":true,"href":"https:\/\/marisaono.com\/delicia\/wp-json\/wp\/v2\/users\/1"}],"replies":[{"embeddable":true,"href":"https:\/\/marisaono.com\/delicia\/wp-json\/wp\/v2\/comments?post=6637"}],"version-history":[{"count":2,"href":"https:\/\/marisaono.com\/delicia\/wp-json\/wp\/v2\/posts\/6637\/revisions"}],"predecessor-version":[{"id":6640,"href":"https:\/\/marisaono.com\/delicia\/wp-json\/wp\/v2\/posts\/6637\/revisions\/6640"}],"wp:featuredmedia":[{"embeddable":true,"href":"https:\/\/marisaono.com\/delicia\/wp-json\/wp\/v2\/media\/6638"}],"wp:attachment":[{"href":"https:\/\/marisaono.com\/delicia\/wp-json\/wp\/v2\/media?parent=6637"}],"wp:term":[{"taxonomy":"category","embeddable":true,"href":"https:\/\/marisaono.com\/delicia\/wp-json\/wp\/v2\/categories?post=6637"},{"taxonomy":"post_tag","embeddable":true,"href":"https:\/\/marisaono.com\/delicia\/wp-json\/wp\/v2\/tags?post=6637"}],"curies":[{"name":"wp","href":"https:\/\/api.w.org\/{rel}","templated":true}]}}