{"id":6666,"date":"2013-10-16T21:03:55","date_gmt":"2013-10-17T00:03:55","guid":{"rendered":"http:\/\/marisaono.com\/delicia\/?p=6666"},"modified":"2013-11-15T13:55:07","modified_gmt":"2013-11-15T16:55:07","slug":"bisteca-de-cabrito-marinado-e-com-crosta-de-misso-e-panko","status":"publish","type":"post","link":"https:\/\/marisaono.com\/delicia\/2013\/10\/16\/bisteca-de-cabrito-marinado-e-com-crosta-de-misso-e-panko\/","title":{"rendered":"Bisteca de Cabrito Marinado e Com Crosta de Miss\u00f4 e Panko"},"content":{"rendered":"<div class=\"translate_block\" style=\"display: none;\">\n<a class=\"translate_translate\" id=\"translate_button_post-6666\" lang=\"en\" xml:lang=\"en\" href=\"javascript:show_translate_popup('en', 'post', 6666);\">[Translate]<\/a><img src=\"https:\/\/marisaono.com\/delicia\/wp-content\/plugins\/google-ajax-translation\/transparent.gif\" id=\"translate_loading_post-6666\" class=\"translate_loading\" style=\"display: none;\" width=\"16\" height=\"16\" alt=\"\" \/>\n<hr class=\"translate_hr\" \/>\n<\/div>\n<div id=\"content_div-6666\">\n<p><a href=\"http:\/\/marisaono.com\/delicia\/wp-content\/uploads\/CIMG0072.jpg\"><img loading=\"lazy\" decoding=\"async\" class=\"alignnone size-full wp-image-6667\" title=\"CIMG0072\" src=\"http:\/\/marisaono.com\/delicia\/wp-content\/uploads\/CIMG0072.jpg\" alt=\"\" width=\"480\" height=\"360\" srcset=\"https:\/\/marisaono.com\/delicia\/wp-content\/uploads\/CIMG0072.jpg 480w, https:\/\/marisaono.com\/delicia\/wp-content\/uploads\/CIMG0072-360x270.jpg 360w, https:\/\/marisaono.com\/delicia\/wp-content\/uploads\/CIMG0072-150x113.jpg 150w, https:\/\/marisaono.com\/delicia\/wp-content\/uploads\/CIMG0072-400x300.jpg 400w\" sizes=\"(max-width: 480px) 100vw, 480px\" \/><\/a><\/p>\n<p>Tenho pensado muito nos sabores de Hokkaido, terra do meu pai. \u00c9 que por l\u00e1 combinam ingredientes de uma maneira um pouco diferente do resto do pa\u00eds. Terra de invernos rigorosos, \u00e9 conhecida pelas fazendas de gado leiteiro, al\u00e9m de seu milho doce e ab\u00f3bora conhecida como kuri-kabocha, de um tipo que n\u00e3o vejo por aqui. Existem pratos t\u00edpicos que misturam manteiga, miss\u00f4, leite, creme, milho. Fiz bistecas de cabrito pensando nesses sabores.<\/p>\n<p><a href=\"http:\/\/marisaono.com\/delicia\/wp-content\/uploads\/CIMG00621.jpg\"><img loading=\"lazy\" decoding=\"async\" class=\"alignnone size-full wp-image-6668\" title=\"CIMG0062\" src=\"http:\/\/marisaono.com\/delicia\/wp-content\/uploads\/CIMG00621.jpg\" alt=\"\" width=\"480\" height=\"360\" srcset=\"https:\/\/marisaono.com\/delicia\/wp-content\/uploads\/CIMG00621.jpg 480w, https:\/\/marisaono.com\/delicia\/wp-content\/uploads\/CIMG00621-360x270.jpg 360w, https:\/\/marisaono.com\/delicia\/wp-content\/uploads\/CIMG00621-150x112.jpg 150w, https:\/\/marisaono.com\/delicia\/wp-content\/uploads\/CIMG00621-400x300.jpg 400w\" sizes=\"(max-width: 480px) 100vw, 480px\" \/><\/a><\/p>\n<p>Parti de um corte de carr\u00e9 de cabrito, da Apris.<\/p>\n<p><a href=\"http:\/\/marisaono.com\/delicia\/wp-content\/uploads\/CIMG0063.jpg\"><img loading=\"lazy\" decoding=\"async\" class=\"alignnone size-full wp-image-6669\" title=\"CIMG0063\" src=\"http:\/\/marisaono.com\/delicia\/wp-content\/uploads\/CIMG0063.jpg\" alt=\"\" width=\"480\" height=\"360\" srcset=\"https:\/\/marisaono.com\/delicia\/wp-content\/uploads\/CIMG0063.jpg 480w, https:\/\/marisaono.com\/delicia\/wp-content\/uploads\/CIMG0063-360x270.jpg 360w, https:\/\/marisaono.com\/delicia\/wp-content\/uploads\/CIMG0063-150x112.jpg 150w, https:\/\/marisaono.com\/delicia\/wp-content\/uploads\/CIMG0063-400x300.jpg 400w\" sizes=\"(max-width: 480px) 100vw, 480px\" \/><\/a><\/p>\n<p>Cortei entre os ossos, dividindo em por\u00e7\u00f5es.<\/p>\n<p><a href=\"http:\/\/marisaono.com\/delicia\/wp-content\/uploads\/CIMG0067.jpg\"><img loading=\"lazy\" decoding=\"async\" class=\"alignnone size-full wp-image-6670\" title=\"CIMG0067\" src=\"http:\/\/marisaono.com\/delicia\/wp-content\/uploads\/CIMG0067.jpg\" alt=\"\" width=\"480\" height=\"361\" srcset=\"https:\/\/marisaono.com\/delicia\/wp-content\/uploads\/CIMG0067.jpg 480w, https:\/\/marisaono.com\/delicia\/wp-content\/uploads\/CIMG0067-360x270.jpg 360w, https:\/\/marisaono.com\/delicia\/wp-content\/uploads\/CIMG0067-150x112.jpg 150w, https:\/\/marisaono.com\/delicia\/wp-content\/uploads\/CIMG0067-400x300.jpg 400w\" sizes=\"(max-width: 480px) 100vw, 480px\" \/><\/a><\/p>\n<p>Metade marinei por cerca de meia hora numa mistura de:<\/p>\n<p>1 colher (sopa) de miss\u00f4 claro<\/p>\n<p>1 colher (sopa) de shoyu<\/p>\n<p>1 colher (sopa) de mirin<\/p>\n<p>2 colheres (sopa) de sake<\/p>\n<p>1 colher (sopa) de sumo de gengibre (rale o gengibre e esprema, descarte o baga\u00e7o)<\/p>\n<p>1 dente de alho ralado<\/p>\n<p>Pimenta-do-reino a gosto<\/p>\n<p><a href=\"http:\/\/marisaono.com\/delicia\/wp-content\/uploads\/CIMG00711.jpg\"><img loading=\"lazy\" decoding=\"async\" class=\"alignnone size-full wp-image-6673\" title=\"CIMG0071\" src=\"http:\/\/marisaono.com\/delicia\/wp-content\/uploads\/CIMG00711.jpg\" alt=\"\" width=\"480\" height=\"360\" srcset=\"https:\/\/marisaono.com\/delicia\/wp-content\/uploads\/CIMG00711.jpg 480w, https:\/\/marisaono.com\/delicia\/wp-content\/uploads\/CIMG00711-360x270.jpg 360w, https:\/\/marisaono.com\/delicia\/wp-content\/uploads\/CIMG00711-150x112.jpg 150w, https:\/\/marisaono.com\/delicia\/wp-content\/uploads\/CIMG00711-400x300.jpg 400w\" sizes=\"(max-width: 480px) 100vw, 480px\" \/><\/a><\/p>\n<p>Leve ao forno pr\u00e9-aquecido bem quente, sobre papel imperme\u00e1vel, com um fio de \u00f3leo, por alguns minutos, at\u00e9 que fique cozido.<\/p>\n<p><a href=\"http:\/\/marisaono.com\/delicia\/wp-content\/uploads\/CIMG0070.jpg\"><img loading=\"lazy\" decoding=\"async\" class=\"alignnone size-full wp-image-6672\" title=\"CIMG0070\" src=\"http:\/\/marisaono.com\/delicia\/wp-content\/uploads\/CIMG0070.jpg\" alt=\"\" width=\"360\" height=\"480\" srcset=\"https:\/\/marisaono.com\/delicia\/wp-content\/uploads\/CIMG0070.jpg 360w, https:\/\/marisaono.com\/delicia\/wp-content\/uploads\/CIMG0070-202x270.jpg 202w, https:\/\/marisaono.com\/delicia\/wp-content\/uploads\/CIMG0070-112x150.jpg 112w\" sizes=\"(max-width: 360px) 100vw, 360px\" \/><\/a><\/p>\n<p>Para a outra metade, fiz uma cobertura com <a href=\"http:\/\/marisaono.com\/delicia\/?p=168\" target=\"_blank\">panko<\/a> (farinha de rosca grossa). Refoguei um alho ralado em um pouco de \u00f3leo, at\u00e9 liberar um aroma. Adicionei 1 colher de sopa de miss\u00f4 e 1 colher de manteiga. Misturei e retirei do forno. Adicionei panko (cerca de 3\/4 de x\u00edcara) e misturei bem, formando uma farofa \u00famida. Essa farofa foi sobre cada peda\u00e7o de carne, que foi temperado com sal e pimenta do reino. Apertei um pouco e levei para assar sobre papel imperme\u00e1vel, forno pr\u00e9-aquecido bem quente, at\u00e9 dourar um pouco.<\/p>\n<p>A combina\u00e7\u00e3o de miss\u00f4 com manteiga pode parecer estranha, mas o resultado final \u00e9 um aroma que remete ao queijo.<\/p>\n<p>Servi com milho cozido, escorrido e refogado em manteiga e shoyu.<\/p>\n<p>PS: N\u00e3o, n\u00e3o \u00e9 comum o consumo de cabrito no Jap\u00e3o. Em Hokkaido come-se cordeiro ou carne de ovelha.<\/p>\n<a href=\"https:\/\/www.freetellafriend.com\/tell\/?url=https%3A%2F%2Fmarisaono.com%2Fdelicia%2F2013%2F10%2F16%2Fbisteca-de-cabrito-marinado-e-com-crosta-de-misso-e-panko%2F&title=Bisteca+de+Cabrito+Marinado+e+Com+Crosta+de+Miss%C3%B4+e+Panko\" onclick=\"window.open('https:\/\/www.freetellafriend.com\/tell\/?url=https%3A%2F%2Fmarisaono.com%2Fdelicia%2F2013%2F10%2F16%2Fbisteca-de-cabrito-marinado-e-com-crosta-de-misso-e-panko%2F&title=Bisteca+de+Cabrito+Marinado+e+Com+Crosta+de+Miss%C3%B4+e+Panko', 'freetellafriend', 'scrollbars=1,menubar=0,width=617,height=530,resizable=1,toolbar=0,location=0,status=0,screenX=210,screenY=100,left=210,top=100'); return false;\" target=\"_blank\" title=\"Share This Post\"><img decoding=\"async\" src=\"http:\/\/marisaono.com\/delicia\/wp-content\/plugins\/tell-a-friend\/button.gif\" style=\"width:127px;height:16px;border:0px;\" alt=\"Share This Post\" title=\"Share This Post\" \/><\/a><\/div>\n","protected":false},"excerpt":{"rendered":"<p>[Translate] Tenho pensado muito nos sabores de Hokkaido, terra do meu pai. \u00c9 que por l\u00e1 combinam ingredientes de uma maneira um pouco diferente do resto do pa\u00eds. Terra de invernos rigorosos, \u00e9 conhecida pelas fazendas de gado leiteiro, al\u00e9m &hellip; <a href=\"https:\/\/marisaono.com\/delicia\/2013\/10\/16\/bisteca-de-cabrito-marinado-e-com-crosta-de-misso-e-panko\/\">Continuar a ler <span class=\"meta-nav\">&rarr;<\/span><\/a><\/p>\n","protected":false},"author":1,"featured_media":6667,"comment_status":"open","ping_status":"open","sticky":false,"template":"","format":"standard","meta":{"spay_email":"","footnotes":"","jetpack_publicize_message":"","jetpack_is_tweetstorm":false},"categories":[11,51,256],"tags":[70],"jetpack_featured_media_url":"https:\/\/marisaono.com\/delicia\/wp-content\/uploads\/CIMG0072.jpg","jetpack_publicize_connections":[],"jetpack_sharing_enabled":true,"jetpack_shortlink":"https:\/\/wp.me\/pccs7-1Jw","jetpack-related-posts":[{"id":4704,"url":"https:\/\/marisaono.com\/delicia\/2012\/03\/08\/carne-de-cabrito\/","url_meta":{"origin":6666,"position":0},"title":"Carne de Cabrito","date":"Mar\u00e7o 8, 2012","format":false,"excerpt":"Estou para escrever sobre essa carne. Tenho algumas experi\u00eancias para contar. A primeira vez que comi carne de cabrito foi na casa de uma vizinha. A carne foi cozida com muitos temperos (e muita pimenta). Era uma carne fibrosa, com pouca gordura. O gosto deveria ser bom, mas com tantos\u2026","rel":"","context":"In &quot;carnes.&quot;","img":{"alt_text":"","src":"https:\/\/i0.wp.com\/marisaono.com\/delicia\/wp-content\/uploads\/CIMG0899.jpg?resize=350%2C200&ssl=1","width":350,"height":200},"classes":[]},{"id":6565,"url":"https:\/\/marisaono.com\/delicia\/2013\/09\/30\/cabrito-em-duas-versoes-com-curry-e-com-alho-negro\/","url_meta":{"origin":6666,"position":1},"title":"Cabrito em Duas Vers\u00f5es: Com Curry e Com Alho Negro","date":"Setembro 30, 2013","format":false,"excerpt":"Ganhei da Apris cortes de cabrito. \u00c9 uma carne que eu j\u00e1 havia provado e gostado, mas nunca cozinhei. Ao contr\u00e1rio do que pensava, \u00e9 uma carne saborosa e sem cheiros estranhos. Parti do stinco, ou seja, das canelas do cabrito. \u00c9 uma carne muito magra, mais rija e achei\u2026","rel":"","context":"In &quot;carnes.&quot;","img":{"alt_text":"","src":"https:\/\/i2.wp.com\/marisaono.com\/delicia\/wp-content\/uploads\/IMG_3128.jpg?resize=350%2C200&ssl=1","width":350,"height":200},"classes":[]},{"id":7005,"url":"https:\/\/marisaono.com\/delicia\/2014\/01\/11\/pernil-de-cabrito-assado\/","url_meta":{"origin":6666,"position":2},"title":"Pernil de Cabrito Assado","date":"Janeiro 11, 2014","format":false,"excerpt":"Comentei ontem que preparei um pernil de cabrito assado no final do ano. Creia, um assado \u00e9 uma coisa \u00f3tima para se fazer quando recebe gente. N\u00e3o ocupo uma boca do fog\u00e3o, que fica livre para fazer outras coisas, n\u00e3o exige que eu fique o tempo todo cuidando dele e\u2026","rel":"","context":"In &quot;carnes.&quot;","img":{"alt_text":"","src":"https:\/\/i2.wp.com\/marisaono.com\/delicia\/wp-content\/uploads\/IMG_20131228_124644.jpg?resize=350%2C200&ssl=1","width":350,"height":200},"classes":[]},{"id":3857,"url":"https:\/\/marisaono.com\/delicia\/2011\/11\/22\/felipe-cilli-paulo-machado-e-paula-labaki-no-boa-mesa\/","url_meta":{"origin":6666,"position":3},"title":"Felipe Cilli, Paulo Machado e Paula Labaki no Boa Mesa","date":"Novembro 22, 2011","format":false,"excerpt":"Ontem foi dia de ver o Felipe Cilli do Piano Piano\u00a0falar e fazer uma bisteca alla fiorentina. Confesso que fiquei muito admirada com o tamanho da bisteca. Algo em torno de 500 gramas de carne com osso. E, segundo Felipe, \u00e9 uma por\u00e7\u00e3o individual! A carne, excelente, foi servida com\u2026","rel":"","context":"In &quot;Lugares&quot;","img":{"alt_text":"","src":"https:\/\/i2.wp.com\/marisaono.com\/delicia\/wp-content\/uploads\/CIMG0361.jpg?resize=350%2C200&ssl=1","width":350,"height":200},"classes":[]},{"id":4676,"url":"https:\/\/marisaono.com\/delicia\/2012\/03\/04\/emiliano-market-day-2%c2%aa-edicao\/","url_meta":{"origin":6666,"position":4},"title":"Emiliano Market Day 2\u00aa Edi\u00e7\u00e3o","date":"Mar\u00e7o 4, 2012","format":false,"excerpt":"Hoje o tempo estava agrad\u00e1vel para uma feira. E foi com esse clima que aconteceu o segundo Emiliano Market Day. A inten\u00e7\u00e3o foi a de apresentar ao p\u00fablico em geral os produtos que fazem os pratos do restaurante do Hotel Emiliano. Os visitantes puderam ter informa\u00e7\u00f5es sobre origem de produtos,\u2026","rel":"","context":"In &quot;Lugares&quot;","img":{"alt_text":"","src":"https:\/\/i1.wp.com\/marisaono.com\/delicia\/wp-content\/uploads\/CIMG0894.jpg?resize=350%2C200&ssl=1","width":350,"height":200},"classes":[]},{"id":38,"url":"https:\/\/marisaono.com\/delicia\/2007\/07\/11\/miso\/","url_meta":{"origin":6666,"position":5},"title":"Miso","date":"Julho 11, 2007","format":false,"excerpt":"Definido como pasta de soja fermentado, o miso \u00e9 feito, basicamente, de soja cozido e mo\u00eddo, sal, trigo, cevada ou arroz e um fermento. Variando-se a propor\u00e7\u00e3o desses ingredientes, obt\u00e9m-se uma pasta com cor, aroma e textura diferentes. Os mais claros s\u00e3o \u00f3timos para molhos, os m\u00e9dios eu costumo usar\u2026","rel":"","context":"In &quot;carnes.&quot;","img":{"alt_text":"","src":"","width":0,"height":0},"classes":[]}],"_links":{"self":[{"href":"https:\/\/marisaono.com\/delicia\/wp-json\/wp\/v2\/posts\/6666"}],"collection":[{"href":"https:\/\/marisaono.com\/delicia\/wp-json\/wp\/v2\/posts"}],"about":[{"href":"https:\/\/marisaono.com\/delicia\/wp-json\/wp\/v2\/types\/post"}],"author":[{"embeddable":true,"href":"https:\/\/marisaono.com\/delicia\/wp-json\/wp\/v2\/users\/1"}],"replies":[{"embeddable":true,"href":"https:\/\/marisaono.com\/delicia\/wp-json\/wp\/v2\/comments?post=6666"}],"version-history":[{"count":3,"href":"https:\/\/marisaono.com\/delicia\/wp-json\/wp\/v2\/posts\/6666\/revisions"}],"predecessor-version":[{"id":6675,"href":"https:\/\/marisaono.com\/delicia\/wp-json\/wp\/v2\/posts\/6666\/revisions\/6675"}],"wp:featuredmedia":[{"embeddable":true,"href":"https:\/\/marisaono.com\/delicia\/wp-json\/wp\/v2\/media\/6667"}],"wp:attachment":[{"href":"https:\/\/marisaono.com\/delicia\/wp-json\/wp\/v2\/media?parent=6666"}],"wp:term":[{"taxonomy":"category","embeddable":true,"href":"https:\/\/marisaono.com\/delicia\/wp-json\/wp\/v2\/categories?post=6666"},{"taxonomy":"post_tag","embeddable":true,"href":"https:\/\/marisaono.com\/delicia\/wp-json\/wp\/v2\/tags?post=6666"}],"curies":[{"name":"wp","href":"https:\/\/api.w.org\/{rel}","templated":true}]}}