{"id":6863,"date":"2013-12-03T15:58:47","date_gmt":"2013-12-03T18:58:47","guid":{"rendered":"http:\/\/marisaono.com\/delicia\/?p=6863"},"modified":"2013-12-03T16:03:47","modified_gmt":"2013-12-03T19:03:47","slug":"pao-da-semana-pao-de-queijo-na-forma-de-waffle","status":"publish","type":"post","link":"https:\/\/marisaono.com\/delicia\/2013\/12\/03\/pao-da-semana-pao-de-queijo-na-forma-de-waffle\/","title":{"rendered":"P\u00e3o da Semana: P\u00e3o de Queijo na Forma de Waffle"},"content":{"rendered":"<div class=\"translate_block\" style=\"display: none;\">\n<a class=\"translate_translate\" id=\"translate_button_post-6863\" lang=\"en\" xml:lang=\"en\" href=\"javascript:show_translate_popup('en', 'post', 6863);\">[Translate]<\/a><img src=\"https:\/\/marisaono.com\/delicia\/wp-content\/plugins\/google-ajax-translation\/transparent.gif\" id=\"translate_loading_post-6863\" class=\"translate_loading\" style=\"display: none;\" width=\"16\" height=\"16\" alt=\"\" \/>\n<hr class=\"translate_hr\" \/>\n<\/div>\n<div id=\"content_div-6863\">\n<p><a href=\"http:\/\/marisaono.com\/delicia\/wp-content\/uploads\/IMG_3742.jpg\"><img loading=\"lazy\" decoding=\"async\" class=\"alignnone size-full wp-image-6864\" title=\"P\u00e3o de Queijo na Forma de Waffle\" src=\"http:\/\/marisaono.com\/delicia\/wp-content\/uploads\/IMG_3742.jpg\" alt=\"\" width=\"480\" height=\"360\" srcset=\"https:\/\/marisaono.com\/delicia\/wp-content\/uploads\/IMG_3742.jpg 480w, https:\/\/marisaono.com\/delicia\/wp-content\/uploads\/IMG_3742-360x270.jpg 360w, https:\/\/marisaono.com\/delicia\/wp-content\/uploads\/IMG_3742-150x113.jpg 150w, https:\/\/marisaono.com\/delicia\/wp-content\/uploads\/IMG_3742-400x300.jpg 400w\" sizes=\"(max-width: 480px) 100vw, 480px\" \/><\/a><\/p>\n<p>Nem \u00e9 novidade, mas, v\u00e1 l\u00e1: as f\u00e9rias escolares enfim chegaram, faz um calor infernal e ningu\u00e9m tem \u00e2nimo para acender um forno. Vai que algu\u00e9m ainda n\u00e3o leu o post do <a href=\"http:\/\/marcelokatsuki.folha.blog.uol.com.br\/arch2011-01-01_2011-01-31.html\" target=\"_blank\">Marcelo Katsuki sobre fazer p\u00e3o na forma de waffle<\/a>.<\/p>\n<p><a href=\"http:\/\/marisaono.com\/delicia\/wp-content\/uploads\/IMG_3741.jpg\"><img loading=\"lazy\" decoding=\"async\" class=\"alignnone size-full wp-image-6865\" title=\"P\u00e3o de queijo na forma de waffle\" src=\"http:\/\/marisaono.com\/delicia\/wp-content\/uploads\/IMG_3741.jpg\" alt=\"\" width=\"480\" height=\"360\" srcset=\"https:\/\/marisaono.com\/delicia\/wp-content\/uploads\/IMG_3741.jpg 480w, https:\/\/marisaono.com\/delicia\/wp-content\/uploads\/IMG_3741-360x270.jpg 360w, https:\/\/marisaono.com\/delicia\/wp-content\/uploads\/IMG_3741-150x112.jpg 150w, https:\/\/marisaono.com\/delicia\/wp-content\/uploads\/IMG_3741-400x300.jpg 400w\" sizes=\"(max-width: 480px) 100vw, 480px\" \/><\/a><\/p>\n<p>A receita, n\u00e3o sei de onde veio, estava anotada em um caderno que me acompanha h\u00e1 mais de 30 anos. Voc\u00ea vai precisar de uma forma para waffle (de prefer\u00eancia, com revestimento anti-aderente) e um liquidificador.<\/p>\n<p>Coloque no liquidificador:<\/p>\n<p>3 ovos<\/p>\n<p>1 x\u00edcara de leite<\/p>\n<p>1 x\u00edcara de \u00f3leo<\/p>\n<p>150 gramas de queijo (usei meia-cura, mas use o que gostar)<\/p>\n<p>Bata at\u00e9 triturar o queijo.<\/p>\n<p>Adicione:<\/p>\n<p>3 x\u00edcaras de polvilho doce<\/p>\n<p>Sal \u00e0 gosto<\/p>\n<p>Ligue e desligue, raspe as laterais. A massa \u00e9 um pouco pesada. Se o liquidificador n\u00e3o conseguir virar, adicione um pouco mais de leite.<\/p>\n<p>Despeje um pouco de massa na forma e leve ao fogo m\u00e9dio at\u00e9 dourar de ambos os lados.<\/p>\n<p><a href=\"http:\/\/marisaono.com\/delicia\/wp-content\/uploads\/IMG_3743.jpg\"><img loading=\"lazy\" decoding=\"async\" class=\"alignnone size-full wp-image-6866\" title=\"IMG_3743\" src=\"http:\/\/marisaono.com\/delicia\/wp-content\/uploads\/IMG_3743.jpg\" alt=\"\" width=\"480\" height=\"360\" srcset=\"https:\/\/marisaono.com\/delicia\/wp-content\/uploads\/IMG_3743.jpg 480w, https:\/\/marisaono.com\/delicia\/wp-content\/uploads\/IMG_3743-360x270.jpg 360w, https:\/\/marisaono.com\/delicia\/wp-content\/uploads\/IMG_3743-150x112.jpg 150w, https:\/\/marisaono.com\/delicia\/wp-content\/uploads\/IMG_3743-400x300.jpg 400w\" sizes=\"(max-width: 480px) 100vw, 480px\" \/><\/a><\/p>\n<p>O p\u00e3o de queijo vai ficar com muitos cantinhos crocantes. Se preferir menos crocante e mais macio, adicione mais leite e doure menos.<\/p>\n<p>Classifico como &#8220;Cozinha do Desespero&#8221; porque um desses satisfaz e quase n\u00e3o requer esfor\u00e7o.<\/p>\n<p>PS: Se usar queijo ralado, nem vai precisar do liquidificador!<\/p>\n<p>&nbsp;<\/p>\n<p>&nbsp;<\/p>\n<a href=\"https:\/\/www.freetellafriend.com\/tell\/?url=https%3A%2F%2Fmarisaono.com%2Fdelicia%2F2013%2F12%2F03%2Fpao-da-semana-pao-de-queijo-na-forma-de-waffle%2F&title=P%C3%A3o+da+Semana%3A+P%C3%A3o+de+Queijo+na+Forma+de+Waffle\" onclick=\"window.open('https:\/\/www.freetellafriend.com\/tell\/?url=https%3A%2F%2Fmarisaono.com%2Fdelicia%2F2013%2F12%2F03%2Fpao-da-semana-pao-de-queijo-na-forma-de-waffle%2F&title=P%C3%A3o+da+Semana%3A+P%C3%A3o+de+Queijo+na+Forma+de+Waffle', 'freetellafriend', 'scrollbars=1,menubar=0,width=617,height=530,resizable=1,toolbar=0,location=0,status=0,screenX=210,screenY=100,left=210,top=100'); return false;\" target=\"_blank\" title=\"Share This Post\"><img decoding=\"async\" src=\"http:\/\/marisaono.com\/delicia\/wp-content\/plugins\/tell-a-friend\/button.gif\" style=\"width:127px;height:16px;border:0px;\" alt=\"Share This Post\" title=\"Share This Post\" \/><\/a><\/div>\n","protected":false},"excerpt":{"rendered":"<p>[Translate] Nem \u00e9 novidade, mas, v\u00e1 l\u00e1: as f\u00e9rias escolares enfim chegaram, faz um calor infernal e ningu\u00e9m tem \u00e2nimo para acender um forno. Vai que algu\u00e9m ainda n\u00e3o leu o post do Marcelo Katsuki sobre fazer p\u00e3o na forma &hellip; <a href=\"https:\/\/marisaono.com\/delicia\/2013\/12\/03\/pao-da-semana-pao-de-queijo-na-forma-de-waffle\/\">Continuar a ler <span class=\"meta-nav\">&rarr;<\/span><\/a><\/p>\n","protected":false},"author":1,"featured_media":6864,"comment_status":"open","ping_status":"open","sticky":false,"template":"","format":"standard","meta":{"spay_email":"","footnotes":"","jetpack_publicize_message":"","jetpack_is_tweetstorm":false},"categories":[97,20,24,35],"tags":[132,111,145],"jetpack_featured_media_url":"https:\/\/marisaono.com\/delicia\/wp-content\/uploads\/IMG_3742.jpg","jetpack_publicize_connections":[],"jetpack_sharing_enabled":true,"jetpack_shortlink":"https:\/\/wp.me\/pccs7-1MH","jetpack-related-posts":[{"id":10013,"url":"https:\/\/marisaono.com\/delicia\/2019\/07\/01\/waffles\/","url_meta":{"origin":6863,"position":0},"title":"Waffles","date":"Julho 1, 2019","format":false,"excerpt":"Engra\u00e7ado como \u00e0s vezes a gente n\u00e3o sabe o que uma pessoa pr\u00f3xima j\u00e1 comeu na vida. Outro dia, vendo algum programa de TV, minha m\u00e3e comentou que os waffles pareciam ser gostosos. Fiz, que ela comeu com manteiga, geleia, xarope de bordo. \u00c9 uma receita de p\u00e3o f\u00e1cil, mas\u2026","rel":"","context":"In &quot;F\u00e1cil&quot;","img":{"alt_text":"","src":"https:\/\/i2.wp.com\/marisaono.com\/delicia\/wp-content\/uploads\/P_20190701_184715.jpg?resize=350%2C200&ssl=1","width":350,"height":200},"classes":[]},{"id":2202,"url":"https:\/\/marisaono.com\/delicia\/2010\/05\/03\/torta-de-pao-do-desespero\/","url_meta":{"origin":6863,"position":1},"title":"Torta de P\u00e3o do Desespero","date":"Maio 3, 2010","format":false,"excerpt":"A pregui\u00e7a pode ser m\u00e3e de algumas inven\u00e7\u00f5es. Com p\u00e3o de forma rendendo na geladeira h\u00e1 alguns dias, algumas sobras de frango, um peda\u00e7o de queijo, ovos, manteiga, poderia ter feito um sandu\u00edche. Mas acabei fazendo uma brincadeira que rendeu uma torta. N\u00e3o \u00e9 uma receita, \u00e9 s\u00f3 uma id\u00e9ia:\u2026","rel":"","context":"In &quot;Cozinha do Desespero&quot;","img":{"alt_text":"","src":"https:\/\/i2.wp.com\/marisaono.com\/delicia\/wp-content\/uploads\/Torta-de-p\u00e3o-do-desespero-1.jpg?resize=350%2C200&ssl=1","width":350,"height":200},"classes":[]},{"id":431,"url":"https:\/\/marisaono.com\/delicia\/2008\/05\/25\/pao-de-queijo\/","url_meta":{"origin":6863,"position":2},"title":"P\u00e3o de Queijo","date":"Maio 25, 2008","format":false,"excerpt":"Outro dia, uma amiga da minha m\u00e3e veio ver como eu fa\u00e7o p\u00e3o de queijo. Confesso que at\u00e9 ent\u00e3o eu fazia a massa \"a olho\". Fui obrigada a tomar medidas e anotar. Ao contr\u00e1rio de muitas receitas, eu misturo dois tipos de polvilho - o doce e o azedo -\u2026","rel":"","context":"In &quot;lanches&quot;","img":{"alt_text":"","src":"https:\/\/i2.wp.com\/marisaono.com\/delicia\/wp-content\/uploads\/2008\/05\/pao-de-queijo.jpg?resize=350%2C200&ssl=1","width":350,"height":200},"classes":[]},{"id":6630,"url":"https:\/\/marisaono.com\/delicia\/2013\/10\/11\/pao-ou-panetone-salgado-de-calabresa-queijo-e-tomate-seco\/","url_meta":{"origin":6863,"position":3},"title":"P\u00e3o (ou Panetone Salgado) de Calabresa, Queijo e Tomate Seco.","date":"Outubro 11, 2013","format":false,"excerpt":"Outro dia, assistindo \u00e0 tv, minha m\u00e3e perguntou: Como \u00e9 esse tal de panetone salgado? Bem, hoje fui sovar a massa. \u00a0Eu nunca provei um panetone salgado mas parti de uma massa parecida com a de brioche, rica em ovos e com manteiga. Usei calabresa, queijo e tomate seco porque\u2026","rel":"","context":"In &quot;lanches&quot;","img":{"alt_text":"","src":"https:\/\/i1.wp.com\/marisaono.com\/delicia\/wp-content\/uploads\/IMG_3300.jpg?resize=350%2C200&ssl=1","width":350,"height":200},"classes":[]},{"id":6798,"url":"https:\/\/marisaono.com\/delicia\/2013\/11\/22\/pao-da-semana-hoshi-budou-no-shokupan-pao-de-forma-com-passas\/","url_meta":{"origin":6863,"position":4},"title":"P\u00e3o da Semana: Hoshi-budou no Shokupan (P\u00e3o de Forma com Passas)","date":"Novembro 22, 2013","format":false,"excerpt":"H\u00e1 algum tempo pediram-me uma vers\u00e3o do Shoku Pan (P\u00e3o de Forma \u00e0 Japonesa) com farinha de trigo integral. Na \u00e9poca estava sem batedeira ou panificadora dom\u00e9stica. Para esse p\u00e3o recomendo muito o uso de um dos dois, \u00e9 um p\u00e3o que fica melhor com a massa bem trabalhada. E\u2026","rel":"","context":"In &quot;Culin\u00e1ria japonesa&quot;","img":{"alt_text":"","src":"https:\/\/i0.wp.com\/marisaono.com\/delicia\/wp-content\/uploads\/IMG_3647.jpg?resize=350%2C200&ssl=1","width":350,"height":200},"classes":[]},{"id":5342,"url":"https:\/\/marisaono.com\/delicia\/2012\/10\/20\/pudim-de-laranja-e-as-8-duzias-de-laranjas\/","url_meta":{"origin":6863,"position":5},"title":"Pudim de Laranja e As 8 D\u00fazias de Laranjas","date":"Outubro 20, 2012","format":false,"excerpt":"Outro dia topei com uma oferta tentadora: 1 saco com 20 kg de laranjas a R$12,80. Trouxe para casa. Renderam 8 d\u00fazias. Dei algumas aqui e acol\u00e1. N\u00e3o eram doces, mas serviam para fazer refresco. Fiz bolo de laranja, dei para os vizinhos. Mesmo assim ainda estou com algumas por\u2026","rel":"","context":"In &quot;Doces&quot;","img":{"alt_text":"","src":"https:\/\/i0.wp.com\/marisaono.com\/delicia\/wp-content\/uploads\/IMG_1025.jpg?resize=350%2C200&ssl=1","width":350,"height":200},"classes":[]}],"_links":{"self":[{"href":"https:\/\/marisaono.com\/delicia\/wp-json\/wp\/v2\/posts\/6863"}],"collection":[{"href":"https:\/\/marisaono.com\/delicia\/wp-json\/wp\/v2\/posts"}],"about":[{"href":"https:\/\/marisaono.com\/delicia\/wp-json\/wp\/v2\/types\/post"}],"author":[{"embeddable":true,"href":"https:\/\/marisaono.com\/delicia\/wp-json\/wp\/v2\/users\/1"}],"replies":[{"embeddable":true,"href":"https:\/\/marisaono.com\/delicia\/wp-json\/wp\/v2\/comments?post=6863"}],"version-history":[{"count":3,"href":"https:\/\/marisaono.com\/delicia\/wp-json\/wp\/v2\/posts\/6863\/revisions"}],"predecessor-version":[{"id":6868,"href":"https:\/\/marisaono.com\/delicia\/wp-json\/wp\/v2\/posts\/6863\/revisions\/6868"}],"wp:featuredmedia":[{"embeddable":true,"href":"https:\/\/marisaono.com\/delicia\/wp-json\/wp\/v2\/media\/6864"}],"wp:attachment":[{"href":"https:\/\/marisaono.com\/delicia\/wp-json\/wp\/v2\/media?parent=6863"}],"wp:term":[{"taxonomy":"category","embeddable":true,"href":"https:\/\/marisaono.com\/delicia\/wp-json\/wp\/v2\/categories?post=6863"},{"taxonomy":"post_tag","embeddable":true,"href":"https:\/\/marisaono.com\/delicia\/wp-json\/wp\/v2\/tags?post=6863"}],"curies":[{"name":"wp","href":"https:\/\/api.w.org\/{rel}","templated":true}]}}