{"id":6873,"date":"2013-12-06T06:14:26","date_gmt":"2013-12-06T09:14:26","guid":{"rendered":"http:\/\/marisaono.com\/delicia\/?p=6873"},"modified":"2013-12-06T06:14:26","modified_gmt":"2013-12-06T09:14:26","slug":"industrializados-de-qualidade","status":"publish","type":"post","link":"https:\/\/marisaono.com\/delicia\/2013\/12\/06\/industrializados-de-qualidade\/","title":{"rendered":"Industrializados de Qualidade"},"content":{"rendered":"<div class=\"translate_block\" style=\"display: none;\">\n<a class=\"translate_translate\" id=\"translate_button_post-6873\" lang=\"en\" xml:lang=\"en\" href=\"javascript:show_translate_popup('en', 'post', 6873);\">[Translate]<\/a><img src=\"https:\/\/marisaono.com\/delicia\/wp-content\/plugins\/google-ajax-translation\/transparent.gif\" id=\"translate_loading_post-6873\" class=\"translate_loading\" style=\"display: none;\" width=\"16\" height=\"16\" alt=\"\" \/>\n<hr class=\"translate_hr\" \/>\n<\/div>\n<div id=\"content_div-6873\">\n<p>Quem eventualmente me l\u00ea por aqui pode at\u00e9 pensar que sou contra produtos industrializados, j\u00e1 que fa\u00e7o muita coisa em casa: miss\u00f4, diversos fermentados, embutidos, algumas carnes curadas, p\u00e3es, biscoitos, geleias, conservas. N\u00e3o \u00e9 bem assim.<\/p>\n<p>Em parte fa\u00e7o muitas conservas e fermentados por conta de um h\u00e1bito, de longa data. Fazia doce de goiaba quando tinha uns 9, 10 anos de idade, apesar de odiar goiaba. Doce at\u00e9 como, a fruta n\u00e3o me inspira simpatia. Sempre tivemos uns potes de cebolinha no vinagre (rakkyo) ou gengibre (beni-shoga). Pepinos mergulhados no miss\u00f4 caseiro. Mas s\u00f3 com o advento da internet \u00e9 que comecei a pesquisar porque as coisas n\u00e3o estragavam e como poderia conservar outros alimentos.<\/p>\n<p>Trabalhei por 2 anos em uma ind\u00fastria de alimentos. Vi algumas coisas n\u00e3o t\u00e3o bonitas e que espero que n\u00e3o sejam regra nas f\u00e1bricas. Mas tamb\u00e9m aprendi muito sobre administra\u00e7\u00e3o, controle de estoque, de qualidade, normas de higiene e de seguran\u00e7a. Um dos grandes pontos a favor da ind\u00fastria \u00e9 a redu\u00e7\u00e3o do desperd\u00edcio. A organiza\u00e7\u00e3o para estoque, despacho, a log\u00edstica como falam hoje, \u00e9 impressionante. Tanto que comida &#8211; seja boa ou ruim &#8211; chega a quase todos os cantos do Brasil e do mundo.<\/p>\n<p>Pois ent\u00e3o, uso sim produtos industrializados. Ali\u00e1s, \u00e9 bem dif\u00edcil de escapar deles.<\/p>\n<p>E porqu\u00ea estou tocando nesse assunto? Por conta de uma declara\u00e7\u00e3o do Jamie Oliver para o Paladar que saiu hoje:<\/p>\n<p>&#8220;Aprendi nos \u00faltimos anos: industrializado n\u00e3o significa porcaria. M\u00e1 qualidade \u00e9 m\u00e1 qualidade. Ci\u00eancia, linhas de produ\u00e7\u00e3o, agr\u00f4nomos, t\u00e9cnicos, isso pode significar muita qualidade. O mundo est\u00e1 em um novo momento. Nos \u00faltimos dez anos, entendemos a produ\u00e7\u00e3o artesanal do passado e tamb\u00e9m as necessidades modernas, como tecnologia, produ\u00e7\u00e3o em massa e supermercados. Estamos agora num momento de reequil\u00edbrio. Sei por experi\u00eancia pr\u00f3pria que muitas grandes empresas t\u00eam capacidade de fazer a coisa certa. &#8221;<\/p>\n<p>Vejo esse movimento ganhar for\u00e7a no Jap\u00e3o. \u00c9 que tenho mais contato com produtos japoneses que alem\u00e3es, por exemplo. J\u00e1 n\u00e3o \u00e9 de hoje que as ind\u00fastrias t\u00eam lan\u00e7ado produtos com menos s\u00f3dio, sem a\u00e7\u00facar, sem corantes por l\u00e1. E creiam, investem muito tanto na pesquisa do gosto em si quanto no desenvolvimento de produtos.<\/p>\n<p><a href=\"http:\/\/marisaono.com\/delicia\/wp-content\/uploads\/IMG_3749.jpg\"><img loading=\"lazy\" decoding=\"async\" class=\"alignnone size-full wp-image-6874\" title=\"IMG_3749\" src=\"http:\/\/marisaono.com\/delicia\/wp-content\/uploads\/IMG_3749.jpg\" alt=\"\" width=\"360\" height=\"480\" srcset=\"https:\/\/marisaono.com\/delicia\/wp-content\/uploads\/IMG_3749.jpg 360w, https:\/\/marisaono.com\/delicia\/wp-content\/uploads\/IMG_3749-202x270.jpg 202w, https:\/\/marisaono.com\/delicia\/wp-content\/uploads\/IMG_3749-112x150.jpg 112w\" sizes=\"(max-width: 360px) 100vw, 360px\" \/><\/a><\/p>\n<p>Um exemplo \u00e9 o molho acima. N\u00e3o \u00e9 shoyu. N\u00e3o leva esse nome porque shoyu \u00e9 feito de soja, trigo e sal.<\/p>\n<p><a href=\"http:\/\/marisaono.com\/delicia\/wp-content\/uploads\/IMG_3750.jpg\"><img loading=\"lazy\" decoding=\"async\" class=\"alignnone size-full wp-image-6875\" title=\"IMG_3750\" src=\"http:\/\/marisaono.com\/delicia\/wp-content\/uploads\/IMG_3750.jpg\" alt=\"\" width=\"480\" height=\"361\" srcset=\"https:\/\/marisaono.com\/delicia\/wp-content\/uploads\/IMG_3750.jpg 480w, https:\/\/marisaono.com\/delicia\/wp-content\/uploads\/IMG_3750-360x270.jpg 360w, https:\/\/marisaono.com\/delicia\/wp-content\/uploads\/IMG_3750-150x112.jpg 150w, https:\/\/marisaono.com\/delicia\/wp-content\/uploads\/IMG_3750-400x300.jpg 400w\" sizes=\"(max-width: 480px) 100vw, 480px\" \/><\/a><\/p>\n<p>\u00c9 um fermentado que tem por base soja, trigo e \u00e1lcool. A quantidade de s\u00f3dio presente \u00e9 de 0, 3%. Quando fui apresentada a ele, fiquei intrigada. O sal tem, entre outras tantas propriedades, a de conservar, de evitar o desenvolvimento de organismos indesej\u00e1veis, assim como o vinagre e o \u00e1lcool.<\/p>\n<p>Apesar da apar\u00eancia, n\u00e3o tem o mesmo sabor e aroma do shoyu. Na verdade, \u00e9 um pouco amargo e o cheiro de \u00e1lcool \u00e9 bem presente. A maioria das pessoas ir\u00e1 torcer o nariz. No entanto, tem sido usado nas refei\u00e7\u00f5es em hospitais, sobretudo para pacientes que t\u00eam uma dieta com restri\u00e7\u00e3o de s\u00f3dio. \u00c9 borrifado com spray sobre o prato, s\u00f3 para dar um toque de algo pr\u00f3ximo ao shoyu.<\/p>\n<p>\u00c9 s\u00f3 um exemplo. A mesma empresa produz um tamari de qualidade, com 4 anos de fermenta\u00e7\u00e3o, dupla fermenta\u00e7\u00e3o, coisa que a gente pensa que s\u00f3 existiria em um processo artesanal. \u00c9 bem prov\u00e1vel que no futuro teremos produtos com caracter\u00edsticas artesanais, mas com padroniza\u00e7\u00e3o, distribui\u00e7\u00e3o e pre\u00e7os que a ind\u00fastria consegue oferecer.<\/p>\n<p>&nbsp;<\/p>\n<p>&nbsp;<\/p>\n<a href=\"https:\/\/www.freetellafriend.com\/tell\/?url=https%3A%2F%2Fmarisaono.com%2Fdelicia%2F2013%2F12%2F06%2Findustrializados-de-qualidade%2F&title=Industrializados+de+Qualidade\" onclick=\"window.open('https:\/\/www.freetellafriend.com\/tell\/?url=https%3A%2F%2Fmarisaono.com%2Fdelicia%2F2013%2F12%2F06%2Findustrializados-de-qualidade%2F&title=Industrializados+de+Qualidade', 'freetellafriend', 'scrollbars=1,menubar=0,width=617,height=530,resizable=1,toolbar=0,location=0,status=0,screenX=210,screenY=100,left=210,top=100'); return false;\" target=\"_blank\" title=\"Share This Post\"><img decoding=\"async\" src=\"http:\/\/marisaono.com\/delicia\/wp-content\/plugins\/tell-a-friend\/button.gif\" style=\"width:127px;height:16px;border:0px;\" alt=\"Share This Post\" title=\"Share This Post\" \/><\/a><\/div>\n","protected":false},"excerpt":{"rendered":"<p>[Translate] Quem eventualmente me l\u00ea por aqui pode at\u00e9 pensar que sou contra produtos industrializados, j\u00e1 que fa\u00e7o muita coisa em casa: miss\u00f4, diversos fermentados, embutidos, algumas carnes curadas, p\u00e3es, biscoitos, geleias, conservas. N\u00e3o \u00e9 bem assim. Em parte fa\u00e7o &hellip; <a href=\"https:\/\/marisaono.com\/delicia\/2013\/12\/06\/industrializados-de-qualidade\/\">Continuar a ler <span class=\"meta-nav\">&rarr;<\/span><\/a><\/p>\n","protected":false},"author":1,"featured_media":6874,"comment_status":"open","ping_status":"open","sticky":false,"template":"","format":"standard","meta":{"spay_email":"","footnotes":"","jetpack_publicize_message":"","jetpack_is_tweetstorm":false},"categories":[34],"tags":[],"jetpack_featured_media_url":"https:\/\/marisaono.com\/delicia\/wp-content\/uploads\/IMG_3749.jpg","jetpack_publicize_connections":[],"jetpack_sharing_enabled":true,"jetpack_shortlink":"https:\/\/wp.me\/pccs7-1MR","jetpack-related-posts":[{"id":4756,"url":"https:\/\/marisaono.com\/delicia\/2012\/03\/28\/doce-de-goiaba-em-calda\/","url_meta":{"origin":6873,"position":0},"title":"Doce de Goiaba em Calda","date":"Mar\u00e7o 28, 2012","format":false,"excerpt":"Vou confessar uma coisa: n\u00e3o gosto de goiaba. Goiaba me lembra um momento ruim da minha inf\u00e2ncia. Passar perto de um p\u00e9 de goiaba, o cheio delas estragando ao sol, para mim, \u00e9 horr\u00edvel. Mas como nessa vida a gente faz o que \u00e9 necess\u00e1rio, nem sempre faz o que\u2026","rel":"","context":"In &quot;conservas&quot;","img":{"alt_text":"","src":"https:\/\/i0.wp.com\/marisaono.com\/delicia\/wp-content\/uploads\/CIMG1074.jpg?resize=350%2C200&ssl=1","width":350,"height":200},"classes":[]},{"id":6278,"url":"https:\/\/marisaono.com\/delicia\/2013\/07\/11\/no-paladar-fermentados\/","url_meta":{"origin":6873,"position":1},"title":"No Paladar, Fermentados","date":"Julho 11, 2013","format":false,"excerpt":"Pois \u00e9, fermentados existem antes da humanidade. Est\u00e3o a\u00ed, por toda parte, no solo, nas plantas que apodrecem e nas cozinhas. N\u00e3o \u00e9 novidade, mas tem atra\u00eddo a aten\u00e7\u00e3o de muita gente. Paladar comenta sobre livros e chefs que andam fazendo experi\u00eancias. E fui citada. \u00c9, ando falando sobre fermentados\u2026","rel":"","context":"In &quot;conservas&quot;","img":{"alt_text":"","src":"","width":0,"height":0},"classes":[]},{"id":7320,"url":"https:\/\/marisaono.com\/delicia\/2014\/04\/17\/menos-frescura\/","url_meta":{"origin":6873,"position":2},"title":"Menos Frescura","date":"Abril 17, 2014","format":false,"excerpt":"Leio muito que a cozinha japonesa valoriza o frescor dos alimentos. Concordo em parte. Valoriza o que \u00e9 melhor fresco. Mas se pararmos para pensar um pouco, muita coisa da cozinha, n\u00e3o s\u00f3 japonesa, n\u00e3o \u00e9 fresco. O shoyu \u00e9 um deles. Resultado de uma fermenta\u00e7\u00e3o que pode levar de\u2026","rel":"","context":"In &quot;produtos.&quot;","img":{"alt_text":"","src":"","width":0,"height":0},"classes":[]},{"id":8462,"url":"https:\/\/marisaono.com\/delicia\/2015\/09\/29\/minha-participacao-no-9o-paladar-cozinha-do-brasil\/","url_meta":{"origin":6873,"position":3},"title":"Minha Participa\u00e7\u00e3o no 9\u00ba Paladar Cozinha do Brasil","date":"Setembro 29, 2015","format":false,"excerpt":"Acabou. Veio uma sensa\u00e7\u00e3o de al\u00edvio e um certo cansa\u00e7o. Foram dias intensos, desde muito antes da oficina em si. Da euforia pelo convite, passando pelo cuidado com os detalhes (escolha das receitas, se daria para dizer tudo o que queria no tempo estipulado, na organiza\u00e7\u00e3o dos itens para levar,\u2026","rel":"","context":"In &quot;Lugares&quot;","img":{"alt_text":"","src":"https:\/\/i1.wp.com\/marisaono.com\/delicia\/wp-content\/uploads\/12029020_909375642487403_701240830_n.jpg?resize=350%2C200&ssl=1","width":350,"height":200},"classes":[]},{"id":194,"url":"https:\/\/marisaono.com\/delicia\/2008\/01\/15\/petit-four\/","url_meta":{"origin":6873,"position":4},"title":"Petit Four","date":"Janeiro 15, 2008","format":false,"excerpt":"A receita \u00e9 da Cozinha de A a Z, fasc\u00edculo 17. \u00c9 um biscoito sem muita pretens\u00e3o, com goiabada. 3\/4 x\u00edcara de manteiga 3\/4 x\u00edcara de ch\u00e1 de a\u00e7\u00facar 2 ovos 1 coher de ch\u00e1 de baunilha 2 x\u00edcaras de farinha de trigo 2 colheres (de caf\u00e9) de fermento em\u2026","rel":"","context":"In &quot;Doces&quot;","img":{"alt_text":"","src":"https:\/\/i1.wp.com\/marisaono.com\/delicia\/wp-content\/uploads\/img_1552_2_1.jpg?resize=350%2C200&ssl=1","width":350,"height":200},"classes":[]},{"id":1924,"url":"https:\/\/marisaono.com\/delicia\/2010\/01\/24\/dedais-de-sinha\/","url_meta":{"origin":6873,"position":5},"title":"Dedais de Sinh\u00e1","date":"Janeiro 24, 2010","format":false,"excerpt":"Fiz esses biscoitos por conta de uma ida \u00e0 loja de ferragens. Enquanto comprava fios, tomadas e outras coisas, ofereceram-me um biscoitinho de nata e goiabada que um senhor vendia. Acabei comprando dele um pacote, tirado de dentro de uma sacola, onde tamb\u00e9m haviam potinhos de mousse de maracuj\u00e1 e\u2026","rel":"","context":"In &quot;Doces&quot;","img":{"alt_text":"","src":"https:\/\/i0.wp.com\/marisaono.com\/delicia\/wp-content\/uploads\/dedais-de-sinha1.JPG?resize=350%2C200&ssl=1","width":350,"height":200},"classes":[]}],"_links":{"self":[{"href":"https:\/\/marisaono.com\/delicia\/wp-json\/wp\/v2\/posts\/6873"}],"collection":[{"href":"https:\/\/marisaono.com\/delicia\/wp-json\/wp\/v2\/posts"}],"about":[{"href":"https:\/\/marisaono.com\/delicia\/wp-json\/wp\/v2\/types\/post"}],"author":[{"embeddable":true,"href":"https:\/\/marisaono.com\/delicia\/wp-json\/wp\/v2\/users\/1"}],"replies":[{"embeddable":true,"href":"https:\/\/marisaono.com\/delicia\/wp-json\/wp\/v2\/comments?post=6873"}],"version-history":[{"count":2,"href":"https:\/\/marisaono.com\/delicia\/wp-json\/wp\/v2\/posts\/6873\/revisions"}],"predecessor-version":[{"id":6878,"href":"https:\/\/marisaono.com\/delicia\/wp-json\/wp\/v2\/posts\/6873\/revisions\/6878"}],"wp:featuredmedia":[{"embeddable":true,"href":"https:\/\/marisaono.com\/delicia\/wp-json\/wp\/v2\/media\/6874"}],"wp:attachment":[{"href":"https:\/\/marisaono.com\/delicia\/wp-json\/wp\/v2\/media?parent=6873"}],"wp:term":[{"taxonomy":"category","embeddable":true,"href":"https:\/\/marisaono.com\/delicia\/wp-json\/wp\/v2\/categories?post=6873"},{"taxonomy":"post_tag","embeddable":true,"href":"https:\/\/marisaono.com\/delicia\/wp-json\/wp\/v2\/tags?post=6873"}],"curies":[{"name":"wp","href":"https:\/\/api.w.org\/{rel}","templated":true}]}}