{"id":7005,"date":"2014-01-11T20:48:11","date_gmt":"2014-01-11T23:48:11","guid":{"rendered":"http:\/\/marisaono.com\/delicia\/?p=7005"},"modified":"2014-01-11T20:48:11","modified_gmt":"2014-01-11T23:48:11","slug":"pernil-de-cabrito-assado","status":"publish","type":"post","link":"https:\/\/marisaono.com\/delicia\/2014\/01\/11\/pernil-de-cabrito-assado\/","title":{"rendered":"Pernil de Cabrito Assado"},"content":{"rendered":"<div class=\"translate_block\" style=\"display: none;\">\n<a class=\"translate_translate\" id=\"translate_button_post-7005\" lang=\"en\" xml:lang=\"en\" href=\"javascript:show_translate_popup('en', 'post', 7005);\">[Translate]<\/a><img src=\"https:\/\/marisaono.com\/delicia\/wp-content\/plugins\/google-ajax-translation\/transparent.gif\" id=\"translate_loading_post-7005\" class=\"translate_loading\" style=\"display: none;\" width=\"16\" height=\"16\" alt=\"\" \/>\n<hr class=\"translate_hr\" \/>\n<\/div>\n<div id=\"content_div-7005\">\n<p><a href=\"http:\/\/marisaono.com\/delicia\/wp-content\/uploads\/IMG_20131228_124644.jpg\"><img loading=\"lazy\" decoding=\"async\" class=\"alignnone size-full wp-image-7006\" title=\"IMG_20131228_124644\" src=\"http:\/\/marisaono.com\/delicia\/wp-content\/uploads\/IMG_20131228_124644.jpg\" alt=\"\" width=\"360\" height=\"480\" srcset=\"https:\/\/marisaono.com\/delicia\/wp-content\/uploads\/IMG_20131228_124644.jpg 360w, https:\/\/marisaono.com\/delicia\/wp-content\/uploads\/IMG_20131228_124644-203x270.jpg 203w, https:\/\/marisaono.com\/delicia\/wp-content\/uploads\/IMG_20131228_124644-113x150.jpg 113w\" sizes=\"(max-width: 360px) 100vw, 360px\" \/><\/a><\/p>\n<p>Comentei ontem que preparei um pernil de cabrito assado no final do ano. Creia, um assado \u00e9 uma coisa \u00f3tima para se fazer quando recebe gente. N\u00e3o ocupo uma boca do fog\u00e3o, que fica livre para fazer outras coisas, n\u00e3o exige que eu fique o tempo todo cuidando dele e a maioria das pessoas gosta. E tamb\u00e9m \u00e9 algo que pode ser servido com uma s\u00e9rie de acompanhamentos, sem brigas (salada, arroz, batatas coradas, pur\u00ea, enfim, as possibilidades s\u00e3o muitas).<\/p>\n<p><a href=\"http:\/\/marisaono.com\/delicia\/wp-content\/uploads\/IMG_20131226_191556.jpg\"><img loading=\"lazy\" decoding=\"async\" class=\"alignnone size-full wp-image-7007\" title=\"IMG_20131226_191556\" src=\"http:\/\/marisaono.com\/delicia\/wp-content\/uploads\/IMG_20131226_191556.jpg\" alt=\"\" width=\"360\" height=\"480\" srcset=\"https:\/\/marisaono.com\/delicia\/wp-content\/uploads\/IMG_20131226_191556.jpg 360w, https:\/\/marisaono.com\/delicia\/wp-content\/uploads\/IMG_20131226_191556-202x270.jpg 202w, https:\/\/marisaono.com\/delicia\/wp-content\/uploads\/IMG_20131226_191556-112x150.jpg 112w\" sizes=\"(max-width: 360px) 100vw, 360px\" \/><\/a><\/p>\n<p>O pernil de cabrito da <a href=\"http:\/\/www.apris.com.br\/\" target=\"_blank\">Apris<\/a> vem congelado. \u00c9 uma marca que est\u00e1 crescendo e, creia, encontrei at\u00e9 mesmo em Ibi\u00fana, no supermercado Ibi\u00fana, pr\u00f3ximo \u00e0 rodovi\u00e1ria da cidade.<\/p>\n<p><a href=\"http:\/\/marisaono.com\/delicia\/wp-content\/uploads\/IMG_20131226_191541.jpg\"><img loading=\"lazy\" decoding=\"async\" class=\"alignnone size-full wp-image-7008\" title=\"IMG_20131226_191541\" src=\"http:\/\/marisaono.com\/delicia\/wp-content\/uploads\/IMG_20131226_191541.jpg\" alt=\"\" width=\"360\" height=\"480\" srcset=\"https:\/\/marisaono.com\/delicia\/wp-content\/uploads\/IMG_20131226_191541.jpg 360w, https:\/\/marisaono.com\/delicia\/wp-content\/uploads\/IMG_20131226_191541-202x270.jpg 202w, https:\/\/marisaono.com\/delicia\/wp-content\/uploads\/IMG_20131226_191541-112x150.jpg 112w\" sizes=\"(max-width: 360px) 100vw, 360px\" \/><\/a><\/p>\n<p>N\u00e3o optei pela marinada tradicional. Preferi bater vinho tinto com alho e sal, coar e injetar na carne. Uma op\u00e7\u00e3o barata para fazer isso \u00e9 comprar uma seringa descart\u00e1vel em uma loja de produtos veterin\u00e1rios. Essas seringas grandes costumam ser usadas para aplicar inje\u00e7\u00f5es em animais de grande porte (cavalos, vacas) e uma seringa com um calibre grosso (para n\u00e3o entupir com facilidade). Esse m\u00e9todo tem a vantagem de temperar a carne de maneira mais uniforme e evitar o desperd\u00edcio de ingredientes. Deixei na geladeira, dentro de um saco pl\u00e1stico, de um dia para outro.<\/p>\n<p><a href=\"http:\/\/marisaono.com\/delicia\/wp-content\/uploads\/IMG_20131228_064603.jpg\"><img loading=\"lazy\" decoding=\"async\" class=\"alignnone size-full wp-image-7009\" title=\"IMG_20131228_064603\" src=\"http:\/\/marisaono.com\/delicia\/wp-content\/uploads\/IMG_20131228_064603.jpg\" alt=\"\" width=\"360\" height=\"480\" srcset=\"https:\/\/marisaono.com\/delicia\/wp-content\/uploads\/IMG_20131228_064603.jpg 360w, https:\/\/marisaono.com\/delicia\/wp-content\/uploads\/IMG_20131228_064603-202x270.jpg 202w, https:\/\/marisaono.com\/delicia\/wp-content\/uploads\/IMG_20131228_064603-112x150.jpg 112w\" sizes=\"(max-width: 360px) 100vw, 360px\" \/><\/a><\/p>\n<p>Na hora de assar, adicionei cebolas, alguns dentes de alhos inteiros e folhas de louro frescas, pelo aroma. Como a carne \u00e9 muito magra, reguei com um pouco de azeite e cobri com uma folha de papel alum\u00ednio. Cerca de 2 horas de forno moderado d\u00e3o conta de cozinhar e amaciar a carne. Testei com um garfo, depois tirei o papel para que dourasse.<\/p>\n<p>Cabrito \u00e9 uma carne magra. Ao contr\u00e1rio do que muita gente pensa, n\u00e3o tem cheiro forte. E n\u00e3o \u00e9 t\u00e3o parecida com a carne de cordeiro quando muitos imaginam. Creio que s\u00f3 faltou um molho, que eu deveria ter feito, mas n\u00e3o pensei muito no assunto, faltou inspira\u00e7\u00e3o. Fica para a pr\u00f3xima vez.<\/p>\n<p>&nbsp;<\/p>\n<p>&nbsp;<\/p>\n<a href=\"https:\/\/www.freetellafriend.com\/tell\/?url=https%3A%2F%2Fmarisaono.com%2Fdelicia%2F2014%2F01%2F11%2Fpernil-de-cabrito-assado%2F&title=Pernil+de+Cabrito+Assado\" onclick=\"window.open('https:\/\/www.freetellafriend.com\/tell\/?url=https%3A%2F%2Fmarisaono.com%2Fdelicia%2F2014%2F01%2F11%2Fpernil-de-cabrito-assado%2F&title=Pernil+de+Cabrito+Assado', 'freetellafriend', 'scrollbars=1,menubar=0,width=617,height=530,resizable=1,toolbar=0,location=0,status=0,screenX=210,screenY=100,left=210,top=100'); return false;\" target=\"_blank\" title=\"Share This Post\"><img decoding=\"async\" src=\"http:\/\/marisaono.com\/delicia\/wp-content\/plugins\/tell-a-friend\/button.gif\" style=\"width:127px;height:16px;border:0px;\" alt=\"Share This Post\" title=\"Share This Post\" \/><\/a><\/div>\n","protected":false},"excerpt":{"rendered":"<p>[Translate] Comentei ontem que preparei um pernil de cabrito assado no final do ano. Creia, um assado \u00e9 uma coisa \u00f3tima para se fazer quando recebe gente. N\u00e3o ocupo uma boca do fog\u00e3o, que fica livre para fazer outras coisas, &hellip; <a href=\"https:\/\/marisaono.com\/delicia\/2014\/01\/11\/pernil-de-cabrito-assado\/\">Continuar a ler <span class=\"meta-nav\">&rarr;<\/span><\/a><\/p>\n","protected":false},"author":1,"featured_media":7006,"comment_status":"open","ping_status":"open","sticky":false,"template":"","format":"standard","meta":{"spay_email":"","footnotes":"","jetpack_publicize_message":"","jetpack_is_tweetstorm":false},"categories":[11,51,256],"tags":[],"jetpack_featured_media_url":"https:\/\/marisaono.com\/delicia\/wp-content\/uploads\/IMG_20131228_124644.jpg","jetpack_publicize_connections":[],"jetpack_sharing_enabled":true,"jetpack_shortlink":"https:\/\/wp.me\/pccs7-1OZ","jetpack-related-posts":[{"id":6961,"url":"https:\/\/marisaono.com\/delicia\/2014\/01\/10\/minha-virada-de-ano\/","url_meta":{"origin":7005,"position":0},"title":"Minha Virada de Ano","date":"Janeiro 10, 2014","format":false,"excerpt":"N\u00e3o tive tempo nem como agradecer a todos os votos de boas festas, bom 2014, aqui, no Facebook e Twitter. Obrigada por tantos votos, espero que todos tenham um ano sem sobressaltos e com muitas alegrias. E boa comida, claro! N\u00e3o costumamos comemorar no Natal aqui em casa. O Natal\u2026","rel":"","context":"With 1 comment","img":{"alt_text":"","src":"https:\/\/i1.wp.com\/marisaono.com\/delicia\/wp-content\/uploads\/IMG_3819.jpg?resize=350%2C200&ssl=1","width":350,"height":200},"classes":[]},{"id":9401,"url":"https:\/\/marisaono.com\/delicia\/2017\/03\/26\/bacon-pernil-e-pastrami\/","url_meta":{"origin":7005,"position":1},"title":"Bacon, Pernil e Pastrami","date":"Mar\u00e7o 26, 2017","format":false,"excerpt":"D\u00e1 para fazer defumados em casa. Salga, cura, defuma\u00e7\u00e3o do bacon, pernil e pastrami, seguido de almo\u00e7o com as carnes, salada, p\u00e3es e sobremesa. Ch\u00e1, \u00e1gua e caf\u00e9. Tudo isso no pr\u00f3ximo domingo, das 10 horas at\u00e9 as 15, aqui em casa, perto de Ibi\u00fana. Mais informa\u00e7\u00f5es pelo e-mail marisaono@gmail.com\u2026","rel":"","context":"Similar post","img":{"alt_text":"","src":"https:\/\/i1.wp.com\/marisaono.com\/delicia\/wp-content\/uploads\/bacon-1.jpg?resize=350%2C200","width":350,"height":200},"classes":[]},{"id":9584,"url":"https:\/\/marisaono.com\/delicia\/2017\/07\/13\/defumados-bacon-pernil-e-pastrami\/","url_meta":{"origin":7005,"position":2},"title":"Defumados: Bacon, Pernil e Pastrami","date":"Julho 13, 2017","format":false,"excerpt":"Que tal aprender a fazer um bacon como este da foto, em casa? E pernil e pastrami. E depois, ainda almo\u00e7ar as carnes rec\u00e9m-defumadas com p\u00e3es artesanais, ch\u00e1 e sobremesa? Dia 23 pr\u00f3ximo, domingo, das 10 \u00e0s 16 horas. Onde: Aqui em casa, em Ibi\u00fana, pr\u00f3ximo ao Haras Setti. Mais\u2026","rel":"","context":"Similar post","img":{"alt_text":"","src":"https:\/\/i1.wp.com\/marisaono.com\/delicia\/wp-content\/uploads\/bacon-1.jpg?resize=350%2C200","width":350,"height":200},"classes":[]},{"id":9917,"url":"https:\/\/marisaono.com\/delicia\/2018\/11\/11\/bacon-pernil-defumado-e-pastrami\/","url_meta":{"origin":7005,"position":3},"title":"Bacon, Pernil Defumado e Pastrami","date":"Novembro 11, 2018","format":false,"excerpt":"Fazer bacon em casa n\u00e3o \u00e9 t\u00e3o dif\u00edcil quanto se pensa. Quer aprender? Quando: S\u00e1bado, dia 17\/11, das 10 \u00e0s 16 horas. Onde: Aqui em casa, pr\u00f3ximo ao Haras Setti e o campo de beisebol da Yakult em Ibi\u00fana. Receitas apresentadas: Bacon, pernil defumado e pastrami. Falo sobre as t\u00e9cnicas\u2026","rel":"","context":"With 2 comments","img":{"alt_text":"","src":"https:\/\/i1.wp.com\/marisaono.com\/delicia\/wp-content\/uploads\/36847930_205358566819232_4470094037738586112_n1-768x768.jpg?resize=350%2C200","width":350,"height":200},"classes":[]},{"id":9838,"url":"https:\/\/marisaono.com\/delicia\/2018\/07\/23\/bacon-pernil-defumado-pastrami\/","url_meta":{"origin":7005,"position":4},"title":"Bacon, Pernil Defumado, Pastrami","date":"Julho 23, 2018","format":false,"excerpt":"Aprenda a fazer bacon em casa, sem mist\u00e9rios, sem complica\u00e7\u00e3o. Falo sobre t\u00e9cnicas de salga, cura, madeiras pr\u00f3prias para defuma\u00e7\u00e3o, op\u00e7\u00f5es de defumadores caseiros. Ser\u00e3o 3 carnes: bacon, pernil e pastrami. Depois segue almo\u00e7o com as carnes defumadas no dia, com p\u00e3es, salada, sobremesa e ch\u00e1. Onde: Aqui em casa,\u2026","rel":"","context":"Similar post","img":{"alt_text":"","src":"https:\/\/i1.wp.com\/marisaono.com\/delicia\/wp-content\/uploads\/36847930_205358566819232_4470094037738586112_n1.jpg?resize=350%2C200&ssl=1","width":350,"height":200},"classes":[]},{"id":3790,"url":"https:\/\/marisaono.com\/delicia\/2011\/11\/09\/casa-cor-boa-mesa-casa-da-li-e-julice\/","url_meta":{"origin":7005,"position":5},"title":"Casa Cor Boa Mesa - Casa da Li e Julice","date":"Novembro 9, 2011","format":false,"excerpt":"Ontem vi a Eliane Andr\u00e9 da Casa da Li (Rua Aspicuelta, 23 | Vila Madalena \u2013 S\u00e3o Paulo) preparar a famosa porchetta dela. Como a maioria das pessoas n\u00e3o possui um forno muito grande, ela sugeriu fazer com uma leitoa (sem pernil e paleta) desossada. Explicou que a porchetta \u00e9\u2026","rel":"","context":"In &quot;Lugares&quot;","img":{"alt_text":"","src":"https:\/\/i1.wp.com\/marisaono.com\/delicia\/wp-content\/uploads\/CIMG0190.jpg?resize=350%2C200&ssl=1","width":350,"height":200},"classes":[]}],"_links":{"self":[{"href":"https:\/\/marisaono.com\/delicia\/wp-json\/wp\/v2\/posts\/7005"}],"collection":[{"href":"https:\/\/marisaono.com\/delicia\/wp-json\/wp\/v2\/posts"}],"about":[{"href":"https:\/\/marisaono.com\/delicia\/wp-json\/wp\/v2\/types\/post"}],"author":[{"embeddable":true,"href":"https:\/\/marisaono.com\/delicia\/wp-json\/wp\/v2\/users\/1"}],"replies":[{"embeddable":true,"href":"https:\/\/marisaono.com\/delicia\/wp-json\/wp\/v2\/comments?post=7005"}],"version-history":[{"count":2,"href":"https:\/\/marisaono.com\/delicia\/wp-json\/wp\/v2\/posts\/7005\/revisions"}],"predecessor-version":[{"id":7011,"href":"https:\/\/marisaono.com\/delicia\/wp-json\/wp\/v2\/posts\/7005\/revisions\/7011"}],"wp:featuredmedia":[{"embeddable":true,"href":"https:\/\/marisaono.com\/delicia\/wp-json\/wp\/v2\/media\/7006"}],"wp:attachment":[{"href":"https:\/\/marisaono.com\/delicia\/wp-json\/wp\/v2\/media?parent=7005"}],"wp:term":[{"taxonomy":"category","embeddable":true,"href":"https:\/\/marisaono.com\/delicia\/wp-json\/wp\/v2\/categories?post=7005"},{"taxonomy":"post_tag","embeddable":true,"href":"https:\/\/marisaono.com\/delicia\/wp-json\/wp\/v2\/tags?post=7005"}],"curies":[{"name":"wp","href":"https:\/\/api.w.org\/{rel}","templated":true}]}}