{"id":7027,"date":"2014-01-19T21:13:21","date_gmt":"2014-01-20T00:13:21","guid":{"rendered":"http:\/\/marisaono.com\/delicia\/?p=7027"},"modified":"2014-01-19T21:13:21","modified_gmt":"2014-01-20T00:13:21","slug":"minha-vez-no-riconcito","status":"publish","type":"post","link":"https:\/\/marisaono.com\/delicia\/2014\/01\/19\/minha-vez-no-riconcito\/","title":{"rendered":"Minha  Vez no Riconcito"},"content":{"rendered":"<div class=\"translate_block\" style=\"display: none;\">\n<a class=\"translate_translate\" id=\"translate_button_post-7027\" lang=\"en\" xml:lang=\"en\" href=\"javascript:show_translate_popup('en', 'post', 7027);\">[Translate]<\/a><img src=\"https:\/\/marisaono.com\/delicia\/wp-content\/plugins\/google-ajax-translation\/transparent.gif\" id=\"translate_loading_post-7027\" class=\"translate_loading\" style=\"display: none;\" width=\"16\" height=\"16\" alt=\"\" \/>\n<hr class=\"translate_hr\" \/>\n<\/div>\n<div id=\"content_div-7027\">\n<p><a href=\"http:\/\/marisaono.com\/delicia\/wp-content\/uploads\/IMG_3976.jpg\"><img loading=\"lazy\" decoding=\"async\" class=\"alignnone size-full wp-image-7028\" title=\"ceviche reconcito\" src=\"http:\/\/marisaono.com\/delicia\/wp-content\/uploads\/IMG_3976.jpg\" alt=\"\" width=\"480\" height=\"360\" srcset=\"https:\/\/marisaono.com\/delicia\/wp-content\/uploads\/IMG_3976.jpg 480w, https:\/\/marisaono.com\/delicia\/wp-content\/uploads\/IMG_3976-360x270.jpg 360w, https:\/\/marisaono.com\/delicia\/wp-content\/uploads\/IMG_3976-150x113.jpg 150w, https:\/\/marisaono.com\/delicia\/wp-content\/uploads\/IMG_3976-400x300.jpg 400w\" sizes=\"(max-width: 480px) 100vw, 480px\" \/><\/a><\/p>\n<p>Bem, muito j\u00e1 foi falado do Reconcito, restaurante que come\u00e7ou atendendo uma clientela peruana e boliviana e que no ano passado ganhou o pr\u00eamio <a href=\"http:\/\/www.estadao.com.br\/revistapaladar\/menu\/ceviche\" target=\"_blank\">&#8220;Melhor Ceviche&#8221; do Paladar<\/a>. Fui com leitores do blog que viraram amigos. Confesso que nunca havia ido para aqueles lados da cidade.<\/p>\n<p>Come\u00e7amos com o Ceviche de Pescado. O da foto acima \u00e9 a por\u00e7\u00e3o m\u00e9dia (s\u00e3o 3 tamanhos: pequeno, m\u00e9dio e grande). O sal estava na medida, um pouco picante, o coentro discreto. De fato, bem melhor que uns que j\u00e1 comi.<\/p>\n<p><a href=\"http:\/\/marisaono.com\/delicia\/wp-content\/uploads\/IMG_3977.jpg\"><img loading=\"lazy\" decoding=\"async\" class=\"alignnone size-full wp-image-7029\" title=\"IMG_3977\" src=\"http:\/\/marisaono.com\/delicia\/wp-content\/uploads\/IMG_3977.jpg\" alt=\"\" width=\"480\" height=\"360\" srcset=\"https:\/\/marisaono.com\/delicia\/wp-content\/uploads\/IMG_3977.jpg 480w, https:\/\/marisaono.com\/delicia\/wp-content\/uploads\/IMG_3977-360x270.jpg 360w, https:\/\/marisaono.com\/delicia\/wp-content\/uploads\/IMG_3977-150x112.jpg 150w, https:\/\/marisaono.com\/delicia\/wp-content\/uploads\/IMG_3977-400x300.jpg 400w\" sizes=\"(max-width: 480px) 100vw, 480px\" \/><\/a><\/p>\n<p>O arroz chaufa mixto (frango e carne de boi, com ovos) \u00e9 o resultado da influ\u00eancia chinesa no Peru. Vale pela curiosidade mas prefiro os que como nos chineses. Tamb\u00e9m de influ\u00eancia chinesa s\u00e3o os macarr\u00f5es, que lembram o yakisoba.<\/p>\n<p><a href=\"http:\/\/marisaono.com\/delicia\/wp-content\/uploads\/1528648_10151880507008483_340365690_n.jpg\"><img loading=\"lazy\" decoding=\"async\" class=\"alignnone size-full wp-image-7030\" title=\"chicharron mixto reconcito\" src=\"http:\/\/marisaono.com\/delicia\/wp-content\/uploads\/1528648_10151880507008483_340365690_n.jpg\" alt=\"\" width=\"480\" height=\"480\" srcset=\"https:\/\/marisaono.com\/delicia\/wp-content\/uploads\/1528648_10151880507008483_340365690_n.jpg 480w, https:\/\/marisaono.com\/delicia\/wp-content\/uploads\/1528648_10151880507008483_340365690_n-150x150.jpg 150w, https:\/\/marisaono.com\/delicia\/wp-content\/uploads\/1528648_10151880507008483_340365690_n-270x270.jpg 270w, https:\/\/marisaono.com\/delicia\/wp-content\/uploads\/1528648_10151880507008483_340365690_n-400x400.jpg 400w\" sizes=\"(max-width: 480px) 100vw, 480px\" \/><\/a><\/p>\n<p>Como havia espa\u00e7o no est\u00f4mago (est\u00e1vamos em cinco) pedimos um chicharron mixto: lula, camar\u00e3o, peixe e batatas fritas. As lulas estavam macias e, bem, era frito, \u00e9 raro fritura n\u00e3o ser gostosa.<\/p>\n<p><a href=\"http:\/\/marisaono.com\/delicia\/wp-content\/uploads\/IMG_3975.jpg\"><img loading=\"lazy\" decoding=\"async\" class=\"alignnone size-full wp-image-7031\" title=\"IMG_3975\" src=\"http:\/\/marisaono.com\/delicia\/wp-content\/uploads\/IMG_3975.jpg\" alt=\"\" width=\"360\" height=\"480\" srcset=\"https:\/\/marisaono.com\/delicia\/wp-content\/uploads\/IMG_3975.jpg 360w, https:\/\/marisaono.com\/delicia\/wp-content\/uploads\/IMG_3975-202x270.jpg 202w, https:\/\/marisaono.com\/delicia\/wp-content\/uploads\/IMG_3975-112x150.jpg 112w\" sizes=\"(max-width: 360px) 100vw, 360px\" \/><\/a><\/p>\n<p>Bebemos Inca Kola (a cor \u00e9 essa mesmo, parece ser algo radioativo, lembra detergente mas o sabor \u00e9 algo entre ess\u00eancia de abacaxi e tuti-fruti; \u00e9 doce, bem doce) e Chicha Morada que, pelo que entendi, \u00e9 feita de um preparado (Negrita). Tamb\u00e9m muito doce, com gosto de cravo e canela, lembrando xarope para tosse. N\u00e3o, n\u00e3o foi a minha primeira vez, j\u00e1 conhecia, eram comuns nas mercearias latinas do Jap\u00e3o.<\/p>\n<p><a href=\"http:\/\/marisaono.com\/delicia\/wp-content\/uploads\/IMG_3978.jpg\"><img loading=\"lazy\" decoding=\"async\" class=\"alignnone size-full wp-image-7032\" title=\"alfajores riconcito\" src=\"http:\/\/marisaono.com\/delicia\/wp-content\/uploads\/IMG_3978.jpg\" alt=\"\" width=\"480\" height=\"360\" srcset=\"https:\/\/marisaono.com\/delicia\/wp-content\/uploads\/IMG_3978.jpg 480w, https:\/\/marisaono.com\/delicia\/wp-content\/uploads\/IMG_3978-360x270.jpg 360w, https:\/\/marisaono.com\/delicia\/wp-content\/uploads\/IMG_3978-150x112.jpg 150w, https:\/\/marisaono.com\/delicia\/wp-content\/uploads\/IMG_3978-400x300.jpg 400w\" sizes=\"(max-width: 480px) 100vw, 480px\" \/><\/a><\/p>\n<p>Pedimos tamb\u00e9m alfajores, que s\u00e3o diferentes dos que vemos por aqui. Os alfajores peruanos n\u00e3o s\u00e3o cobertos com chocolate. Eu fiz uma receita aqui:<\/p>\n<p><a href=\"http:\/\/marisaono.com\/delicia\/?p=4937\" target=\"_blank\">http:\/\/marisaono.com\/delicia\/?p=4937<\/a><\/p>\n<p>A vers\u00e3o deles \u00e9 um pouco diferente, vai amido de milho na massa. O sal \u00e9 presente na massa do biscoito. Quem quiser, pode levar para casa.<\/p>\n<p><a href=\"http:\/\/marisaono.com\/delicia\/wp-content\/uploads\/IMG_3980.jpg\"><img loading=\"lazy\" decoding=\"async\" class=\"alignnone size-full wp-image-7033\" title=\"IMG_3980\" src=\"http:\/\/marisaono.com\/delicia\/wp-content\/uploads\/IMG_3980.jpg\" alt=\"\" width=\"480\" height=\"360\" srcset=\"https:\/\/marisaono.com\/delicia\/wp-content\/uploads\/IMG_3980.jpg 480w, https:\/\/marisaono.com\/delicia\/wp-content\/uploads\/IMG_3980-360x270.jpg 360w, https:\/\/marisaono.com\/delicia\/wp-content\/uploads\/IMG_3980-150x112.jpg 150w, https:\/\/marisaono.com\/delicia\/wp-content\/uploads\/IMG_3980-400x300.jpg 400w\" sizes=\"(max-width: 480px) 100vw, 480px\" \/><\/a><\/p>\n<p>E pedimos uma torta gelada, que era um bolo com recheio de um creme, coberto com gelatina. N\u00e3o era muito doce, mas tamb\u00e9m n\u00e3o era nada memor\u00e1vel.<\/p>\n<p>A conta ficou em 33 por pessoa (est\u00e1vamos em cinco) sem os 10% de servi\u00e7o. O atendimento n\u00e3o \u00e9 o mais primoroso do mundo, o sal\u00e3o se encheu de fuma\u00e7a, o lugar \u00e9 apertado e a vizinhan\u00e7a, bem, n\u00e3o \u00e9 das mais amistosas. E mesmo assim havia uma fila enorme de gente querendo provar o cheviche. Vale? Vale pelo ceviche. Lamentei que, apesar de constar no card\u00e1pio, n\u00e3o havia <a href=\"http:\/\/marisaono.com\/delicia\/?p=3315\" target=\"_blank\">causa rele\u00f1a<\/a> nem papa a la huancaina. Tamb\u00e9m n\u00e3o fazem <a href=\"http:\/\/marisaono.com\/delicia\/?p=5469\" target=\"_blank\">aj\u00ed de pollo ou gallina<\/a> . N\u00e3o vi picarrones nem bolo dos tres leches nas op\u00e7\u00f5es de sobremesa. S\u00e3o op\u00e7\u00f5es \u00f3bvias e que eu esperava encontrar. Por outro lado, as op\u00e7\u00f5es de carnes salteadas com batatas e de sopas me pareceu interessante. Ficam para uma outra vez.<\/p>\n<p>Riconcito fica na Rua Aurora 451, Centro.<\/p>\n<p>&nbsp;<\/p>\n<p>&nbsp;<\/p>\n<a href=\"https:\/\/www.freetellafriend.com\/tell\/?url=https%3A%2F%2Fmarisaono.com%2Fdelicia%2F2014%2F01%2F19%2Fminha-vez-no-riconcito%2F&title=Minha++Vez+no+Riconcito\" onclick=\"window.open('https:\/\/www.freetellafriend.com\/tell\/?url=https%3A%2F%2Fmarisaono.com%2Fdelicia%2F2014%2F01%2F19%2Fminha-vez-no-riconcito%2F&title=Minha++Vez+no+Riconcito', 'freetellafriend', 'scrollbars=1,menubar=0,width=617,height=530,resizable=1,toolbar=0,location=0,status=0,screenX=210,screenY=100,left=210,top=100'); return false;\" target=\"_blank\" title=\"Share This Post\"><img decoding=\"async\" src=\"http:\/\/marisaono.com\/delicia\/wp-content\/plugins\/tell-a-friend\/button.gif\" style=\"width:127px;height:16px;border:0px;\" alt=\"Share This Post\" title=\"Share This Post\" \/><\/a><\/div>\n","protected":false},"excerpt":{"rendered":"<p>[Translate] Bem, muito j\u00e1 foi falado do Reconcito, restaurante que come\u00e7ou atendendo uma clientela peruana e boliviana e que no ano passado ganhou o pr\u00eamio &#8220;Melhor Ceviche&#8221; do Paladar. Fui com leitores do blog que viraram amigos. Confesso que nunca &hellip; <a href=\"https:\/\/marisaono.com\/delicia\/2014\/01\/19\/minha-vez-no-riconcito\/\">Continuar a ler <span class=\"meta-nav\">&rarr;<\/span><\/a><\/p>\n","protected":false},"author":1,"featured_media":7028,"comment_status":"open","ping_status":"open","sticky":false,"template":"","format":"standard","meta":{"spay_email":"","footnotes":"","jetpack_publicize_message":"","jetpack_is_tweetstorm":false},"categories":[16,98],"tags":[],"jetpack_featured_media_url":"https:\/\/marisaono.com\/delicia\/wp-content\/uploads\/IMG_3976.jpg","jetpack_publicize_connections":[],"jetpack_sharing_enabled":true,"jetpack_shortlink":"https:\/\/wp.me\/pccs7-1Pl","jetpack-related-posts":[{"id":4811,"url":"https:\/\/marisaono.com\/delicia\/2012\/05\/02\/chefs-na-rua\/","url_meta":{"origin":7027,"position":0},"title":"Chefs na Rua","date":"Maio 2, 2012","format":false,"excerpt":"A virada cultural de S\u00e3o Paulo, que come\u00e7a no pr\u00f3ximo s\u00e1bado \u00e0s 18 horas e dura 24 horas vai ter um elemento novo: 20 barracas oferecendo comida simples feitas por chefs famosos. Alex Atala serve a galinhada \u00e0 meia-noite no minhoc\u00e3o. Durante a madrugada, sopa do chef Eric Jaquin. Estes\u2026","rel":"","context":"In &quot;Lugares&quot;","img":{"alt_text":"","src":"","width":0,"height":0},"classes":[]},{"id":8286,"url":"https:\/\/marisaono.com\/delicia\/2015\/05\/15\/mani\/","url_meta":{"origin":7027,"position":1},"title":"Man\u00ed","date":"Maio 15, 2015","format":false,"excerpt":"J\u00e1 disse em algum post, mas vale repetir. A diferen\u00e7a entre uma cozinha dom\u00e9stica ou amadora e uma profissional, para mim, est\u00e1 naquele algo a mais. Esse algo a mais, claro, vai al\u00e9m da apresenta\u00e7\u00e3o bonita. Est\u00e1 em uma t\u00e9cnica bem empregada, no equil\u00edbrio, numa cria\u00e7\u00e3o que junta ingredientes que\u2026","rel":"","context":"In &quot;Lugares&quot;","img":{"alt_text":"","src":"https:\/\/i1.wp.com\/marisaono.com\/delicia\/wp-content\/uploads\/IMG_5602.jpg?resize=350%2C200&ssl=1","width":350,"height":200},"classes":[]},{"id":9570,"url":"https:\/\/marisaono.com\/delicia\/2017\/06\/28\/batida-na-escadaria-no-dia-08-de-julho\/","url_meta":{"origin":7027,"position":2},"title":"Batida na Escadaria no dia 08 de Julho","date":"Junho 28, 2017","format":false,"excerpt":"No dia 08 de julho estarei na\u00a0Rua Alves Guimar\u00e3es, 766 (Pinheiros) a partir das 12 horas, com miso, conservas, geleias, defumados e outras coisas.\u00a0Al\u00e9m de mim estar\u00e3o:\u00a0Checho Gonzales, da Comedoria Gonzales, com cevichesDaniela Bravin e C\u00e1ssia Campos com vinhos em ta\u00e7as ou garrafasG\u00fcnter Sarfert, com drinquesLigia Karasawa do Brace, no\u2026","rel":"","context":"In &quot;Lugares&quot;","img":{"alt_text":"","src":"","width":0,"height":0},"classes":[]},{"id":5416,"url":"https:\/\/marisaono.com\/delicia\/2012\/11\/10\/outro-caracol-marinho\/","url_meta":{"origin":7027,"position":3},"title":"Outro Caracol Marinho - Zidona dufresneyi","date":"Novembro 10, 2012","format":false,"excerpt":"Eu pretendia continua escrevendo sobre a Semana Mesa SP mas fa\u00e7o uma pausa para falar desses caramujos que comprei hoje. Creio que s\u00e3o os mesmos que o Alex Atala comentou na sua coluna na Prazeres da Mesa: http:\/\/prazeresdamesa.uol.com.br\/exibirMateria\/4899\/mar-do-brasil Encontrei no varej\u00e3o do Ceagesp a R$5,00 o quilo. Escolhi e trouxe\u2026","rel":"","context":"In &quot;Culin\u00e1ria japonesa&quot;","img":{"alt_text":"","src":"https:\/\/i1.wp.com\/marisaono.com\/delicia\/wp-content\/uploads\/IMG_1293.jpg?resize=350%2C200&ssl=1","width":350,"height":200},"classes":[]},{"id":6129,"url":"https:\/\/marisaono.com\/delicia\/2013\/06\/08\/dia-dos-namorados-2\/","url_meta":{"origin":7027,"position":4},"title":"Dia dos Namorados","date":"Junho 8, 2013","format":false,"excerpt":"Bem, n\u00e3o sou a pessoa mais rom\u00e2ntica do mundo, n\u00e3o tenho namorado e nunca tive o h\u00e1bito de comemorar o dia dos namorados. N\u00e3o vou publicar nenhuma receita para a data. \u00a0Mas isso n\u00e3o significa que todo mundo tem que ser como eu. Aqui v\u00e3o umas sugest\u00f5es de lugares onde\u2026","rel":"","context":"In &quot;Lugares&quot;","img":{"alt_text":"","src":"https:\/\/i1.wp.com\/marisaono.com\/delicia\/wp-content\/uploads\/ostras2.jpg?resize=350%2C200&ssl=1","width":350,"height":200},"classes":[]},{"id":6805,"url":"https:\/\/marisaono.com\/delicia\/2013\/11\/22\/cardapio-umami-no-sakagura-a1\/","url_meta":{"origin":7027,"position":5},"title":"Card\u00e1pio Umami do Sakagura A1","date":"Novembro 22, 2013","format":false,"excerpt":"Ontem estive no Sakagura A1 do chef Shinya Koike. Os pratos foram criados explorando gosto umami, combinando ingredientes ricos em glutamato,\u00a0inosinato e\u00a0guanilato, como peixe e algas, no ceviche \u00e0 japonesa com gelatina de peixe acima. Muito leve, levemente \u00e1cido e, em vez de molho, os peda\u00e7os de peixe s\u00e3o envoltos\u2026","rel":"","context":"In &quot;Culin\u00e1ria japonesa&quot;","img":{"alt_text":"","src":"https:\/\/i0.wp.com\/marisaono.com\/delicia\/wp-content\/uploads\/IMG_3664.jpg?resize=350%2C200&ssl=1","width":350,"height":200},"classes":[]}],"_links":{"self":[{"href":"https:\/\/marisaono.com\/delicia\/wp-json\/wp\/v2\/posts\/7027"}],"collection":[{"href":"https:\/\/marisaono.com\/delicia\/wp-json\/wp\/v2\/posts"}],"about":[{"href":"https:\/\/marisaono.com\/delicia\/wp-json\/wp\/v2\/types\/post"}],"author":[{"embeddable":true,"href":"https:\/\/marisaono.com\/delicia\/wp-json\/wp\/v2\/users\/1"}],"replies":[{"embeddable":true,"href":"https:\/\/marisaono.com\/delicia\/wp-json\/wp\/v2\/comments?post=7027"}],"version-history":[{"count":1,"href":"https:\/\/marisaono.com\/delicia\/wp-json\/wp\/v2\/posts\/7027\/revisions"}],"predecessor-version":[{"id":7034,"href":"https:\/\/marisaono.com\/delicia\/wp-json\/wp\/v2\/posts\/7027\/revisions\/7034"}],"wp:featuredmedia":[{"embeddable":true,"href":"https:\/\/marisaono.com\/delicia\/wp-json\/wp\/v2\/media\/7028"}],"wp:attachment":[{"href":"https:\/\/marisaono.com\/delicia\/wp-json\/wp\/v2\/media?parent=7027"}],"wp:term":[{"taxonomy":"category","embeddable":true,"href":"https:\/\/marisaono.com\/delicia\/wp-json\/wp\/v2\/categories?post=7027"},{"taxonomy":"post_tag","embeddable":true,"href":"https:\/\/marisaono.com\/delicia\/wp-json\/wp\/v2\/tags?post=7027"}],"curies":[{"name":"wp","href":"https:\/\/api.w.org\/{rel}","templated":true}]}}