{"id":7060,"date":"2014-01-30T21:18:21","date_gmt":"2014-01-31T00:18:21","guid":{"rendered":"http:\/\/marisaono.com\/delicia\/?p=7060"},"modified":"2014-01-30T21:18:21","modified_gmt":"2014-01-31T00:18:21","slug":"pao-da-semana-pao-com-fermento-de-uva","status":"publish","type":"post","link":"https:\/\/marisaono.com\/delicia\/2014\/01\/30\/pao-da-semana-pao-com-fermento-de-uva\/","title":{"rendered":"P\u00e3o da Semana: P\u00e3o com Fermento de Uva"},"content":{"rendered":"<div class=\"translate_block\" style=\"display: none;\">\n<a class=\"translate_translate\" id=\"translate_button_post-7060\" lang=\"en\" xml:lang=\"en\" href=\"javascript:show_translate_popup('en', 'post', 7060);\">[Translate]<\/a><img src=\"https:\/\/marisaono.com\/delicia\/wp-content\/plugins\/google-ajax-translation\/transparent.gif\" id=\"translate_loading_post-7060\" class=\"translate_loading\" style=\"display: none;\" width=\"16\" height=\"16\" alt=\"\" \/>\n<hr class=\"translate_hr\" \/>\n<\/div>\n<div id=\"content_div-7060\">\n<p>Cheguei \u00e0 uma conclus\u00e3o \u00e0 respeito de p\u00e3es com fermenta\u00e7\u00e3o natural: at\u00e9 agora n\u00e3o consegui um p\u00e3o feito com fermento \u00e1cido que me agradasse por completo. Sempre voltava minha lembran\u00e7a aos p\u00e3es que comprava em pequenas padarias japonesas. Os p\u00e3es eram firmes mas com miolo macio. O aroma era mais delicado e o sabor, adocicado. Cheguei \u00e0 conclus\u00e3o que prefiro os fermentos alco\u00f3licos, parentes do fermento biol\u00f3gico comum. Existem p\u00e3es feitos com borra de sake mas preferi partir de algo mais acess\u00edvel: uvas. Melhor ainda: uvas n\u00e3o muito doces.<\/p>\n<p><a href=\"http:\/\/marisaono.com\/delicia\/wp-content\/uploads\/IMG_4004.jpg\"><img loading=\"lazy\" decoding=\"async\" class=\"alignnone size-full wp-image-7061\" title=\"fermento de uva\" src=\"http:\/\/marisaono.com\/delicia\/wp-content\/uploads\/IMG_4004.jpg\" alt=\"\" width=\"360\" height=\"480\" srcset=\"https:\/\/marisaono.com\/delicia\/wp-content\/uploads\/IMG_4004.jpg 360w, https:\/\/marisaono.com\/delicia\/wp-content\/uploads\/IMG_4004-203x270.jpg 203w, https:\/\/marisaono.com\/delicia\/wp-content\/uploads\/IMG_4004-113x150.jpg 113w\" sizes=\"(max-width: 360px) 100vw, 360px\" \/><\/a><\/p>\n<p>Para cada 100 gramas de uvas, usei 100 ml de \u00e1gua e uma colher de ch\u00e1 de a\u00e7\u00facar. Comprei uvas e elas n\u00e3o estavam muito doces, funcionaram bem. Poderia ser uva passa, creio eu. O importante \u00e9 usar \u00e1gua que n\u00e3o contenha clore, ou seja, \u00e1gua mineral. Coloque em um pote e cubra a boca com um pano (para as moscas n\u00e3o pousarem) e deixe. No primeiro dia n\u00e3o vai acontecer coisa alguma, no segundo em diante vai dar para perceber uma ligeira fermenta\u00e7\u00e3o.<\/p>\n<p><a href=\"http:\/\/marisaono.com\/delicia\/wp-content\/uploads\/IMG_4013.jpg\"><img loading=\"lazy\" decoding=\"async\" class=\"alignnone size-full wp-image-7062\" title=\"fermento de uva\" src=\"http:\/\/marisaono.com\/delicia\/wp-content\/uploads\/IMG_4013.jpg\" alt=\"\" width=\"480\" height=\"360\" srcset=\"https:\/\/marisaono.com\/delicia\/wp-content\/uploads\/IMG_4013.jpg 480w, https:\/\/marisaono.com\/delicia\/wp-content\/uploads\/IMG_4013-360x270.jpg 360w, https:\/\/marisaono.com\/delicia\/wp-content\/uploads\/IMG_4013-150x112.jpg 150w, https:\/\/marisaono.com\/delicia\/wp-content\/uploads\/IMG_4013-400x300.jpg 400w\" sizes=\"(max-width: 480px) 100vw, 480px\" \/><\/a><\/p>\n<p>Mesmo com o calor que anda fazendo, levou 4 dias para ter uma fermenta\u00e7\u00e3o vigorosa. As uvas racharam, \u00e9 assim mesmo. Coe e reserve o caldo. Descarte as uvas.<\/p>\n<p><a href=\"http:\/\/marisaono.com\/delicia\/wp-content\/uploads\/IMG_4015.jpg\"><img loading=\"lazy\" decoding=\"async\" class=\"alignnone size-full wp-image-7063\" title=\"IMG_4015\" src=\"http:\/\/marisaono.com\/delicia\/wp-content\/uploads\/IMG_4015.jpg\" alt=\"\" width=\"480\" height=\"360\" srcset=\"https:\/\/marisaono.com\/delicia\/wp-content\/uploads\/IMG_4015.jpg 480w, https:\/\/marisaono.com\/delicia\/wp-content\/uploads\/IMG_4015-360x270.jpg 360w, https:\/\/marisaono.com\/delicia\/wp-content\/uploads\/IMG_4015-150x112.jpg 150w, https:\/\/marisaono.com\/delicia\/wp-content\/uploads\/IMG_4015-400x300.jpg 400w\" sizes=\"(max-width: 480px) 100vw, 480px\" \/><\/a><\/p>\n<p>Para um p\u00e3o m\u00e9dio, use 100 ml de l\u00edquido misturado a 100 gramas de farinha e mais uma colher de ch\u00e1 de a\u00e7\u00facar. Misture e coloque em um pote.<\/p>\n<p><a href=\"http:\/\/marisaono.com\/delicia\/wp-content\/uploads\/IMG_4018.jpg\"><img loading=\"lazy\" decoding=\"async\" class=\"alignnone size-full wp-image-7064\" title=\"fermento de uva\" src=\"http:\/\/marisaono.com\/delicia\/wp-content\/uploads\/IMG_4018.jpg\" alt=\"\" width=\"480\" height=\"360\" srcset=\"https:\/\/marisaono.com\/delicia\/wp-content\/uploads\/IMG_4018.jpg 480w, https:\/\/marisaono.com\/delicia\/wp-content\/uploads\/IMG_4018-360x270.jpg 360w, https:\/\/marisaono.com\/delicia\/wp-content\/uploads\/IMG_4018-150x112.jpg 150w, https:\/\/marisaono.com\/delicia\/wp-content\/uploads\/IMG_4018-400x300.jpg 400w\" sizes=\"(max-width: 480px) 100vw, 480px\" \/><\/a><\/p>\n<p>Levou mais de 4 horas para a mistura mais que dobrar de tamanho, em um dia quente. No inverno dever\u00e1 levar mais tempo.<\/p>\n<p><a href=\"http:\/\/marisaono.com\/delicia\/wp-content\/uploads\/IMG_4019.jpg\"><img loading=\"lazy\" decoding=\"async\" class=\"alignnone size-full wp-image-7065\" title=\"fermento de uva\" src=\"http:\/\/marisaono.com\/delicia\/wp-content\/uploads\/IMG_4019.jpg\" alt=\"\" width=\"480\" height=\"360\" srcset=\"https:\/\/marisaono.com\/delicia\/wp-content\/uploads\/IMG_4019.jpg 480w, https:\/\/marisaono.com\/delicia\/wp-content\/uploads\/IMG_4019-360x270.jpg 360w, https:\/\/marisaono.com\/delicia\/wp-content\/uploads\/IMG_4019-150x112.jpg 150w, https:\/\/marisaono.com\/delicia\/wp-content\/uploads\/IMG_4019-400x300.jpg 400w\" sizes=\"(max-width: 480px) 100vw, 480px\" \/><\/a><\/p>\n<p>Forma uma esponja bem aerada, cheia de bolhas.<\/p>\n<p><a href=\"http:\/\/marisaono.com\/delicia\/wp-content\/uploads\/IMG_4060.jpg\"><img loading=\"lazy\" decoding=\"async\" class=\"alignnone size-full wp-image-7066\" title=\"p\u00e3o de fermento de uva\" src=\"http:\/\/marisaono.com\/delicia\/wp-content\/uploads\/IMG_4060.jpg\" alt=\"\" width=\"480\" height=\"360\" srcset=\"https:\/\/marisaono.com\/delicia\/wp-content\/uploads\/IMG_4060.jpg 480w, https:\/\/marisaono.com\/delicia\/wp-content\/uploads\/IMG_4060-360x270.jpg 360w, https:\/\/marisaono.com\/delicia\/wp-content\/uploads\/IMG_4060-150x112.jpg 150w, https:\/\/marisaono.com\/delicia\/wp-content\/uploads\/IMG_4060-400x300.jpg 400w\" sizes=\"(max-width: 480px) 100vw, 480px\" \/><\/a><\/p>\n<p>Fiz um p\u00e3o simples, assado em uma forma &#8220;de p\u00e3o de forma&#8221;. Acrescentei \u00e0 esponja mais 450 gramas de farinha de trigo, 30 gramas de a\u00e7\u00facar, 8 gramas de sal, 30 gramas de manteiga e \u00e1gua o suficiente para formar uma massa macia. Sovei bem e coloquei na forma untada. Deixei crescer. Levou cerca de cinco horas (j\u00e1 era noite e a temperatura estava bem mais amena). Eu deveria ter deixado crescer ainda mais um pouco, apesar de ter crescido bem mais que o dobro. Levei para assar em forno pr\u00e9-aquecido bem quente nos primeiros 10 minutos e depois abaixei a temperatura.<\/p>\n<p>Como ficou ? Ficou mais pesado que um p\u00e3o feito com fermento biol\u00f3gico, o que era esperado. As bolhas ficaram bem pequenas e o sabor, adocicado. O aroma tamb\u00e9m n\u00e3o era nem de fermento biol\u00f3gico, nem \u00e1cido. A parte de baixo ficou com uma crosta mais dura, o miolo ficou macio, virou um bom p\u00e3o para sandu\u00edche.<\/p>\n<p>O resto do fermento deixei na geladeira, vou ver quanto tempo sobrevive, eventualmente irei alimentando com umas pitadas de a\u00e7\u00facar.<\/p>\n<p>&nbsp;<\/p>\n<a href=\"https:\/\/www.freetellafriend.com\/tell\/?url=https%3A%2F%2Fmarisaono.com%2Fdelicia%2F2014%2F01%2F30%2Fpao-da-semana-pao-com-fermento-de-uva%2F&title=P%C3%A3o+da+Semana%3A+P%C3%A3o+com+Fermento+de+Uva\" onclick=\"window.open('https:\/\/www.freetellafriend.com\/tell\/?url=https%3A%2F%2Fmarisaono.com%2Fdelicia%2F2014%2F01%2F30%2Fpao-da-semana-pao-com-fermento-de-uva%2F&title=P%C3%A3o+da+Semana%3A+P%C3%A3o+com+Fermento+de+Uva', 'freetellafriend', 'scrollbars=1,menubar=0,width=617,height=530,resizable=1,toolbar=0,location=0,status=0,screenX=210,screenY=100,left=210,top=100'); return false;\" target=\"_blank\" title=\"Share This Post\"><img decoding=\"async\" src=\"http:\/\/marisaono.com\/delicia\/wp-content\/plugins\/tell-a-friend\/button.gif\" style=\"width:127px;height:16px;border:0px;\" alt=\"Share This Post\" title=\"Share This Post\" \/><\/a><\/div>\n","protected":false},"excerpt":{"rendered":"<p>[Translate] Cheguei \u00e0 uma conclus\u00e3o \u00e0 respeito de p\u00e3es com fermenta\u00e7\u00e3o natural: at\u00e9 agora n\u00e3o consegui um p\u00e3o feito com fermento \u00e1cido que me agradasse por completo. Sempre voltava minha lembran\u00e7a aos p\u00e3es que comprava em pequenas padarias japonesas. Os &hellip; <a href=\"https:\/\/marisaono.com\/delicia\/2014\/01\/30\/pao-da-semana-pao-com-fermento-de-uva\/\">Continuar a ler <span class=\"meta-nav\">&rarr;<\/span><\/a><\/p>\n","protected":false},"author":1,"featured_media":7061,"comment_status":"open","ping_status":"open","sticky":false,"template":"","format":"standard","meta":{"spay_email":"","footnotes":"","jetpack_publicize_message":"","jetpack_is_tweetstorm":false},"categories":[26,256],"tags":[111],"jetpack_featured_media_url":"https:\/\/marisaono.com\/delicia\/wp-content\/uploads\/IMG_4004.jpg","jetpack_publicize_connections":[],"jetpack_sharing_enabled":true,"jetpack_shortlink":"https:\/\/wp.me\/pccs7-1PS","jetpack-related-posts":[{"id":7786,"url":"https:\/\/marisaono.com\/delicia\/2014\/08\/25\/pao-de-fermento-de-uva-passa\/","url_meta":{"origin":7060,"position":0},"title":"P\u00e3o de Fermento de Uva Passa","date":"Agosto 25, 2014","format":false,"excerpt":"Ontem recebi algumas pessoas aqui em casa para explicar como fa\u00e7o defumados. Preparei um p\u00e3o bem simples, de fermenta\u00e7\u00e3o natural. O p\u00e3o ficou bonito, com bolhas grandes, textura boa. O curioso \u00e9 que esse fermento n\u00e3o \u00e9 \u00e1cido. Na verdade esse fermento \u00e9 um caso de amor e de \u00f3dio.\u2026","rel":"","context":"In &quot;massas&quot;","img":{"alt_text":"","src":"https:\/\/i1.wp.com\/marisaono.com\/delicia\/wp-content\/uploads\/IMG_5003.jpg?resize=350%2C200&ssl=1","width":350,"height":200},"classes":[]},{"id":5713,"url":"https:\/\/marisaono.com\/delicia\/2013\/02\/11\/farinha-e-agua-fermento-natural-para-paes\/","url_meta":{"origin":7060,"position":1},"title":"Farinha e \u00c1gua = Fermento Natural Para P\u00e3es","date":"Fevereiro 11, 2013","format":false,"excerpt":"Eu sempre confiro as estat\u00edsticas do blog. H\u00e1 muito percebi que muita gente procura receita e explica\u00e7\u00f5es sobre fermento natural para p\u00e3es. Certamente muita gente tem tentado fazer em casa. Fui deixando, por pregui\u00e7a, por falta de tempo e por falta de vontade. Reconhe\u00e7o que sou uma pessoa que enjoa\u2026","rel":"","context":"In &quot;dicas&quot;","img":{"alt_text":"","src":"https:\/\/i1.wp.com\/marisaono.com\/delicia\/wp-content\/uploads\/IMG_1735.jpg?resize=350%2C200&ssl=1","width":350,"height":200},"classes":[]},{"id":3547,"url":"https:\/\/marisaono.com\/delicia\/2011\/08\/19\/pao-de-mandioca-e-pao-de-nozes-com-fermento-de-koji\/","url_meta":{"origin":7060,"position":2},"title":"P\u00e3o de Mandioca e P\u00e3o de Nozes Com Fermento de Koji","date":"Agosto 19, 2011","format":false,"excerpt":"Noutro dia falei sobre fazer fermento natural a partir de koji, coisa que aprendi com a Mari Hirata. Dessa vez, parti para dois p\u00e3es. Primeiro fiz uma massa-m\u00e3e. Peguei 50 ml do l\u00edquido da fermenta\u00e7\u00e3o e misturei com 50 gramas de farinha. Deixei crescer. Depois adicionei 100 ml de \u00e1gua\u2026","rel":"","context":"In &quot;Culin\u00e1ria japonesa&quot;","img":{"alt_text":"","src":"https:\/\/i0.wp.com\/marisaono.com\/delicia\/wp-content\/uploads\/IMG_6587.jpg?resize=350%2C200&ssl=1","width":350,"height":200},"classes":[]},{"id":480,"url":"https:\/\/marisaono.com\/delicia\/2008\/06\/22\/muffins-de-uva\/","url_meta":{"origin":7060,"position":3},"title":"Muffins de Uva","date":"Junho 22, 2008","format":false,"excerpt":"A id\u00e9ia veio dos muffins de blueberry. Mexi tanto na receita, que virou outra. Usei uvas pretas Kyoho, peladas, sem sementes, cortadas em quatro. Mas creio que a receita funcionaria com banana, manga, abacaxi, amoras, framboesas ou at\u00e9 mesmo morango. Seria uma quest\u00e3o de experimentar. As uvas deixaram a massa\u2026","rel":"","context":"In &quot;Doces&quot;","img":{"alt_text":"","src":"https:\/\/i1.wp.com\/marisaono.com\/delicia\/wp-content\/uploads\/2008\/06\/muffin-de-uva.jpg?resize=350%2C200&ssl=1","width":350,"height":200},"classes":[]},{"id":5381,"url":"https:\/\/marisaono.com\/delicia\/2012\/10\/28\/shui-jiao-bao-ou-paes-no-vapor-feitos-na-chapa\/","url_meta":{"origin":7060,"position":4},"title":"Shui Jiao Bao ou P\u00e3es no Vapor Feitos na Chapa","date":"Outubro 28, 2012","format":false,"excerpt":"P\u00e3o frito \u00e9 uma del\u00edcia. Veja o sonho. Se n\u00e3o for frito, sem aquela crosta dourada, n\u00e3o \u00e9 muito mais que um p\u00e3o de hamburguer. Agora pense na textura de um p\u00e3o feito no vapor, macio, por\u00e9m um pouco pegajoso. E um recheio adocicado, combinando carne de porco, vegetais e\u2026","rel":"","context":"In &quot;massas&quot;","img":{"alt_text":"","src":"https:\/\/i1.wp.com\/marisaono.com\/delicia\/wp-content\/uploads\/IMG_1084.jpg?resize=350%2C200&ssl=1","width":350,"height":200},"classes":[]},{"id":3776,"url":"https:\/\/marisaono.com\/delicia\/2011\/11\/05\/pao-de-vinho-tinto-com-fermento-natural\/","url_meta":{"origin":7060,"position":5},"title":"P\u00e3o de Vinho Tinto com Fermento Natural","date":"Novembro 5, 2011","format":false,"excerpt":"A Myrna (volta e meia ela escreve uns coment\u00e1rios aqui no blog) lembrou-me que h\u00e1 algum tempo n\u00e3o falo dos meus fermentos naturais. S\u00e3o dois de outros tantos organismos de mantenho vivos na geladeira. Resolvi trabalhar um pouco com os fermentos de koji e de yuzu. Fiquei muito curiosa com\u2026","rel":"","context":"In &quot;massas&quot;","img":{"alt_text":"","src":"https:\/\/i0.wp.com\/marisaono.com\/delicia\/wp-content\/uploads\/CIMG0154.jpg?resize=350%2C200&ssl=1","width":350,"height":200},"classes":[]}],"_links":{"self":[{"href":"https:\/\/marisaono.com\/delicia\/wp-json\/wp\/v2\/posts\/7060"}],"collection":[{"href":"https:\/\/marisaono.com\/delicia\/wp-json\/wp\/v2\/posts"}],"about":[{"href":"https:\/\/marisaono.com\/delicia\/wp-json\/wp\/v2\/types\/post"}],"author":[{"embeddable":true,"href":"https:\/\/marisaono.com\/delicia\/wp-json\/wp\/v2\/users\/1"}],"replies":[{"embeddable":true,"href":"https:\/\/marisaono.com\/delicia\/wp-json\/wp\/v2\/comments?post=7060"}],"version-history":[{"count":2,"href":"https:\/\/marisaono.com\/delicia\/wp-json\/wp\/v2\/posts\/7060\/revisions"}],"predecessor-version":[{"id":7068,"href":"https:\/\/marisaono.com\/delicia\/wp-json\/wp\/v2\/posts\/7060\/revisions\/7068"}],"wp:featuredmedia":[{"embeddable":true,"href":"https:\/\/marisaono.com\/delicia\/wp-json\/wp\/v2\/media\/7061"}],"wp:attachment":[{"href":"https:\/\/marisaono.com\/delicia\/wp-json\/wp\/v2\/media?parent=7060"}],"wp:term":[{"taxonomy":"category","embeddable":true,"href":"https:\/\/marisaono.com\/delicia\/wp-json\/wp\/v2\/categories?post=7060"},{"taxonomy":"post_tag","embeddable":true,"href":"https:\/\/marisaono.com\/delicia\/wp-json\/wp\/v2\/tags?post=7060"}],"curies":[{"name":"wp","href":"https:\/\/api.w.org\/{rel}","templated":true}]}}