{"id":7069,"date":"2014-01-31T18:33:34","date_gmt":"2014-01-31T21:33:34","guid":{"rendered":"http:\/\/marisaono.com\/delicia\/?p=7069"},"modified":"2014-01-31T18:33:34","modified_gmt":"2014-01-31T21:33:34","slug":"na-cozinha-com-carlos-ribeiro","status":"publish","type":"post","link":"https:\/\/marisaono.com\/delicia\/2014\/01\/31\/na-cozinha-com-carlos-ribeiro\/","title":{"rendered":"Na Cozinha com Carlos Ribeiro"},"content":{"rendered":"<div class=\"translate_block\" style=\"display: none;\">\n<a class=\"translate_translate\" id=\"translate_button_post-7069\" lang=\"en\" xml:lang=\"en\" href=\"javascript:show_translate_popup('en', 'post', 7069);\">[Translate]<\/a><img src=\"https:\/\/marisaono.com\/delicia\/wp-content\/plugins\/google-ajax-translation\/transparent.gif\" id=\"translate_loading_post-7069\" class=\"translate_loading\" style=\"display: none;\" width=\"16\" height=\"16\" alt=\"\" \/>\n<hr class=\"translate_hr\" \/>\n<\/div>\n<div id=\"content_div-7069\">\n<p><a href=\"http:\/\/marisaono.com\/delicia\/wp-content\/uploads\/IMG_4068.jpg\"><img loading=\"lazy\" decoding=\"async\" class=\"alignnone size-full wp-image-7070\" title=\"IMG_4068\" src=\"http:\/\/marisaono.com\/delicia\/wp-content\/uploads\/IMG_4068.jpg\" alt=\"\" width=\"480\" height=\"360\" srcset=\"https:\/\/marisaono.com\/delicia\/wp-content\/uploads\/IMG_4068.jpg 480w, https:\/\/marisaono.com\/delicia\/wp-content\/uploads\/IMG_4068-360x270.jpg 360w, https:\/\/marisaono.com\/delicia\/wp-content\/uploads\/IMG_4068-150x113.jpg 150w, https:\/\/marisaono.com\/delicia\/wp-content\/uploads\/IMG_4068-400x300.jpg 400w\" sizes=\"(max-width: 480px) 100vw, 480px\" \/><\/a><\/p>\n<p>Ontem estive no Na Cozinha do chef Carlos Ribeiro (Rua Haddock Lobo, 955, Jardins, tel.: 0\/xx\/11\/3063-5377). Tive uma longa conversa com ele, n\u00e3o o conhecia t\u00e3o bem, trocamos algumas palavras no Mesa ao Vivo. Ele contou-me sobre as viagens e pesquisa sobre a comida nipo-brasileira que rendeu o livro <a href=\"http:\/\/livraria.folha.com.br\/livros\/culinaria-japonesa\/culinaria-japonesa-brasileiros-carlos-ribeiro-1025589.html\" target=\"_blank\">&#8220;Culin\u00e1ria Japonesa para Brasileiros&#8221;<\/a> em 2009. N\u00e3o li o livro ainda mas, segundo ele, a inten\u00e7\u00e3o era mostrar essa cozinha que n\u00e3o \u00e9 t\u00e3o japonesa quanto pensamos. Digo isso porque cresci comendo a comida da minha m\u00e3e. Quando cheguei no Jap\u00e3o, fiquei chocada ao ver que a comida de casa era t\u00e3o diferente da que se faz l\u00e1. Com o tempo, claro, fui entendendo que a cozinha l\u00e1 evoluiu e a daqui seguiu adaptando e incorporando ingredientes.<\/p>\n<p>Ele mostrou-me todo o restaurante. A cozinha \u00e9 muito enxuta, devido em boa parte a uma extrema organiza\u00e7\u00e3o. Cada coisa tem seu lugar exato, existe listas de itens que s\u00e3o usados e onde devem ser armazenados. Quem for ao restaurante ir\u00e1 v\u00ea-la, \u00e9 um aqu\u00e1rio logo na entrada. O estoque de n\u00e3o-perec\u00edveis tamb\u00e9m n\u00e3o ocupa uma \u00e1rea muito grande. E a sala de aula, no andar superior, conta com uma entrada separada, para n\u00e3o atrapalhar o restaurante. Tem espa\u00e7o par at\u00e9 12 alunos.<\/p>\n<p>E o que comi l\u00e1? Um picadinho com influ\u00eancia asi\u00e1tica, temperado com shoyu, mirim e gengibre. Vem com arroz, farofa, past\u00e9is, feij\u00e3o. Ou seja, senti-me em casa, numa mistura Brasil-Jap\u00e3o bem familiar para os descendentes, ainda mais com pastel, que eu adoro (ali\u00e1s, qual nikkei que n\u00e3o gosta?). \u00a0E antes, comi uma salada de folhas verdes e croutons de broa de milho. De sobremesa, uma coisa que adoro: mosaico de gelatina ou gelatina colorida. Na vers\u00e3o dele, sem leite condensado! Leve e fresca, bem pr\u00f3pria para o ver\u00e3o. O almo\u00e7o executivo de l\u00e1 fica abaixo de R$40,00.<\/p>\n<p>E uma dica para amanh\u00e3 (s\u00f3 amanh\u00e3, no almo\u00e7o): menu especial em homenagem a Iemanj\u00e1. Corre!<\/p>\n<p><a href=\"http:\/\/marcelokatsuki.blogfolha.uol.com.br\/2014\/01\/30\/coisas-para-iemanja\/\" target=\"_blank\">http:\/\/marcelokatsuki.blogfolha.uol.com.br\/2014\/01\/30\/coisas-para-iemanja\/<\/a><\/p>\n<p>E para quem estiver interessado nos cursos, \u00e9 melhor acompanhar a p\u00e1gina no Facebook:<\/p>\n<p><a href=\"https:\/\/www.facebook.com\/pages\/Na-Cozinha-Restaurante-e-Escola-de-Culin%C3%A1ria\/191806190858577\" target=\"_blank\">https:\/\/www.facebook.com\/pages\/Na-Cozinha-Restaurante-e-Escola-de-Culin%C3%A1ria\/191806190858577<\/a><\/p>\n<p>&nbsp;<\/p>\n<a href=\"https:\/\/www.freetellafriend.com\/tell\/?url=https%3A%2F%2Fmarisaono.com%2Fdelicia%2F2014%2F01%2F31%2Fna-cozinha-com-carlos-ribeiro%2F&title=Na+Cozinha+com+Carlos+Ribeiro\" onclick=\"window.open('https:\/\/www.freetellafriend.com\/tell\/?url=https%3A%2F%2Fmarisaono.com%2Fdelicia%2F2014%2F01%2F31%2Fna-cozinha-com-carlos-ribeiro%2F&title=Na+Cozinha+com+Carlos+Ribeiro', 'freetellafriend', 'scrollbars=1,menubar=0,width=617,height=530,resizable=1,toolbar=0,location=0,status=0,screenX=210,screenY=100,left=210,top=100'); return false;\" target=\"_blank\" title=\"Share This Post\"><img decoding=\"async\" src=\"http:\/\/marisaono.com\/delicia\/wp-content\/plugins\/tell-a-friend\/button.gif\" style=\"width:127px;height:16px;border:0px;\" alt=\"Share This Post\" title=\"Share This Post\" \/><\/a><\/div>\n","protected":false},"excerpt":{"rendered":"<p>[Translate] Ontem estive no Na Cozinha do chef Carlos Ribeiro (Rua Haddock Lobo, 955, Jardins, tel.: 0\/xx\/11\/3063-5377). Tive uma longa conversa com ele, n\u00e3o o conhecia t\u00e3o bem, trocamos algumas palavras no Mesa ao Vivo. Ele contou-me sobre as viagens &hellip; <a href=\"https:\/\/marisaono.com\/delicia\/2014\/01\/31\/na-cozinha-com-carlos-ribeiro\/\">Continuar a ler <span class=\"meta-nav\">&rarr;<\/span><\/a><\/p>\n","protected":false},"author":1,"featured_media":7070,"comment_status":"open","ping_status":"open","sticky":false,"template":"","format":"standard","meta":{"spay_email":"","footnotes":"","jetpack_publicize_message":"","jetpack_is_tweetstorm":false},"categories":[98],"tags":[],"jetpack_featured_media_url":"https:\/\/marisaono.com\/delicia\/wp-content\/uploads\/IMG_4068.jpg","jetpack_publicize_connections":[],"jetpack_sharing_enabled":true,"jetpack_shortlink":"https:\/\/wp.me\/pccs7-1Q1","jetpack-related-posts":[{"id":9689,"url":"https:\/\/marisaono.com\/delicia\/2017\/10\/31\/a-cozinha-nipo-brasileira\/","url_meta":{"origin":7069,"position":0},"title":"A Cozinha Nipo-Brasileira","date":"Outubro 31, 2017","format":false,"excerpt":"Ah, essa cozinha t\u00e3o conhecida e, ao mesmo tempo, t\u00e3o desconhecida... Conhecida por quase todos os descendentes de japoneses. Mas, ao mesmo tempo, desconhecida, porque a gente acaba confundindo tudo e muitos pensam que umas coisas s\u00e3o japonesas quando n\u00e3o s\u00e3o. Afinal, crescemos comendo isto que nem pensamos se \u00e9\u2026","rel":"","context":"In &quot;curiosidades&quot;","img":{"alt_text":"","src":"","width":0,"height":0},"classes":[]},{"id":7744,"url":"https:\/\/marisaono.com\/delicia\/2014\/08\/10\/washoku-consideracoes-finais\/","url_meta":{"origin":7069,"position":1},"title":"Washoku: Considera\u00e7\u00f5es Finais","date":"Agosto 10, 2014","format":false,"excerpt":"Primeiro, a vinda do Primeiro Ministro foi positiva, sobre v\u00e1rios aspectos. Certamente, para mim, foi interessante a divulga\u00e7\u00e3o do Washoku. Sei que muita gente se irrita quando digo que a grande maioria dos restaurantes japoneses n\u00e3o oferece comida japonesa e sim uma cozinha adaptada ou uma cozinha nipo-americana. Agora que\u2026","rel":"","context":"In &quot;Culin\u00e1ria japonesa&quot;","img":{"alt_text":"","src":"https:\/\/i2.wp.com\/marisaono.com\/delicia\/wp-content\/uploads\/atala.jpg?resize=350%2C200&ssl=1","width":350,"height":200},"classes":[]},{"id":4784,"url":"https:\/\/marisaono.com\/delicia\/2012\/04\/13\/shizuko-yasumoto\/","url_meta":{"origin":7069,"position":2},"title":"Shizuko Yasumoto","date":"Abril 13, 2012","format":false,"excerpt":"Quem leu o Paladar ontem soube que conheci a senhora Shizuko Yasumoto, \u00a0professora de culin\u00e1ria japonesa e autora de livros a respeito. Para quem n\u00e3o leu ontem, aqui est\u00e1 a vers\u00e3o digital: http:\/\/www.estadao.com.br\/noticias\/suplementos%20paladar,tres-nipo-brasileiras-sete-sustos-e-cara-ralado,4925,0.htm Eu conhecia o livro dela sobre cozinha regional japonesa, que ganhei de presente (ser\u00e1 que posso dizer\u2026","rel":"","context":"In &quot;Culin\u00e1ria japonesa&quot;","img":{"alt_text":"","src":"https:\/\/i2.wp.com\/marisaono.com\/delicia\/wp-content\/uploads\/CIMG0995.jpg?resize=350%2C200&ssl=1","width":350,"height":200},"classes":[]},{"id":9364,"url":"https:\/\/marisaono.com\/delicia\/2017\/02\/23\/temaki-de-acaraje\/","url_meta":{"origin":7069,"position":3},"title":"Temaki de Acaraj\u00e9?","date":"Fevereiro 23, 2017","format":false,"excerpt":"Na ter\u00e7a estive no audit\u00f3rio do Senac Aclima\u00e7\u00e3o para falar um pouco sobre a hist\u00f3ria da minha fam\u00edlia e a hist\u00f3ria do chef Mazen Zwawe, refugiado liban\u00eas que teve seu restaurante em Damasco bombardeado. Para minha surpresa - s\u00f3 soube na hora - haviam 150 inscritos. O audit\u00f3rio estava bem\u2026","rel":"","context":"With 6 comments","img":{"alt_text":"","src":"","width":0,"height":0},"classes":[]},{"id":6793,"url":"https:\/\/marisaono.com\/delicia\/2013\/11\/19\/cozinhando-kabocha-abobora-japonesa\/","url_meta":{"origin":7069,"position":4},"title":"Cozinhando Kabocha (Ab\u00f3bora Japonesa)","date":"Novembro 19, 2013","format":false,"excerpt":"Por vezes descubro que algo que considero banal \u00e9, para outra pessoa, uma novidade surpreendente. No caso, uma dica para cozinhar a ab\u00f3bora japonesa com perfei\u00e7\u00e3o. Quem gosta dessa ab\u00f3bora j\u00e1 deve ter passado pela situa\u00e7\u00e3o de v\u00ea-la se desmanchar e deixar o caldo turvo. Claro que \u00e9 preciso ficar\u2026","rel":"","context":"In &quot;acompanhamento&quot;","img":{"alt_text":"","src":"https:\/\/i2.wp.com\/marisaono.com\/delicia\/wp-content\/uploads\/IMG_3614.jpg?resize=350%2C200&ssl=1","width":350,"height":200},"classes":[]},{"id":6477,"url":"https:\/\/marisaono.com\/delicia\/2013\/09\/01\/comida-de-obatyan\/","url_meta":{"origin":7069,"position":5},"title":"Comida de Obatyan","date":"Setembro 1, 2013","format":false,"excerpt":"N\u00e3o \u00e9 raro - na verdade, \u00e9 bem frequente - leitores escreverem dizendo que o que escrevo faz lembrar muito da obatyan, da comida que ela fazia. Fico contente, sinto que estou fazendo um bom trabalho em registrar essa cozinha dom\u00e9stica ainda pouco conhecida e que est\u00e1 sumindo. E h\u00e1\u2026","rel":"","context":"In &quot;cotidiano&quot;","img":{"alt_text":"","src":"","width":0,"height":0},"classes":[]}],"_links":{"self":[{"href":"https:\/\/marisaono.com\/delicia\/wp-json\/wp\/v2\/posts\/7069"}],"collection":[{"href":"https:\/\/marisaono.com\/delicia\/wp-json\/wp\/v2\/posts"}],"about":[{"href":"https:\/\/marisaono.com\/delicia\/wp-json\/wp\/v2\/types\/post"}],"author":[{"embeddable":true,"href":"https:\/\/marisaono.com\/delicia\/wp-json\/wp\/v2\/users\/1"}],"replies":[{"embeddable":true,"href":"https:\/\/marisaono.com\/delicia\/wp-json\/wp\/v2\/comments?post=7069"}],"version-history":[{"count":2,"href":"https:\/\/marisaono.com\/delicia\/wp-json\/wp\/v2\/posts\/7069\/revisions"}],"predecessor-version":[{"id":7072,"href":"https:\/\/marisaono.com\/delicia\/wp-json\/wp\/v2\/posts\/7069\/revisions\/7072"}],"wp:featuredmedia":[{"embeddable":true,"href":"https:\/\/marisaono.com\/delicia\/wp-json\/wp\/v2\/media\/7070"}],"wp:attachment":[{"href":"https:\/\/marisaono.com\/delicia\/wp-json\/wp\/v2\/media?parent=7069"}],"wp:term":[{"taxonomy":"category","embeddable":true,"href":"https:\/\/marisaono.com\/delicia\/wp-json\/wp\/v2\/categories?post=7069"},{"taxonomy":"post_tag","embeddable":true,"href":"https:\/\/marisaono.com\/delicia\/wp-json\/wp\/v2\/tags?post=7069"}],"curies":[{"name":"wp","href":"https:\/\/api.w.org\/{rel}","templated":true}]}}