{"id":7202,"date":"2014-03-11T20:46:14","date_gmt":"2014-03-11T23:46:14","guid":{"rendered":"http:\/\/marisaono.com\/delicia\/?p=7202"},"modified":"2014-03-11T20:46:14","modified_gmt":"2014-03-11T23:46:14","slug":"um-pouco-ocupada","status":"publish","type":"post","link":"https:\/\/marisaono.com\/delicia\/2014\/03\/11\/um-pouco-ocupada\/","title":{"rendered":"Um Pouco Ocupada&#8230;"},"content":{"rendered":"<div class=\"translate_block\" style=\"display: none;\">\n<a class=\"translate_translate\" id=\"translate_button_post-7202\" lang=\"en\" xml:lang=\"en\" href=\"javascript:show_translate_popup('en', 'post', 7202);\">[Translate]<\/a><img src=\"https:\/\/marisaono.com\/delicia\/wp-content\/plugins\/google-ajax-translation\/transparent.gif\" id=\"translate_loading_post-7202\" class=\"translate_loading\" style=\"display: none;\" width=\"16\" height=\"16\" alt=\"\" \/>\n<hr class=\"translate_hr\" \/>\n<\/div>\n<div id=\"content_div-7202\">\n<p>Estou pintando as paredes da cozinha daqui de casa. Como s\u00e3o arm\u00e1rios e estantes e muita lou\u00e7a, tem sido um trabalho demorado. Preciso esvaziar cada arm\u00e1rio, desloca-lo e pintar a parede. Espero terminar amanh\u00e3 e ent\u00e3o, volto a escrever.<\/p>\n<a href=\"https:\/\/www.freetellafriend.com\/tell\/?url=https%3A%2F%2Fmarisaono.com%2Fdelicia%2F2014%2F03%2F11%2Fum-pouco-ocupada%2F&title=Um+Pouco+Ocupada%26%238230%3B\" onclick=\"window.open('https:\/\/www.freetellafriend.com\/tell\/?url=https%3A%2F%2Fmarisaono.com%2Fdelicia%2F2014%2F03%2F11%2Fum-pouco-ocupada%2F&title=Um+Pouco+Ocupada%26%238230%3B', 'freetellafriend', 'scrollbars=1,menubar=0,width=617,height=530,resizable=1,toolbar=0,location=0,status=0,screenX=210,screenY=100,left=210,top=100'); return false;\" target=\"_blank\" title=\"Share This Post\"><img decoding=\"async\" src=\"http:\/\/marisaono.com\/delicia\/wp-content\/plugins\/tell-a-friend\/button.gif\" style=\"width:127px;height:16px;border:0px;\" alt=\"Share This Post\" title=\"Share This Post\" \/><\/a><\/div>\n","protected":false},"excerpt":{"rendered":"<p>[Translate] Estou pintando as paredes da cozinha daqui de casa. Como s\u00e3o arm\u00e1rios e estantes e muita lou\u00e7a, tem sido um trabalho demorado. Preciso esvaziar cada arm\u00e1rio, desloca-lo e pintar a parede. Espero terminar amanh\u00e3 e ent\u00e3o, volto a escrever.<\/p>\n","protected":false},"author":1,"featured_media":0,"comment_status":"open","ping_status":"open","sticky":false,"template":"","format":"standard","meta":{"spay_email":"","footnotes":"","jetpack_publicize_message":"","jetpack_is_tweetstorm":false},"categories":[13],"tags":[],"jetpack_featured_media_url":"","jetpack_publicize_connections":[],"jetpack_sharing_enabled":true,"jetpack_shortlink":"https:\/\/wp.me\/pccs7-1Sa","jetpack-related-posts":[{"id":7205,"url":"https:\/\/marisaono.com\/delicia\/2014\/03\/17\/cozinha-renovada\/","url_meta":{"origin":7202,"position":0},"title":"Cozinha Renovada","date":"Mar\u00e7o 17, 2014","format":false,"excerpt":"Levei uma semana para pintar a cozinha. Ela \u00e9 bem pequena mas o grande problema \u00e9 que era preciso esvaziar arm\u00e1rios para poder pintar as paredes. Fui atacando uma parede de cada vez. Aproveitei para pintar uma estante, fixar melhor umas coisas, instalar uma outra luz sobre a pia da\u2026","rel":"","context":"In &quot;cotidiano&quot;","img":{"alt_text":"","src":"https:\/\/i0.wp.com\/marisaono.com\/delicia\/wp-content\/uploads\/sai-o-verde-entra-o-creme.jpg?resize=350%2C200&ssl=1","width":350,"height":200},"classes":[]},{"id":148,"url":"https:\/\/marisaono.com\/delicia\/2007\/11\/18\/atendimento-ao-consumidor\/","url_meta":{"origin":7202,"position":1},"title":"Atendimento ao Consumidor","date":"Novembro 18, 2007","format":false,"excerpt":"Parab\u00e9ns \u00e0 Moveis Bertolini, divis\u00e3o de m\u00f3veis de a\u00e7o e ao representante em Londrina, a Angonese Repres. Coml. Ltda. Recentemente as dobradi\u00e7as do arm\u00e1rio daqui de casa apresentaram problemas e em um dia, apenas, consegui pe\u00e7as novas com as quais resolvi o problema. Mais uma prova que empresas brasileiras est\u00e3o,\u2026","rel":"","context":"In &quot;produtos.&quot;","img":{"alt_text":"","src":"","width":0,"height":0},"classes":[]},{"id":7227,"url":"https:\/\/marisaono.com\/delicia\/2014\/03\/20\/pao-sem-sovar-e-sem-panela-especial\/","url_meta":{"origin":7202,"position":2},"title":"P\u00e3o Sem Sovar E Sem Panela Especial","date":"Mar\u00e7o 20, 2014","format":false,"excerpt":"J\u00e1 falei sobre o p\u00e3o sem sovar, muita gente, ali\u00e1s, j\u00e1 escreveu sobre essa t\u00e9cnica de fazer um p\u00e3o sem usar uma batedeira, m\u00e1quina de p\u00e3o ou muque. Volto a escrever sobre ele por causa da Van\u00eassa, que queria fazer o p\u00e3o mas se deu conta que n\u00e3o tem uma\u2026","rel":"","context":"In &quot;F\u00e1cil&quot;","img":{"alt_text":"","src":"https:\/\/i2.wp.com\/marisaono.com\/delicia\/wp-content\/uploads\/IMG_4266.jpg?resize=350%2C200&ssl=1","width":350,"height":200},"classes":[]},{"id":2918,"url":"https:\/\/marisaono.com\/delicia\/2010\/12\/19\/o-motivo-do-meu-desaparecimento\/","url_meta":{"origin":7202,"position":3},"title":"O Motivo do Meu Desaparecimento","date":"Dezembro 19, 2010","format":false,"excerpt":"Aqui est\u00e1 o motivo de meu sumi\u00e7o: mudei-me na segunda-feira para uma ch\u00e1cara. S\u00f3 hoje o tempo bom permitiu tirar uma foto. Choveu a semana toda. Passei dias montando m\u00f3veis, empurrando arm\u00e1rios, esvaziando caixas. Ainda falta muito para ser feito - dentro e fora da casa - mas agora consegui\u2026","rel":"","context":"In &quot;cotidiano&quot;","img":{"alt_text":"","src":"https:\/\/i2.wp.com\/marisaono.com\/delicia\/wp-content\/uploads\/lar-doce-lar.jpg?resize=350%2C200&ssl=1","width":350,"height":200},"classes":[]},{"id":3490,"url":"https:\/\/marisaono.com\/delicia\/2011\/08\/10\/mais-sobre-os-fermentados-da-mari-hirata\/","url_meta":{"origin":7202,"position":4},"title":"Mais Sobre os Fermentados da Mari Hirata","date":"Agosto 10, 2011","format":false,"excerpt":"Claro que ela n\u00e3o iria falar somente sobre pasta de soja, embora ela seja, junto com o a\u00e7\u00facar, o sal, o vinagre e o shoyu, tempero b\u00e1sico da culin\u00e1ria japonesa. Teve conserva em farelo de arroz, natto (soja fermentada), kimchee e fermento de p\u00e3o. O natto talvez seja o fermentado\u2026","rel":"","context":"In &quot;Culin\u00e1ria japonesa&quot;","img":{"alt_text":"","src":"https:\/\/i1.wp.com\/marisaono.com\/delicia\/wp-content\/uploads\/IMG_6489.jpg?resize=350%2C200&ssl=1","width":350,"height":200},"classes":[]},{"id":1750,"url":"https:\/\/marisaono.com\/delicia\/2009\/11\/22\/kombu-e-katsuo-bushi-sake\/","url_meta":{"origin":7202,"position":5},"title":"Kombu e Katsuo-bushi Sake","date":"Novembro 22, 2009","format":false,"excerpt":"J\u00e1 escrevi muito sobre esses dois ingredientes muito importantes da culin\u00e1ria japonesa: a alga kombu e o bonito seco chamado de katsuo-bushi. Eles s\u00e3o usados no caldo b\u00e1sico (dashi) que vai em quase todos os preparados.\u00a0 Mas algo sempre me incomodou: o fato de jogar fora tanto um quanto outro\u2026","rel":"","context":"In &quot;conservas&quot;","img":{"alt_text":"","src":"https:\/\/i2.wp.com\/marisaono.com\/delicia\/wp-content\/uploads\/Extrato-de-katsuo-e-kombu.JPG?resize=350%2C200&ssl=1","width":350,"height":200},"classes":[]}],"_links":{"self":[{"href":"https:\/\/marisaono.com\/delicia\/wp-json\/wp\/v2\/posts\/7202"}],"collection":[{"href":"https:\/\/marisaono.com\/delicia\/wp-json\/wp\/v2\/posts"}],"about":[{"href":"https:\/\/marisaono.com\/delicia\/wp-json\/wp\/v2\/types\/post"}],"author":[{"embeddable":true,"href":"https:\/\/marisaono.com\/delicia\/wp-json\/wp\/v2\/users\/1"}],"replies":[{"embeddable":true,"href":"https:\/\/marisaono.com\/delicia\/wp-json\/wp\/v2\/comments?post=7202"}],"version-history":[{"count":2,"href":"https:\/\/marisaono.com\/delicia\/wp-json\/wp\/v2\/posts\/7202\/revisions"}],"predecessor-version":[{"id":7204,"href":"https:\/\/marisaono.com\/delicia\/wp-json\/wp\/v2\/posts\/7202\/revisions\/7204"}],"wp:attachment":[{"href":"https:\/\/marisaono.com\/delicia\/wp-json\/wp\/v2\/media?parent=7202"}],"wp:term":[{"taxonomy":"category","embeddable":true,"href":"https:\/\/marisaono.com\/delicia\/wp-json\/wp\/v2\/categories?post=7202"},{"taxonomy":"post_tag","embeddable":true,"href":"https:\/\/marisaono.com\/delicia\/wp-json\/wp\/v2\/tags?post=7202"}],"curies":[{"name":"wp","href":"https:\/\/api.w.org\/{rel}","templated":true}]}}