{"id":7205,"date":"2014-03-17T21:30:19","date_gmt":"2014-03-18T00:30:19","guid":{"rendered":"http:\/\/marisaono.com\/delicia\/?p=7205"},"modified":"2014-03-17T21:30:19","modified_gmt":"2014-03-18T00:30:19","slug":"cozinha-renovada","status":"publish","type":"post","link":"https:\/\/marisaono.com\/delicia\/2014\/03\/17\/cozinha-renovada\/","title":{"rendered":"Cozinha Renovada"},"content":{"rendered":"<div class=\"translate_block\" style=\"display: none;\">\n<a class=\"translate_translate\" id=\"translate_button_post-7205\" lang=\"en\" xml:lang=\"en\" href=\"javascript:show_translate_popup('en', 'post', 7205);\">[Translate]<\/a><img src=\"https:\/\/marisaono.com\/delicia\/wp-content\/plugins\/google-ajax-translation\/transparent.gif\" id=\"translate_loading_post-7205\" class=\"translate_loading\" style=\"display: none;\" width=\"16\" height=\"16\" alt=\"\" \/>\n<hr class=\"translate_hr\" \/>\n<\/div>\n<div id=\"content_div-7205\">\n<p><a href=\"http:\/\/marisaono.com\/delicia\/wp-content\/uploads\/sai-o-verde-entra-o-creme.jpg\"><img loading=\"lazy\" decoding=\"async\" class=\"alignnone  wp-image-7206\" title=\"sai o verde entra o creme\" src=\"http:\/\/marisaono.com\/delicia\/wp-content\/uploads\/sai-o-verde-entra-o-creme.jpg\" alt=\"\" width=\"480\" height=\"480\" srcset=\"https:\/\/marisaono.com\/delicia\/wp-content\/uploads\/sai-o-verde-entra-o-creme.jpg 640w, https:\/\/marisaono.com\/delicia\/wp-content\/uploads\/sai-o-verde-entra-o-creme-150x150.jpg 150w, https:\/\/marisaono.com\/delicia\/wp-content\/uploads\/sai-o-verde-entra-o-creme-270x270.jpg 270w, https:\/\/marisaono.com\/delicia\/wp-content\/uploads\/sai-o-verde-entra-o-creme-400x400.jpg 400w\" sizes=\"(max-width: 480px) 100vw, 480px\" \/><\/a><\/p>\n<p>Levei uma semana para pintar a cozinha. Ela \u00e9 bem pequena mas o grande problema \u00e9 que era preciso esvaziar arm\u00e1rios para poder pintar as paredes. Fui atacando uma parede de cada vez. Aproveitei para pintar uma estante, fixar melhor umas coisas, instalar uma outra luz sobre a pia da cozinha e organizar melhor as panelas, lou\u00e7as e cacarecos.<\/p>\n<p>Valeu a pena. Agora as paredes s\u00e3o mais f\u00e1ceis de limpar, o teto est\u00e1 com uma tinta anti-mofo (parte do ano o clima aqui \u00e9 muito \u00famido), e d\u00e1 uma sensa\u00e7\u00e3o boa de ver o ambiente ganhar um ar mais saud\u00e1vel.<\/p>\n<p>Agora falta a parte externa, que vai depender de dias de estiagem.<\/p>\n<p>E estou pensando em passar a receber mais gente aqui em casa. Por enquanto \u00e9 uma ideia.<\/p>\n<p>&nbsp;<\/p>\n<a href=\"https:\/\/www.freetellafriend.com\/tell\/?url=https%3A%2F%2Fmarisaono.com%2Fdelicia%2F2014%2F03%2F17%2Fcozinha-renovada%2F&title=Cozinha+Renovada\" onclick=\"window.open('https:\/\/www.freetellafriend.com\/tell\/?url=https%3A%2F%2Fmarisaono.com%2Fdelicia%2F2014%2F03%2F17%2Fcozinha-renovada%2F&title=Cozinha+Renovada', 'freetellafriend', 'scrollbars=1,menubar=0,width=617,height=530,resizable=1,toolbar=0,location=0,status=0,screenX=210,screenY=100,left=210,top=100'); return false;\" target=\"_blank\" title=\"Share This Post\"><img decoding=\"async\" src=\"http:\/\/marisaono.com\/delicia\/wp-content\/plugins\/tell-a-friend\/button.gif\" style=\"width:127px;height:16px;border:0px;\" alt=\"Share This Post\" title=\"Share This Post\" \/><\/a><\/div>\n","protected":false},"excerpt":{"rendered":"<p>[Translate] Levei uma semana para pintar a cozinha. Ela \u00e9 bem pequena mas o grande problema \u00e9 que era preciso esvaziar arm\u00e1rios para poder pintar as paredes. Fui atacando uma parede de cada vez. Aproveitei para pintar uma estante, fixar &hellip; <a href=\"https:\/\/marisaono.com\/delicia\/2014\/03\/17\/cozinha-renovada\/\">Continuar a ler <span class=\"meta-nav\">&rarr;<\/span><\/a><\/p>\n","protected":false},"author":1,"featured_media":7206,"comment_status":"open","ping_status":"open","sticky":false,"template":"","format":"standard","meta":{"spay_email":"","footnotes":"","jetpack_publicize_message":"","jetpack_is_tweetstorm":false},"categories":[14],"tags":[],"jetpack_featured_media_url":"https:\/\/marisaono.com\/delicia\/wp-content\/uploads\/sai-o-verde-entra-o-creme.jpg","jetpack_publicize_connections":[],"jetpack_sharing_enabled":true,"jetpack_shortlink":"https:\/\/wp.me\/pccs7-1Sd","jetpack-related-posts":[{"id":7202,"url":"https:\/\/marisaono.com\/delicia\/2014\/03\/11\/um-pouco-ocupada\/","url_meta":{"origin":7205,"position":0},"title":"Um Pouco Ocupada...","date":"Mar\u00e7o 11, 2014","format":false,"excerpt":"Estou pintando as paredes da cozinha daqui de casa. Como s\u00e3o arm\u00e1rios e estantes e muita lou\u00e7a, tem sido um trabalho demorado. Preciso esvaziar cada arm\u00e1rio, desloca-lo e pintar a parede. Espero terminar amanh\u00e3 e ent\u00e3o, volto a escrever.","rel":"","context":"In &quot;conservas&quot;","img":{"alt_text":"","src":"","width":0,"height":0},"classes":[]},{"id":3490,"url":"https:\/\/marisaono.com\/delicia\/2011\/08\/10\/mais-sobre-os-fermentados-da-mari-hirata\/","url_meta":{"origin":7205,"position":1},"title":"Mais Sobre os Fermentados da Mari Hirata","date":"Agosto 10, 2011","format":false,"excerpt":"Claro que ela n\u00e3o iria falar somente sobre pasta de soja, embora ela seja, junto com o a\u00e7\u00facar, o sal, o vinagre e o shoyu, tempero b\u00e1sico da culin\u00e1ria japonesa. Teve conserva em farelo de arroz, natto (soja fermentada), kimchee e fermento de p\u00e3o. O natto talvez seja o fermentado\u2026","rel":"","context":"In &quot;Culin\u00e1ria japonesa&quot;","img":{"alt_text":"","src":"https:\/\/i1.wp.com\/marisaono.com\/delicia\/wp-content\/uploads\/IMG_6489.jpg?resize=350%2C200&ssl=1","width":350,"height":200},"classes":[]},{"id":6888,"url":"https:\/\/marisaono.com\/delicia\/2013\/12\/09\/entre-estantes-e-panelas-e-outras-coisas\/","url_meta":{"origin":7205,"position":2},"title":"Entre Estantes e Panelas e Outras Coisas","date":"Dezembro 9, 2013","format":false,"excerpt":"N\u00e3o cozinhei nos \u00faltimos dias. \u00c9 que estava com uma cadela com pneumonia. Foram quase duas semanas de cuidados. Estava perdendo as esperan\u00e7as na quinta-feira, foram muitos dias sem comer e ela raramente se levantava para beber \u00e1gua. Mas voltou a se alimentar, est\u00e1 bem mais animada e at\u00e9 voltou\u2026","rel":"","context":"In &quot;cotidiano&quot;","img":{"alt_text":"","src":"https:\/\/i2.wp.com\/marisaono.com\/delicia\/wp-content\/uploads\/IMG_3770.jpg?resize=350%2C200&ssl=1","width":350,"height":200},"classes":[]},{"id":648,"url":"https:\/\/marisaono.com\/delicia\/2009\/01\/23\/miso-producao-e-manipulacao\/","url_meta":{"origin":7205,"position":3},"title":"Miso - Produ\u00e7\u00e3o e Manipula\u00e7\u00e3o","date":"Janeiro 23, 2009","format":false,"excerpt":"H\u00e1 alguns dias eu estava lidando com amostras de koji para a produ\u00e7\u00e3o de miso e sake. Estava de luvas de borracha, m\u00e1scara, em uma sala com balc\u00e3o e paredes impermeabilizadas, vidro de \u00e1lcool, hipoclorito... E me dei conta de quanto \u00e9 perigoso fazer miso em casa. Primeiro, esclare\u00e7o que\u2026","rel":"","context":"In &quot;conservas&quot;","img":{"alt_text":"","src":"","width":0,"height":0},"classes":[]},{"id":11073,"url":"https:\/\/marisaono.com\/delicia\/2020\/11\/08\/harumaki-rolinho-primaverade-broto-de-bambu\/","url_meta":{"origin":7205,"position":4},"title":"Harumaki (Rolinho Primavera)de Broto de Bambu","date":"Novembro 8, 2020","format":false,"excerpt":"Terminando a s\u00e9rie sobre broto de bambu, fiz um v\u00eddeo com todas as dicas e truques para fazer um harumaki perfeito. \u00c9 meio longo, mas tem muitos detalhes que a maioria das pessoas desconhece. https:\/\/youtu.be\/a9FmwVD0gBs Para fazer os rolinhos voc\u00ea vai precisar de: 180 gramas de camar\u00e3o pequeno, limpo 200\u2026","rel":"","context":"In &quot;Entrada&quot;","img":{"alt_text":"","src":"https:\/\/i0.wp.com\/img.youtube.com\/vi\/a9FmwVD0gBs\/0.jpg?resize=350%2C200","width":350,"height":200},"classes":[]},{"id":4821,"url":"https:\/\/marisaono.com\/delicia\/2012\/05\/07\/satsuma-imo-kibi-dango\/","url_meta":{"origin":7205,"position":5},"title":"Satsuma-imo Kibi Dango (Dango de Milhete com Batata-Doce)","date":"Maio 7, 2012","format":false,"excerpt":"N\u00e3o pude falar sobre o milhete, kibi, kibi mochi para o Paladar. N\u00e3o encontrei esse gr\u00e3o em lugar algum. N\u00e3o tanto pelo sabor mas pela import\u00e2ncia cultural, hist\u00f3rica dele. Hoje \u00e9 pouco consumido no Jap\u00e3o. Eventualmente ainda se mistura o kibi com cevadinha e outros gr\u00e3os e cozinha-se junto com\u2026","rel":"","context":"In &quot;Culin\u00e1ria japonesa&quot;","img":{"alt_text":"","src":"https:\/\/i1.wp.com\/marisaono.com\/delicia\/wp-content\/uploads\/CIMG0066.jpg?resize=350%2C200&ssl=1","width":350,"height":200},"classes":[]}],"_links":{"self":[{"href":"https:\/\/marisaono.com\/delicia\/wp-json\/wp\/v2\/posts\/7205"}],"collection":[{"href":"https:\/\/marisaono.com\/delicia\/wp-json\/wp\/v2\/posts"}],"about":[{"href":"https:\/\/marisaono.com\/delicia\/wp-json\/wp\/v2\/types\/post"}],"author":[{"embeddable":true,"href":"https:\/\/marisaono.com\/delicia\/wp-json\/wp\/v2\/users\/1"}],"replies":[{"embeddable":true,"href":"https:\/\/marisaono.com\/delicia\/wp-json\/wp\/v2\/comments?post=7205"}],"version-history":[{"count":2,"href":"https:\/\/marisaono.com\/delicia\/wp-json\/wp\/v2\/posts\/7205\/revisions"}],"predecessor-version":[{"id":7208,"href":"https:\/\/marisaono.com\/delicia\/wp-json\/wp\/v2\/posts\/7205\/revisions\/7208"}],"wp:featuredmedia":[{"embeddable":true,"href":"https:\/\/marisaono.com\/delicia\/wp-json\/wp\/v2\/media\/7206"}],"wp:attachment":[{"href":"https:\/\/marisaono.com\/delicia\/wp-json\/wp\/v2\/media?parent=7205"}],"wp:term":[{"taxonomy":"category","embeddable":true,"href":"https:\/\/marisaono.com\/delicia\/wp-json\/wp\/v2\/categories?post=7205"},{"taxonomy":"post_tag","embeddable":true,"href":"https:\/\/marisaono.com\/delicia\/wp-json\/wp\/v2\/tags?post=7205"}],"curies":[{"name":"wp","href":"https:\/\/api.w.org\/{rel}","templated":true}]}}