{"id":7478,"date":"2014-06-09T22:11:06","date_gmt":"2014-06-10T01:11:06","guid":{"rendered":"http:\/\/marisaono.com\/delicia\/?p=7478"},"modified":"2014-06-09T22:11:06","modified_gmt":"2014-06-10T01:11:06","slug":"tarde-de-autografos-do-livro-o-cha","status":"publish","type":"post","link":"https:\/\/marisaono.com\/delicia\/2014\/06\/09\/tarde-de-autografos-do-livro-o-cha\/","title":{"rendered":"Tarde de Aut\u00f3grafos do Livro O Ch\u00e1"},"content":{"rendered":"<div class=\"translate_block\" style=\"display: none;\">\n<a class=\"translate_translate\" id=\"translate_button_post-7478\" lang=\"en\" xml:lang=\"en\" href=\"javascript:show_translate_popup('en', 'post', 7478);\">[Translate]<\/a><img src=\"https:\/\/marisaono.com\/delicia\/wp-content\/plugins\/google-ajax-translation\/transparent.gif\" id=\"translate_loading_post-7478\" class=\"translate_loading\" style=\"display: none;\" width=\"16\" height=\"16\" alt=\"\" \/>\n<hr class=\"translate_hr\" \/>\n<\/div>\n<div id=\"content_div-7478\">\n<p>J\u00e1 falei sobre o livro O Ch\u00e1, de Cristina Ruiz aqui:<\/p>\n<p><a href=\"http:\/\/marisaono.com\/delicia\/?p=5896\" target=\"_blank\">http:\/\/marisaono.com\/delicia\/?p=5896<\/a><\/p>\n<p>Leiam. Primeiro porque \u00e9 um livro cheio de informa\u00e7\u00e3o e fotos fabulosas. Segundo porque \u00e9 o primeiro original, no Brasil, sobre o assunto. E porque acabou de receber o t\u00edtulo de 3\u00b0 melhor livro sobre o assunto no mundo.<\/p>\n<p><a href=\"http:\/\/marisaono.com\/delicia\/wp-content\/uploads\/IMG_4550.jpg\"><img loading=\"lazy\" decoding=\"async\" class=\"alignnone wp-image-7488 size-full\" src=\"http:\/\/marisaono.com\/delicia\/wp-content\/uploads\/IMG_4550.jpg\" alt=\"IMG_4550\" width=\"360\" height=\"480\" srcset=\"https:\/\/marisaono.com\/delicia\/wp-content\/uploads\/IMG_4550.jpg 360w, https:\/\/marisaono.com\/delicia\/wp-content\/uploads\/IMG_4550-203x270.jpg 203w, https:\/\/marisaono.com\/delicia\/wp-content\/uploads\/IMG_4550-113x150.jpg 113w\" sizes=\"(max-width: 360px) 100vw, 360px\" \/><\/a><\/p>\n<p>Ela tamb\u00e9m lan\u00e7ou h\u00e1 pouco tempo o livro O Caf\u00e9. Por isso, a tarde de aut\u00f3grafos contou com ambas as bebidas, no<a href=\"http:\/\/www.teakettle.com.br\/\" target=\"_blank\"> Teakettle<\/a> (rua Alexandre Dumas 1049. Ch\u00e1cara Santo Antonio).<\/p>\n<p><a href=\"http:\/\/marisaono.com\/delicia\/wp-content\/uploads\/IMG_4544.jpg\"><img loading=\"lazy\" decoding=\"async\" class=\"alignnone wp-image-7483 size-full\" src=\"http:\/\/marisaono.com\/delicia\/wp-content\/uploads\/IMG_4544.jpg\" alt=\"IMG_4544\" width=\"480\" height=\"360\" srcset=\"https:\/\/marisaono.com\/delicia\/wp-content\/uploads\/IMG_4544.jpg 480w, https:\/\/marisaono.com\/delicia\/wp-content\/uploads\/IMG_4544-360x270.jpg 360w, https:\/\/marisaono.com\/delicia\/wp-content\/uploads\/IMG_4544-150x112.jpg 150w, https:\/\/marisaono.com\/delicia\/wp-content\/uploads\/IMG_4544-400x300.jpg 400w\" sizes=\"(max-width: 480px) 100vw, 480px\" \/><\/a><\/p>\n<p>&nbsp;<\/p>\n<p>Tive uma aula sobre caf\u00e9s com o L\u00e9o do <a href=\"http:\/\/www.fazendamantissa.com.br\/\" target=\"_blank\">Caf\u00e9 Mantissa<\/a>. Nem desconfiava dos elementos que saem do caf\u00e9 (\u00e1cidos e minerais primeiro, cafe\u00edna no final). Tamb\u00e9m soube da tecnologia envolvida na produ\u00e7\u00e3o de um caf\u00e9 gourmet, assim como o m\u00e9todo empregado na sele\u00e7\u00e3o. O caf\u00e9 Mantissa \u00e9 um caf\u00e9 de altitude, produzido pr\u00f3ximo a Po\u00e7os de Caldas. Devido a caracter\u00edsticas da pr\u00f3pria fazenda, foi poss\u00edvel desenvolverem microlotes tamb\u00e9m.<\/p>\n<p><a href=\"http:\/\/marisaono.com\/delicia\/wp-content\/uploads\/IMG_4548.jpg\"><img loading=\"lazy\" decoding=\"async\" class=\"alignnone wp-image-7486 size-full\" src=\"http:\/\/marisaono.com\/delicia\/wp-content\/uploads\/IMG_4548.jpg\" alt=\"IMG_4548\" width=\"360\" height=\"480\" srcset=\"https:\/\/marisaono.com\/delicia\/wp-content\/uploads\/IMG_4548.jpg 360w, https:\/\/marisaono.com\/delicia\/wp-content\/uploads\/IMG_4548-202x270.jpg 202w, https:\/\/marisaono.com\/delicia\/wp-content\/uploads\/IMG_4548-112x150.jpg 112w\" sizes=\"(max-width: 360px) 100vw, 360px\" \/><\/a><\/p>\n<p>Tamb\u00e9m pude ver uma Hario em a\u00e7\u00e3o e saber o que tem de t\u00e3o diferente nesse m\u00e9todo de extra\u00e7\u00e3o. Enfim, aprendi, provei, cheirei muito.<\/p>\n<p><a href=\"http:\/\/marisaono.com\/delicia\/wp-content\/uploads\/IMG_4546.jpg\"><img loading=\"lazy\" decoding=\"async\" class=\"alignnone wp-image-7485 size-full\" src=\"http:\/\/marisaono.com\/delicia\/wp-content\/uploads\/IMG_4546.jpg\" alt=\"IMG_4546\" width=\"360\" height=\"480\" srcset=\"https:\/\/marisaono.com\/delicia\/wp-content\/uploads\/IMG_4546.jpg 360w, https:\/\/marisaono.com\/delicia\/wp-content\/uploads\/IMG_4546-202x270.jpg 202w, https:\/\/marisaono.com\/delicia\/wp-content\/uploads\/IMG_4546-112x150.jpg 112w\" sizes=\"(max-width: 360px) 100vw, 360px\" \/><\/a><\/p>\n<p>&nbsp;<\/p>\n<p>Um ch\u00e1 de cerejas e canela preparado pela dona S\u00edlvia acompanhou o biscoito de matcha e chocolate feito pelo Toshi Akuta. O sabor do matcha estava bem presente e fiquei um pouco surpresa pela cor ter se mantido. \u00c9 que eu j\u00e1 andei brincando um pouco com matcha e j\u00e1 aconteceu do verde tornar-se meio amarelado com o calor. E, bem, matcha combina demais com chocolate.<\/p>\n<p><a href=\"http:\/\/marisaono.com\/delicia\/wp-content\/uploads\/IMG_4551.jpg\"><img loading=\"lazy\" decoding=\"async\" class=\"alignnone wp-image-7489 size-full\" src=\"http:\/\/marisaono.com\/delicia\/wp-content\/uploads\/IMG_4551.jpg\" alt=\"IMG_4551\" width=\"480\" height=\"360\" srcset=\"https:\/\/marisaono.com\/delicia\/wp-content\/uploads\/IMG_4551.jpg 480w, https:\/\/marisaono.com\/delicia\/wp-content\/uploads\/IMG_4551-360x270.jpg 360w, https:\/\/marisaono.com\/delicia\/wp-content\/uploads\/IMG_4551-150x112.jpg 150w, https:\/\/marisaono.com\/delicia\/wp-content\/uploads\/IMG_4551-400x300.jpg 400w\" sizes=\"(max-width: 480px) 100vw, 480px\" \/><\/a><\/p>\n<p>&nbsp;<\/p>\n<p>Tamb\u00e9m provei um ch\u00e1 de erva-mate, sem tostar. \u00c9 herbal, arom\u00e1tico mas n\u00e3o se parece com o ch\u00e1 mate tostado que costumamos tomar, uma surpresa para mim.<\/p>\n<p>E, por fim, uma curiosidade: conhe\u00e7o a Cristina Ruiz h\u00e1 mais de uma d\u00e9cada, sem nunca t\u00ea-la visto pessoalmente. Essa foi a primeira vez que nos vimos, depois de alguns desencontros.<\/p>\n<p>O livro O Ch\u00e1 \u00e9 da Biluma Cultural:<\/p>\n<p><a href=\"http:\/\/www.bilumacultural.com.br\/publicacoes.html\" target=\"_blank\">http:\/\/www.bilumacultural.com.br\/publicacoes.html<\/a><\/p>\n<p>&nbsp;<\/p>\n<p>&nbsp;<\/p>\n<p>&nbsp;<\/p>\n<a href=\"https:\/\/www.freetellafriend.com\/tell\/?url=https%3A%2F%2Fmarisaono.com%2Fdelicia%2F2014%2F06%2F09%2Ftarde-de-autografos-do-livro-o-cha%2F&title=Tarde+de+Aut%C3%B3grafos+do+Livro+O+Ch%C3%A1\" onclick=\"window.open('https:\/\/www.freetellafriend.com\/tell\/?url=https%3A%2F%2Fmarisaono.com%2Fdelicia%2F2014%2F06%2F09%2Ftarde-de-autografos-do-livro-o-cha%2F&title=Tarde+de+Aut%C3%B3grafos+do+Livro+O+Ch%C3%A1', 'freetellafriend', 'scrollbars=1,menubar=0,width=617,height=530,resizable=1,toolbar=0,location=0,status=0,screenX=210,screenY=100,left=210,top=100'); return false;\" target=\"_blank\" title=\"Share This Post\"><img decoding=\"async\" src=\"http:\/\/marisaono.com\/delicia\/wp-content\/plugins\/tell-a-friend\/button.gif\" style=\"width:127px;height:16px;border:0px;\" alt=\"Share This Post\" title=\"Share This Post\" \/><\/a><\/div>\n","protected":false},"excerpt":{"rendered":"<p>[Translate] J\u00e1 falei sobre o livro O Ch\u00e1, de Cristina Ruiz aqui: http:\/\/marisaono.com\/delicia\/?p=5896 Leiam. Primeiro porque \u00e9 um livro cheio de informa\u00e7\u00e3o e fotos fabulosas. Segundo porque \u00e9 o primeiro original, no Brasil, sobre o assunto. E porque acabou de &hellip; <a href=\"https:\/\/marisaono.com\/delicia\/2014\/06\/09\/tarde-de-autografos-do-livro-o-cha\/\">Continuar a ler <span class=\"meta-nav\">&rarr;<\/span><\/a><\/p>\n","protected":false},"author":1,"featured_media":7479,"comment_status":"open","ping_status":"open","sticky":false,"template":"","format":"standard","meta":{"spay_email":"","footnotes":"","jetpack_publicize_message":"","jetpack_is_tweetstorm":false},"categories":[6,98],"tags":[],"jetpack_featured_media_url":"https:\/\/marisaono.com\/delicia\/wp-content\/uploads\/IMG_4538.jpg","jetpack_publicize_connections":[],"jetpack_sharing_enabled":true,"jetpack_shortlink":"https:\/\/wp.me\/pccs7-1WC","jetpack-related-posts":[{"id":5896,"url":"https:\/\/marisaono.com\/delicia\/2013\/03\/24\/o-livro-o-cha\/","url_meta":{"origin":7478,"position":0},"title":"O Livro \"O Ch\u00e1\"","date":"Mar\u00e7o 24, 2013","format":false,"excerpt":"H\u00e1 pouco mais de uma semana recebi um pacote da Cristina Ruiz. Conhe\u00e7o-a h\u00e1 talvez 18 anos sem nunca t\u00ea-la visto. Durante muito tempo conversamos madrugada adentro (no meu caso, tardes de s\u00e1bado). Depois perdemos um pouco o contato. Soube do lan\u00e7amento do livro e at\u00e9 iria na noite de\u2026","rel":"","context":"In &quot;produtos.&quot;","img":{"alt_text":"","src":"https:\/\/i0.wp.com\/marisaono.com\/delicia\/wp-content\/uploads\/IMG_1908.jpg?resize=350%2C200&ssl=1","width":350,"height":200},"classes":[]},{"id":7658,"url":"https:\/\/marisaono.com\/delicia\/2014\/08\/11\/pre-lancamento-do-livro-izakaya-de-jo-takahashi\/","url_meta":{"origin":7478,"position":1},"title":"Pr\u00e9-lan\u00e7amento do Livro Izakaya de Jo Takahashi","date":"Agosto 11, 2014","format":false,"excerpt":"Na verdade era para ser uma festa de anivers\u00e1rio surpresa. Depois virou uma festa de anivers\u00e1rio sem ser surpresa com uma comemora\u00e7\u00e3o pela realiza\u00e7\u00e3o dos eventos que envolveram a vinda do Primeiro Ministro japon\u00eas. No final, depois de muita comida boa e boa bebida, virou um pr\u00e9-lan\u00e7amento do livro Izakaya\u2026","rel":"","context":"In &quot;Culin\u00e1ria japonesa&quot;","img":{"alt_text":"","src":"https:\/\/i2.wp.com\/marisaono.com\/delicia\/wp-content\/uploads\/IMG_4930.jpg?resize=350%2C200&ssl=1","width":350,"height":200},"classes":[]},{"id":7466,"url":"https:\/\/marisaono.com\/delicia\/2014\/06\/04\/agenda-dia-dos-namorados-macarrao-cafe-e-cha\/","url_meta":{"origin":7478,"position":2},"title":"Agenda: Dia dos Namorados, Macarr\u00e3o, Caf\u00e9 e Ch\u00e1","date":"Junho 4, 2014","format":false,"excerpt":"\u00c9, o dia dos namorados vai coincidir com o dia da abertura da Copa. Por isso restaurantes est\u00e3o oferecendo op\u00e7\u00f5es na semana. Sem desculpas para n\u00e3o sair com o namorado ou namorada e jantar. No Aizom\u00ea\u00a0(Alameda Fern\u00e3o Cardim, 39,\u00a0(11) 3251 5157), o card\u00e1pio especial para os namorados estar\u00e1 \u00e0 disposi\u00e7\u00e3o\u2026","rel":"","context":"In &quot;Lugares&quot;","img":{"alt_text":"","src":"https:\/\/i1.wp.com\/marisaono.com\/delicia\/wp-content\/uploads\/steak-de-wagyu-com-cogumelos-do-Aizome.jpg?resize=350%2C200&ssl=1","width":350,"height":200},"classes":[]},{"id":7142,"url":"https:\/\/marisaono.com\/delicia\/2014\/02\/20\/o-cafe\/","url_meta":{"origin":7478,"position":3},"title":"O Caf\u00e9","date":"Fevereiro 20, 2014","format":false,"excerpt":"Estava para falar desse livro j\u00e1 h\u00e1 algum tempo. O livro O Caf\u00e9 \u00e9 de Cristina Ruiz, da Biluma Cultural. O livro foi lan\u00e7ado h\u00e1 pouco tempo (dia 25 de janeiro, no museu do caf\u00e9, em Santos). Conta com pref\u00e1cio de Ensei Neto. Bebo mais caf\u00e9 que ch\u00e1. E o\u2026","rel":"","context":"In &quot;bebidas&quot;","img":{"alt_text":"","src":"https:\/\/i0.wp.com\/marisaono.com\/delicia\/wp-content\/uploads\/IMG_4162.jpg?resize=350%2C200&ssl=1","width":350,"height":200},"classes":[]},{"id":9017,"url":"https:\/\/marisaono.com\/delicia\/2016\/06\/18\/sesc-belenzinho-fermentados\/","url_meta":{"origin":7478,"position":4},"title":"Sesc Belenzinho - Fermentados","date":"Junho 18, 2016","format":false,"excerpt":"Quinta-feira passada pude falar sobre fermentados no Sesc Belenzinho. Como prometi aos participantes, aqui listo as receitas que faltaram: Miso passo-a-passo, s\u00f3 acrescento que uso cerca de 200 ml de vodka para 3 kg de massa pronta, sobretudo quando fa\u00e7o miso no ver\u00e3o. http:\/\/marisaono.com\/delicia\/2009\/09\/27\/misso-passo-a-passo\/ Conserva de Vegetais no Miso, a\u2026","rel":"","context":"In \"dashi\"","img":{"alt_text":"","src":"","width":0,"height":0},"classes":[]},{"id":2407,"url":"https:\/\/marisaono.com\/delicia\/2010\/07\/11\/chas-chineses\/","url_meta":{"origin":7478,"position":5},"title":"Ch\u00e1s Chineses","date":"Julho 11, 2010","format":false,"excerpt":"Ganhei da Nice ch\u00e1s autenticamente chineses. O da esquerda, Pu-erh da prov\u00edncia de Yunnan. O da direita, de cris\u00e2ntemos. O ch\u00e1 Pu-erh eu j\u00e1 havia bebido, h\u00e1 muito tempo. Houve uma \u00e9poca em que em levava para o trabalho uma garrafa t\u00e9rmica cheia de ch\u00e1, frio, quente ou gelado e\u2026","rel":"","context":"In &quot;bebidas&quot;","img":{"alt_text":"","src":"https:\/\/i0.wp.com\/marisaono.com\/delicia\/wp-content\/uploads\/Pu-erh-e-crisantemo.jpg?resize=350%2C200&ssl=1","width":350,"height":200},"classes":[]}],"_links":{"self":[{"href":"https:\/\/marisaono.com\/delicia\/wp-json\/wp\/v2\/posts\/7478"}],"collection":[{"href":"https:\/\/marisaono.com\/delicia\/wp-json\/wp\/v2\/posts"}],"about":[{"href":"https:\/\/marisaono.com\/delicia\/wp-json\/wp\/v2\/types\/post"}],"author":[{"embeddable":true,"href":"https:\/\/marisaono.com\/delicia\/wp-json\/wp\/v2\/users\/1"}],"replies":[{"embeddable":true,"href":"https:\/\/marisaono.com\/delicia\/wp-json\/wp\/v2\/comments?post=7478"}],"version-history":[{"count":1,"href":"https:\/\/marisaono.com\/delicia\/wp-json\/wp\/v2\/posts\/7478\/revisions"}],"predecessor-version":[{"id":7496,"href":"https:\/\/marisaono.com\/delicia\/wp-json\/wp\/v2\/posts\/7478\/revisions\/7496"}],"wp:featuredmedia":[{"embeddable":true,"href":"https:\/\/marisaono.com\/delicia\/wp-json\/wp\/v2\/media\/7479"}],"wp:attachment":[{"href":"https:\/\/marisaono.com\/delicia\/wp-json\/wp\/v2\/media?parent=7478"}],"wp:term":[{"taxonomy":"category","embeddable":true,"href":"https:\/\/marisaono.com\/delicia\/wp-json\/wp\/v2\/categories?post=7478"},{"taxonomy":"post_tag","embeddable":true,"href":"https:\/\/marisaono.com\/delicia\/wp-json\/wp\/v2\/tags?post=7478"}],"curies":[{"name":"wp","href":"https:\/\/api.w.org\/{rel}","templated":true}]}}