{"id":7551,"date":"2014-06-20T22:47:28","date_gmt":"2014-06-21T01:47:28","guid":{"rendered":"http:\/\/marisaono.com\/delicia\/?p=7551"},"modified":"2014-06-20T22:47:28","modified_gmt":"2014-06-21T01:47:28","slug":"degustacao-de-pratos-brasileiros-com-bebidas-japonesas","status":"publish","type":"post","link":"https:\/\/marisaono.com\/delicia\/2014\/06\/20\/degustacao-de-pratos-brasileiros-com-bebidas-japonesas\/","title":{"rendered":"Degusta\u00e7\u00e3o de Pratos Brasileiros Com Bebidas Japonesas"},"content":{"rendered":"<div class=\"translate_block\" style=\"display: none;\">\n<a class=\"translate_translate\" id=\"translate_button_post-7551\" lang=\"en\" xml:lang=\"en\" href=\"javascript:show_translate_popup('en', 'post', 7551);\">[Translate]<\/a><img src=\"https:\/\/marisaono.com\/delicia\/wp-content\/plugins\/google-ajax-translation\/transparent.gif\" id=\"translate_loading_post-7551\" class=\"translate_loading\" style=\"display: none;\" width=\"16\" height=\"16\" alt=\"\" \/>\n<hr class=\"translate_hr\" \/>\n<\/div>\n<div id=\"content_div-7551\">\n<p><a href=\"http:\/\/marisaono.com\/delicia\/wp-content\/uploads\/IMG_4709.jpg\"><img loading=\"lazy\" decoding=\"async\" class=\"alignnone size-full wp-image-7552\" src=\"http:\/\/marisaono.com\/delicia\/wp-content\/uploads\/IMG_4709.jpg\" alt=\"IMG_4709\" width=\"480\" height=\"360\" srcset=\"https:\/\/marisaono.com\/delicia\/wp-content\/uploads\/IMG_4709.jpg 480w, https:\/\/marisaono.com\/delicia\/wp-content\/uploads\/IMG_4709-360x270.jpg 360w, https:\/\/marisaono.com\/delicia\/wp-content\/uploads\/IMG_4709-150x113.jpg 150w, https:\/\/marisaono.com\/delicia\/wp-content\/uploads\/IMG_4709-400x300.jpg 400w\" sizes=\"(max-width: 480px) 100vw, 480px\" \/><\/a><\/p>\n<p>Ter\u00e7a-feira (dia 17) estive no Nakata.net Caf\u00e9 (que est\u00e1 funcionando at\u00e9 o dia 26 no <a href=\"http:\/\/www.octaviocafe.com\/\" target=\"_blank\">Octavio Caf\u00e9<\/a> ) para ver uma combina\u00e7\u00e3o n\u00e3o muito usual: pratos brasileiros com bebidas japonesas. Quem veio defender a combina\u00e7\u00e3o foi o chef Jefferson Rueda (<a href=\"http:\/\/www.attimorestaurante.com.br\/\" target=\"_blank\">Attimo<\/a>) e a tradu\u00e7\u00e3o ficou por conta da chef Saiko Izawa.<\/p>\n<p><a href=\"http:\/\/marisaono.com\/delicia\/wp-content\/uploads\/IMG_4720.jpg\"><img loading=\"lazy\" decoding=\"async\" class=\"alignnone size-full wp-image-7553\" src=\"http:\/\/marisaono.com\/delicia\/wp-content\/uploads\/IMG_4720.jpg\" alt=\"IMG_4720\" width=\"480\" height=\"360\" srcset=\"https:\/\/marisaono.com\/delicia\/wp-content\/uploads\/IMG_4720.jpg 480w, https:\/\/marisaono.com\/delicia\/wp-content\/uploads\/IMG_4720-360x270.jpg 360w, https:\/\/marisaono.com\/delicia\/wp-content\/uploads\/IMG_4720-150x112.jpg 150w, https:\/\/marisaono.com\/delicia\/wp-content\/uploads\/IMG_4720-400x300.jpg 400w\" sizes=\"(max-width: 480px) 100vw, 480px\" \/><\/a><\/p>\n<p>Coxinha de galinha caipira, pastel de bob\u00f3 de camar\u00e3o com queijo catupiry e canudinho de creme de palmito fizeram par com um shochu (bebida destilada japonesa).<\/p>\n<p><a href=\"http:\/\/marisaono.com\/delicia\/wp-content\/uploads\/IMG_4721.jpg\"><img loading=\"lazy\" decoding=\"async\" class=\"alignnone size-full wp-image-7554\" src=\"http:\/\/marisaono.com\/delicia\/wp-content\/uploads\/IMG_4721.jpg\" alt=\"IMG_4721\" width=\"480\" height=\"360\" srcset=\"https:\/\/marisaono.com\/delicia\/wp-content\/uploads\/IMG_4721.jpg 480w, https:\/\/marisaono.com\/delicia\/wp-content\/uploads\/IMG_4721-360x270.jpg 360w, https:\/\/marisaono.com\/delicia\/wp-content\/uploads\/IMG_4721-150x112.jpg 150w, https:\/\/marisaono.com\/delicia\/wp-content\/uploads\/IMG_4721-400x300.jpg 400w\" sizes=\"(max-width: 480px) 100vw, 480px\" \/><\/a><\/p>\n<p>Jornalistas brasileiros e japoneses provaram a combina\u00e7\u00e3o, que foi elogiada pelos representantes de bebidas japonesas que estavam presentes. Os japoneses gostam de coxinha, sim. Pelo menos os meus colegas enlouqueciam com o que chamavam de &#8220;croquete de frango&#8221;. Gostavam muito de empadinha e p\u00e3o-de-queijo hoje j\u00e1 \u00e9 um petisco bem conhecido por l\u00e1.<\/p>\n<p><a href=\"http:\/\/marisaono.com\/delicia\/wp-content\/uploads\/IMG_4717.jpg\"><img loading=\"lazy\" decoding=\"async\" class=\"alignnone size-full wp-image-7560\" src=\"http:\/\/marisaono.com\/delicia\/wp-content\/uploads\/IMG_4717.jpg\" alt=\"IMG_4717\" width=\"360\" height=\"480\" srcset=\"https:\/\/marisaono.com\/delicia\/wp-content\/uploads\/IMG_4717.jpg 360w, https:\/\/marisaono.com\/delicia\/wp-content\/uploads\/IMG_4717-202x270.jpg 202w, https:\/\/marisaono.com\/delicia\/wp-content\/uploads\/IMG_4717-112x150.jpg 112w\" sizes=\"(max-width: 360px) 100vw, 360px\" \/><\/a><\/p>\n<p>Jornalistas japoneses estavam bem empenhados em anotar tudo, muita coisa nova para eles.<\/p>\n<p><a href=\"http:\/\/marisaono.com\/delicia\/wp-content\/uploads\/pirarucu-com-pirao-de-tucupi.jpg\"><img loading=\"lazy\" decoding=\"async\" class=\"alignnone size-full wp-image-7557\" src=\"http:\/\/marisaono.com\/delicia\/wp-content\/uploads\/pirarucu-com-pirao-de-tucupi.jpg\" alt=\"pirarucu com pirao de tucupi\" width=\"526\" height=\"526\" srcset=\"https:\/\/marisaono.com\/delicia\/wp-content\/uploads\/pirarucu-com-pirao-de-tucupi.jpg 526w, https:\/\/marisaono.com\/delicia\/wp-content\/uploads\/pirarucu-com-pirao-de-tucupi-150x150.jpg 150w, https:\/\/marisaono.com\/delicia\/wp-content\/uploads\/pirarucu-com-pirao-de-tucupi-270x270.jpg 270w, https:\/\/marisaono.com\/delicia\/wp-content\/uploads\/pirarucu-com-pirao-de-tucupi-400x400.jpg 400w\" sizes=\"(max-width: 526px) 100vw, 526px\" \/><\/a>Como prato principal foi servido pirarucu com pir\u00e3o de tucupi e sagu. O chef explicou que optou por um peixe amaz\u00f5nico e as varia\u00e7\u00f5es que temos em cima da mandioca, outro ingrediente muito brasileiro. Saiko Izawa explicou para os rep\u00f3rteres japoneses o que era tucupi, o que era sagu, foi excepcional. Foi servido com um sake com uma certa do\u00e7ura do arroz, contrastando com a acidez do pir\u00e3o.<\/p>\n<p><a href=\"http:\/\/marisaono.com\/delicia\/wp-content\/uploads\/IMG_47351.jpg\"><img loading=\"lazy\" decoding=\"async\" class=\"alignnone size-full wp-image-7559\" src=\"http:\/\/marisaono.com\/delicia\/wp-content\/uploads\/IMG_47351.jpg\" alt=\"IMG_4735\" width=\"480\" height=\"362\" srcset=\"https:\/\/marisaono.com\/delicia\/wp-content\/uploads\/IMG_47351.jpg 480w, https:\/\/marisaono.com\/delicia\/wp-content\/uploads\/IMG_47351-358x270.jpg 358w, https:\/\/marisaono.com\/delicia\/wp-content\/uploads\/IMG_47351-150x113.jpg 150w, https:\/\/marisaono.com\/delicia\/wp-content\/uploads\/IMG_47351-400x301.jpg 400w\" sizes=\"(max-width: 480px) 100vw, 480px\" \/><\/a><\/p>\n<p>&nbsp;<\/p>\n<p>O evento terminou com uma rodada de perguntas. O ex-jogador Nakata ouviu atentamente as respostas. Jefferson disse que j\u00e1 era hora do brasileiro deixar de ver as bebidas japonesas como algo que s\u00f3 deveriam ser servidas com pratos japoneses. Ele n\u00e3o v\u00ea motivos para n\u00e3o serem servidas com pratos de outros pa\u00edses. Falta o p\u00fablico conhecer melhor essas bebidas e a maneira correta de aprecia-las. Muitos ainda bebem sakeirinhas (drinques com frutas e sake), com sal, no masu. &#8220;Ningu\u00e9m bebe cerveja quente.&#8221; &#8211; disse ele.<\/p>\n<p><a href=\"http:\/\/marisaono.com\/delicia\/wp-content\/uploads\/IMG_4728.jpg\"><img loading=\"lazy\" decoding=\"async\" class=\"alignnone size-full wp-image-7556\" src=\"http:\/\/marisaono.com\/delicia\/wp-content\/uploads\/IMG_4728.jpg\" alt=\"IMG_4728\" width=\"480\" height=\"360\" srcset=\"https:\/\/marisaono.com\/delicia\/wp-content\/uploads\/IMG_4728.jpg 480w, https:\/\/marisaono.com\/delicia\/wp-content\/uploads\/IMG_4728-360x270.jpg 360w, https:\/\/marisaono.com\/delicia\/wp-content\/uploads\/IMG_4728-150x112.jpg 150w, https:\/\/marisaono.com\/delicia\/wp-content\/uploads\/IMG_4728-400x300.jpg 400w\" sizes=\"(max-width: 480px) 100vw, 480px\" \/><\/a><\/p>\n<p>Falou tamb\u00e9m do umami, o gosto que ele come\u00e7ou a entender melhor h\u00e1 alguns anos. Disse que o mundo todo est\u00e1 muito interessado pela cozinha japonesa por conta do umami. A princ\u00edpio \u00e9 um gosto um pouco dif\u00edcil de distinguir mas depois de compreendido, \u00e9 f\u00e1cil de fazer combina\u00e7\u00f5es de alimentos para aumentar o umami do prato, segundo ele.<\/p>\n<p><a href=\"http:\/\/marisaono.com\/delicia\/wp-content\/uploads\/IMG_4733.jpg\"><img loading=\"lazy\" decoding=\"async\" class=\"alignnone size-full wp-image-7558\" src=\"http:\/\/marisaono.com\/delicia\/wp-content\/uploads\/IMG_4733.jpg\" alt=\"IMG_4733\" width=\"480\" height=\"361\" srcset=\"https:\/\/marisaono.com\/delicia\/wp-content\/uploads\/IMG_4733.jpg 480w, https:\/\/marisaono.com\/delicia\/wp-content\/uploads\/IMG_4733-360x270.jpg 360w, https:\/\/marisaono.com\/delicia\/wp-content\/uploads\/IMG_4733-150x112.jpg 150w, https:\/\/marisaono.com\/delicia\/wp-content\/uploads\/IMG_4733-400x300.jpg 400w\" sizes=\"(max-width: 480px) 100vw, 480px\" \/><\/a><\/p>\n<p>&nbsp;<\/p>\n<p>O chef Shinya Koike (<a href=\"http:\/\/www.aizome.com.br\/\" target=\"_blank\">Aizom\u00ea<\/a>, <a href=\"http:\/\/www.sakaguraa1.com.br\/\" target=\"_blank\">Sakagura A1<\/a>) est\u00e1 no Nakata.net Caf\u00e9, cuidando da execu\u00e7\u00e3o dos pratos criados pelo chef Makoto Okamoto.<\/p>\n<p><a href=\"http:\/\/marisaono.com\/delicia\/wp-content\/uploads\/IMG_4727.jpg\"><img loading=\"lazy\" decoding=\"async\" class=\"alignnone size-full wp-image-7561\" src=\"http:\/\/marisaono.com\/delicia\/wp-content\/uploads\/IMG_4727.jpg\" alt=\"IMG_4727\" width=\"360\" height=\"480\" srcset=\"https:\/\/marisaono.com\/delicia\/wp-content\/uploads\/IMG_4727.jpg 360w, https:\/\/marisaono.com\/delicia\/wp-content\/uploads\/IMG_4727-202x270.jpg 202w, https:\/\/marisaono.com\/delicia\/wp-content\/uploads\/IMG_4727-112x150.jpg 112w\" sizes=\"(max-width: 360px) 100vw, 360px\" \/><\/a><\/p>\n<p>O Caf\u00e9 virou um ponto de encontro de turistas japoneses que vieram para assistir aos jogos da Copa. O jogador Kazu (o primeiro jogador japon\u00eas a atuar no Brasil) esteve l\u00e1.<\/p>\n<p><a href=\"http:\/\/marisaono.com\/delicia\/wp-content\/uploads\/IMG_4705.jpg\"><img loading=\"lazy\" decoding=\"async\" class=\"alignnone size-full wp-image-7549\" src=\"http:\/\/marisaono.com\/delicia\/wp-content\/uploads\/IMG_4705.jpg\" alt=\"IMG_4705\" width=\"480\" height=\"360\" srcset=\"https:\/\/marisaono.com\/delicia\/wp-content\/uploads\/IMG_4705.jpg 480w, https:\/\/marisaono.com\/delicia\/wp-content\/uploads\/IMG_4705-360x270.jpg 360w, https:\/\/marisaono.com\/delicia\/wp-content\/uploads\/IMG_4705-150x112.jpg 150w, https:\/\/marisaono.com\/delicia\/wp-content\/uploads\/IMG_4705-400x300.jpg 400w\" sizes=\"(max-width: 480px) 100vw, 480px\" \/><\/a><\/p>\n<p>Assim como o ator Junichi Ishida.<\/p>\n<p>E se n\u00e3o quiser servir sake com um prato, n\u00e3o se preocupe. Existem sakes muito bons para serem bebidos sozinhos, tamb\u00e9m.\u00a0Hoje existem op\u00e7\u00f5es de bebidas importadas, chega a ser surpreendente.<\/p>\n<p>Quer saber mais sobre sakes e shochus? D\u00ea uma lida na p\u00e1gina da Adega de Sake:<\/p>\n<p><a href=\"http:\/\/www.adegadesake.com.br\/\" target=\"_blank\">http:\/\/www.adegadesake.com.br\/<\/a><\/p>\n<p>&nbsp;<\/p>\n<p>&nbsp;<\/p>\n<p>&nbsp;<\/p>\n<a href=\"https:\/\/www.freetellafriend.com\/tell\/?url=https%3A%2F%2Fmarisaono.com%2Fdelicia%2F2014%2F06%2F20%2Fdegustacao-de-pratos-brasileiros-com-bebidas-japonesas%2F&title=Degusta%C3%A7%C3%A3o+de+Pratos+Brasileiros+Com+Bebidas+Japonesas\" onclick=\"window.open('https:\/\/www.freetellafriend.com\/tell\/?url=https%3A%2F%2Fmarisaono.com%2Fdelicia%2F2014%2F06%2F20%2Fdegustacao-de-pratos-brasileiros-com-bebidas-japonesas%2F&title=Degusta%C3%A7%C3%A3o+de+Pratos+Brasileiros+Com+Bebidas+Japonesas', 'freetellafriend', 'scrollbars=1,menubar=0,width=617,height=530,resizable=1,toolbar=0,location=0,status=0,screenX=210,screenY=100,left=210,top=100'); return false;\" target=\"_blank\" title=\"Share This Post\"><img decoding=\"async\" src=\"http:\/\/marisaono.com\/delicia\/wp-content\/plugins\/tell-a-friend\/button.gif\" style=\"width:127px;height:16px;border:0px;\" alt=\"Share This Post\" title=\"Share This Post\" \/><\/a><\/div>\n","protected":false},"excerpt":{"rendered":"<p>[Translate] Ter\u00e7a-feira (dia 17) estive no Nakata.net Caf\u00e9 (que est\u00e1 funcionando at\u00e9 o dia 26 no Octavio Caf\u00e9 ) para ver uma combina\u00e7\u00e3o n\u00e3o muito usual: pratos brasileiros com bebidas japonesas. Quem veio defender a combina\u00e7\u00e3o foi o chef Jefferson &hellip; <a href=\"https:\/\/marisaono.com\/delicia\/2014\/06\/20\/degustacao-de-pratos-brasileiros-com-bebidas-japonesas\/\">Continuar a ler <span class=\"meta-nav\">&rarr;<\/span><\/a><\/p>\n","protected":false},"author":1,"featured_media":7552,"comment_status":"open","ping_status":"open","sticky":false,"template":"","format":"standard","meta":{"spay_email":"","footnotes":"","jetpack_publicize_message":"","jetpack_is_tweetstorm":false},"categories":[98],"tags":[],"jetpack_featured_media_url":"https:\/\/marisaono.com\/delicia\/wp-content\/uploads\/IMG_4709.jpg","jetpack_publicize_connections":[],"jetpack_sharing_enabled":true,"jetpack_shortlink":"https:\/\/wp.me\/pccs7-1XN","jetpack-related-posts":[{"id":7500,"url":"https:\/\/marisaono.com\/delicia\/2014\/06\/12\/nakata-cafe\/","url_meta":{"origin":7551,"position":0},"title":"Nakata Caf\u00e9","date":"Junho 12, 2014","format":false,"excerpt":"Estive at\u00e9 agora h\u00e1 pouco na inaugura\u00e7\u00e3o do Nakata Net Cafe, que vai estar aberto no Octavio Caf\u00e9 (Avenida Brigadeiro Faria Lima, 2.996 ) por duas semanas.\u00a0 O ex-jogador de futebol \u00a0Hidetoshi Nakata veio para a inaugura\u00e7\u00e3o. A inten\u00e7\u00e3o \u00e9 apresentar um pouco da cultura e hospitalidade japonesas durante a\u2026","rel":"","context":"In &quot;Culin\u00e1ria japonesa&quot;","img":{"alt_text":"","src":"https:\/\/i1.wp.com\/marisaono.com\/delicia\/wp-content\/uploads\/IMG_4575.jpg?resize=350%2C200&ssl=1","width":350,"height":200},"classes":[]},{"id":7054,"url":"https:\/\/marisaono.com\/delicia\/2014\/01\/25\/mentaiko-spaguetti\/","url_meta":{"origin":7551,"position":1},"title":"Mentaiko Spaguetti","date":"Janeiro 25, 2014","format":false,"excerpt":"Os japoneses adoram massas. E hoje em dia o espaguete \u00e9 algo internacional, assim como a pizza. Sei que muitos italianos e descendentes n\u00e3o gostam muito da ideia. Mas porqu\u00ea n\u00e3o aceitar que exista uma pizza italiana, outra americana, a brasileira? Os japoneses foram combinando coisas conforme o gosto e\u2026","rel":"","context":"In &quot;Culin\u00e1ria japonesa&quot;","img":{"alt_text":"","src":"https:\/\/i1.wp.com\/marisaono.com\/delicia\/wp-content\/uploads\/IMG_4009.jpg?resize=350%2C200&ssl=1","width":350,"height":200},"classes":[]},{"id":7658,"url":"https:\/\/marisaono.com\/delicia\/2014\/08\/11\/pre-lancamento-do-livro-izakaya-de-jo-takahashi\/","url_meta":{"origin":7551,"position":2},"title":"Pr\u00e9-lan\u00e7amento do Livro Izakaya de Jo Takahashi","date":"Agosto 11, 2014","format":false,"excerpt":"Na verdade era para ser uma festa de anivers\u00e1rio surpresa. Depois virou uma festa de anivers\u00e1rio sem ser surpresa com uma comemora\u00e7\u00e3o pela realiza\u00e7\u00e3o dos eventos que envolveram a vinda do Primeiro Ministro japon\u00eas. No final, depois de muita comida boa e boa bebida, virou um pr\u00e9-lan\u00e7amento do livro Izakaya\u2026","rel":"","context":"In &quot;Culin\u00e1ria japonesa&quot;","img":{"alt_text":"","src":"https:\/\/i2.wp.com\/marisaono.com\/delicia\/wp-content\/uploads\/IMG_4930.jpg?resize=350%2C200&ssl=1","width":350,"height":200},"classes":[]},{"id":7113,"url":"https:\/\/marisaono.com\/delicia\/2014\/02\/12\/degustacao-de-sakes-no-aizome\/","url_meta":{"origin":7551,"position":3},"title":"Degusta\u00e7\u00e3o de Sakes no Aizom\u00ea","date":"Fevereiro 12, 2014","format":false,"excerpt":"\u00c9, eu n\u00e3o escrevo muito sobre bebidas. E n\u00e3o \u00e9 porque eu n\u00e3o bebo. Hoje bebo muito raramente, geralmente em casa. N\u00e3o sei nada sobre degusta\u00e7\u00e3o, seja de vinho, sakes, cerveja, caf\u00e9, cacha\u00e7a. Sei um bocado sobre ficar alcoolizada, mas acho que isso quase todo mundo sabe. Portanto, a noite\u2026","rel":"","context":"In &quot;bebidas&quot;","img":{"alt_text":"","src":"https:\/\/i2.wp.com\/marisaono.com\/delicia\/wp-content\/uploads\/IMG_4119.jpg?resize=350%2C200&ssl=1","width":350,"height":200},"classes":[]},{"id":8262,"url":"https:\/\/marisaono.com\/delicia\/2015\/05\/03\/respondendo-perguntas\/","url_meta":{"origin":7551,"position":4},"title":"Respondendo Perguntas","date":"Maio 3, 2015","format":false,"excerpt":"Me peguntam (tanto aqui, quanto no Facebook) sobre produtos, alimentos, etc. Vou responder a algumas perguntas mais comuns. Qual marca de shoyu voc\u00ea usa? N\u00e3o sou fiel a marcas, em geral. Estou sempre disposta a experimentar. Na maior parte do tempo uso shoyus japoneses, agora a oferta \u00e9 bem maior.\u2026","rel":"","context":"Similar post","img":{"alt_text":"","src":"","width":0,"height":0},"classes":[]},{"id":5491,"url":"https:\/\/marisaono.com\/delicia\/2012\/11\/23\/jantares-especias-do-chef-shinya-koike\/","url_meta":{"origin":7551,"position":5},"title":"Jantares Especias do Chef Shinya Koike","date":"Novembro 23, 2012","format":false,"excerpt":"\u00a0 O produtor cultural Jo Takahashi lan\u00e7a nesta ter\u00e7a-feira o livro \u00a0\"A Cor do Sabor- A cozinha afetiva de Shin Koike\" \u00a0na livraria da vila. Para comemorar o lan\u00e7amento do livro, o chef criou 3 card\u00e1pios especiais, somente para o jantar, nas 3 casas nas quais atua. Para o\u00a0Aizome (Alameda\u00a0Fern\u00e3o\u2026","rel":"","context":"In &quot;Culin\u00e1ria japonesa&quot;","img":{"alt_text":"","src":"https:\/\/i1.wp.com\/marisaono.com\/delicia\/wp-content\/uploads\/SAKAGURA-entradas-frias1.jpg?resize=350%2C200","width":350,"height":200},"classes":[]}],"_links":{"self":[{"href":"https:\/\/marisaono.com\/delicia\/wp-json\/wp\/v2\/posts\/7551"}],"collection":[{"href":"https:\/\/marisaono.com\/delicia\/wp-json\/wp\/v2\/posts"}],"about":[{"href":"https:\/\/marisaono.com\/delicia\/wp-json\/wp\/v2\/types\/post"}],"author":[{"embeddable":true,"href":"https:\/\/marisaono.com\/delicia\/wp-json\/wp\/v2\/users\/1"}],"replies":[{"embeddable":true,"href":"https:\/\/marisaono.com\/delicia\/wp-json\/wp\/v2\/comments?post=7551"}],"version-history":[{"count":1,"href":"https:\/\/marisaono.com\/delicia\/wp-json\/wp\/v2\/posts\/7551\/revisions"}],"predecessor-version":[{"id":7562,"href":"https:\/\/marisaono.com\/delicia\/wp-json\/wp\/v2\/posts\/7551\/revisions\/7562"}],"wp:featuredmedia":[{"embeddable":true,"href":"https:\/\/marisaono.com\/delicia\/wp-json\/wp\/v2\/media\/7552"}],"wp:attachment":[{"href":"https:\/\/marisaono.com\/delicia\/wp-json\/wp\/v2\/media?parent=7551"}],"wp:term":[{"taxonomy":"category","embeddable":true,"href":"https:\/\/marisaono.com\/delicia\/wp-json\/wp\/v2\/categories?post=7551"},{"taxonomy":"post_tag","embeddable":true,"href":"https:\/\/marisaono.com\/delicia\/wp-json\/wp\/v2\/tags?post=7551"}],"curies":[{"name":"wp","href":"https:\/\/api.w.org\/{rel}","templated":true}]}}