{"id":7572,"date":"2014-06-23T18:44:10","date_gmt":"2014-06-23T21:44:10","guid":{"rendered":"http:\/\/marisaono.com\/delicia\/?p=7572"},"modified":"2014-06-23T18:44:10","modified_gmt":"2014-06-23T21:44:10","slug":"biscoito-de-camarao-mottainai","status":"publish","type":"post","link":"https:\/\/marisaono.com\/delicia\/2014\/06\/23\/biscoito-de-camarao-mottainai\/","title":{"rendered":"Biscoito de Camar\u00e3o Mottainai"},"content":{"rendered":"<div class=\"translate_block\" style=\"display: none;\">\n<a class=\"translate_translate\" id=\"translate_button_post-7572\" lang=\"en\" xml:lang=\"en\" href=\"javascript:show_translate_popup('en', 'post', 7572);\">[Translate]<\/a><img src=\"https:\/\/marisaono.com\/delicia\/wp-content\/plugins\/google-ajax-translation\/transparent.gif\" id=\"translate_loading_post-7572\" class=\"translate_loading\" style=\"display: none;\" width=\"16\" height=\"16\" alt=\"\" \/>\n<hr class=\"translate_hr\" \/>\n<\/div>\n<div id=\"content_div-7572\">\n<p><a href=\"http:\/\/marisaono.com\/delicia\/wp-content\/uploads\/IMG_4755.jpg\"><img loading=\"lazy\" decoding=\"async\" class=\"alignnone size-full wp-image-7570\" src=\"http:\/\/marisaono.com\/delicia\/wp-content\/uploads\/IMG_4755.jpg\" alt=\"IMG_4755\" width=\"360\" height=\"480\" srcset=\"https:\/\/marisaono.com\/delicia\/wp-content\/uploads\/IMG_4755.jpg 360w, https:\/\/marisaono.com\/delicia\/wp-content\/uploads\/IMG_4755-203x270.jpg 203w, https:\/\/marisaono.com\/delicia\/wp-content\/uploads\/IMG_4755-113x150.jpg 113w\" sizes=\"(max-width: 360px) 100vw, 360px\" \/><\/a><\/p>\n<p>Alguns v\u00eaem lixo, alguns enxergam alimento desperdi\u00e7ado. Outro dia comprei camar\u00f5es com casca. Limpei e fiquei com um bom punhado deles. Costumo usar as cascas e cabe\u00e7as para fazer caldo. Resolvi transforma-las em farinha. Para isso, basta secar no forno baixo, mexendo de vez em quando, at\u00e9 secar bem. E passar no processador de alimentos at\u00e9 virar uma farinha.<\/p>\n<p>Da outra vez <a href=\"http:\/\/marisaono.com\/delicia\/?p=1689\" target=\"_blank\">fiz um furikake<\/a>. Agora fa\u00e7o um biscoito. Como \u00e9 dif\u00edcil partir de uma receita do zero, fiz umas modifica\u00e7\u00f5es na <a href=\"http:\/\/marisaono.com\/delicia\/?p=150\" target=\"_blank\">receita de biscoito de cebola e p\u00e1prica<\/a>.<\/p>\n<p>Ficou assim:<\/p>\n<p>3\/4 x\u00edcara de \u00f3leo<\/p>\n<p>1 cebola m\u00e9dia<\/p>\n<p>1 ovo<\/p>\n<p>Sal \u00e0 gosto<\/p>\n<p>3\/4 x\u00edcara de farinha de camar\u00e3o<\/p>\n<p>2 colheres de ch\u00e1 de fermento em p\u00f3 qu\u00edmico<\/p>\n<p>Farinha o quanto baste<\/p>\n<p><a href=\"http:\/\/marisaono.com\/delicia\/wp-content\/uploads\/IMG_4687.jpg\"><img loading=\"lazy\" decoding=\"async\" class=\"alignnone size-full wp-image-7538\" src=\"http:\/\/marisaono.com\/delicia\/wp-content\/uploads\/IMG_4687.jpg\" alt=\"IMG_4687\" width=\"480\" height=\"360\" srcset=\"https:\/\/marisaono.com\/delicia\/wp-content\/uploads\/IMG_4687.jpg 480w, https:\/\/marisaono.com\/delicia\/wp-content\/uploads\/IMG_4687-360x270.jpg 360w, https:\/\/marisaono.com\/delicia\/wp-content\/uploads\/IMG_4687-150x112.jpg 150w, https:\/\/marisaono.com\/delicia\/wp-content\/uploads\/IMG_4687-400x300.jpg 400w\" sizes=\"(max-width: 480px) 100vw, 480px\" \/><\/a><\/p>\n<p>Bata no liquidificador a cebola com o ovo e o \u00f3leo. Despeje em uma tigela, adicione os demais ingredientes, sendo a farinha por \u00faltimo, at\u00e9 formar uma massa macia mas que pode ser modelada.<\/p>\n<p><a href=\"http:\/\/marisaono.com\/delicia\/wp-content\/uploads\/IMG_4688.jpg\"><img loading=\"lazy\" decoding=\"async\" class=\"alignnone size-full wp-image-7539\" src=\"http:\/\/marisaono.com\/delicia\/wp-content\/uploads\/IMG_4688.jpg\" alt=\"IMG_4688\" width=\"360\" height=\"480\" srcset=\"https:\/\/marisaono.com\/delicia\/wp-content\/uploads\/IMG_4688.jpg 360w, https:\/\/marisaono.com\/delicia\/wp-content\/uploads\/IMG_4688-202x270.jpg 202w, https:\/\/marisaono.com\/delicia\/wp-content\/uploads\/IMG_4688-112x150.jpg 112w\" sizes=\"(max-width: 360px) 100vw, 360px\" \/><\/a><\/p>\n<p>Modele como preferir. Eu, pregui\u00e7osamente, cortei em cubinhos. Assei em forno pr\u00e9-aquecido, temperatura moderada, at\u00e9 dourar um pouco e secar. Viraram petiscos. Sim, a gente at\u00e9 sente um pedacinho da casca, mas nada que seja t\u00e3o dif\u00edcil de digerir. Tem gosto de camar\u00e3o, embora um pouco sutil. E se quiser, junte \u00e0 receita um pouco de pimenta vermelha.<\/p>\n<p>Guarde em pote bem fechado.<\/p>\n<p>PS: Para quem n\u00e3o sabe, mottainai \u00e9 uma express\u00e3o japonesa que significa &#8220;que desperd\u00edcio!&#8221; ou algo assim. Resume o impulso de aproveitar tudo de um alimento, reduzindo o descarte.<\/p>\n<p>&nbsp;<\/p>\n<a href=\"https:\/\/www.freetellafriend.com\/tell\/?url=https%3A%2F%2Fmarisaono.com%2Fdelicia%2F2014%2F06%2F23%2Fbiscoito-de-camarao-mottainai%2F&title=Biscoito+de+Camar%C3%A3o+Mottainai\" onclick=\"window.open('https:\/\/www.freetellafriend.com\/tell\/?url=https%3A%2F%2Fmarisaono.com%2Fdelicia%2F2014%2F06%2F23%2Fbiscoito-de-camarao-mottainai%2F&title=Biscoito+de+Camar%C3%A3o+Mottainai', 'freetellafriend', 'scrollbars=1,menubar=0,width=617,height=530,resizable=1,toolbar=0,location=0,status=0,screenX=210,screenY=100,left=210,top=100'); return false;\" target=\"_blank\" title=\"Share This Post\"><img decoding=\"async\" src=\"http:\/\/marisaono.com\/delicia\/wp-content\/plugins\/tell-a-friend\/button.gif\" style=\"width:127px;height:16px;border:0px;\" alt=\"Share This Post\" title=\"Share This Post\" \/><\/a><\/div>\n","protected":false},"excerpt":{"rendered":"<p>[Translate] Alguns v\u00eaem lixo, alguns enxergam alimento desperdi\u00e7ado. Outro dia comprei camar\u00f5es com casca. Limpei e fiquei com um bom punhado deles. Costumo usar as cascas e cabe\u00e7as para fazer caldo. Resolvi transforma-las em farinha. Para isso, basta secar no &hellip; <a href=\"https:\/\/marisaono.com\/delicia\/2014\/06\/23\/biscoito-de-camarao-mottainai\/\">Continuar a ler <span class=\"meta-nav\">&rarr;<\/span><\/a><\/p>\n","protected":false},"author":1,"featured_media":0,"comment_status":"open","ping_status":"open","sticky":false,"template":"","format":"standard","meta":{"spay_email":"","footnotes":"","jetpack_publicize_message":"","jetpack_is_tweetstorm":false},"categories":[24,26,256],"tags":[58,131],"jetpack_featured_media_url":"","jetpack_publicize_connections":[],"jetpack_sharing_enabled":true,"jetpack_shortlink":"https:\/\/wp.me\/pccs7-1Y8","jetpack-related-posts":[{"id":150,"url":"https:\/\/marisaono.com\/delicia\/2007\/11\/19\/biscoitos-de-cebola-e-paprica\/","url_meta":{"origin":7572,"position":0},"title":"Biscoitos de Cebola e P\u00e1prica","date":"Novembro 19, 2007","format":false,"excerpt":"At\u00e9 hoje fiz poucos biscoitos salgados. Mas este fiz h\u00e1 umas semanas. \u00c9 simples, a textura dele lembra massa de torta, um tanto quanto oleosa, com o sabor da p\u00e1prica, cebola e um toque picante da pimenta vermelha. Muito f\u00e1cil de fazer. Biscoitos de Cebola e P\u00e1prica 3\/4 de x\u00edcara\u2026","rel":"","context":"In &quot;lanches&quot;","img":{"alt_text":"","src":"https:\/\/i0.wp.com\/marisaono.com\/delicia\/wp-content\/uploads\/biscoito-de-cebola-e-paprica.jpg?resize=350%2C200&ssl=1","width":350,"height":200},"classes":[]},{"id":194,"url":"https:\/\/marisaono.com\/delicia\/2008\/01\/15\/petit-four\/","url_meta":{"origin":7572,"position":1},"title":"Petit Four","date":"Janeiro 15, 2008","format":false,"excerpt":"A receita \u00e9 da Cozinha de A a Z, fasc\u00edculo 17. \u00c9 um biscoito sem muita pretens\u00e3o, com goiabada. 3\/4 x\u00edcara de manteiga 3\/4 x\u00edcara de ch\u00e1 de a\u00e7\u00facar 2 ovos 1 coher de ch\u00e1 de baunilha 2 x\u00edcaras de farinha de trigo 2 colheres (de caf\u00e9) de fermento em\u2026","rel":"","context":"In &quot;Doces&quot;","img":{"alt_text":"","src":"https:\/\/i1.wp.com\/marisaono.com\/delicia\/wp-content\/uploads\/img_1552_2_1.jpg?resize=350%2C200&ssl=1","width":350,"height":200},"classes":[]},{"id":4660,"url":"https:\/\/marisaono.com\/delicia\/2012\/02\/23\/biscoito-de-castanha-e-goiabada\/","url_meta":{"origin":7572,"position":2},"title":"Biscoito de Castanha e Goiabada","date":"Fevereiro 23, 2012","format":false,"excerpt":"Minha m\u00e3e queria biscoitos com gel\u00e9ia. Eu olhava para um pote de goiabada que estava sobrevivendo aqui em casa h\u00e1 muito tempo. Ela insistia que queria o biscoito de gel\u00e9ia porque o recheio fica \"puxento\". Bem, resolvi os dois problemas. Usei farinha de castanha-de-caju porque ela d\u00e1 uma textura mais\u2026","rel":"","context":"In &quot;Doces&quot;","img":{"alt_text":"","src":"https:\/\/i2.wp.com\/marisaono.com\/delicia\/wp-content\/uploads\/CIMG0730.jpg?resize=350%2C200&ssl=1","width":350,"height":200},"classes":[]},{"id":7403,"url":"https:\/\/marisaono.com\/delicia\/2014\/05\/07\/biscoitos-de-geleia-de-preguicosa\/","url_meta":{"origin":7572,"position":3},"title":"Biscoitos de Gel\u00e9ia de Pregui\u00e7osa","date":"Maio 7, 2014","format":false,"excerpt":"O pregui\u00e7osa fica por minha conta. Gosto de biscoitos com gel\u00e9ia, li em algum lugar que s\u00e3o chamados de \"dedais de sinh\u00e1\". S\u00e3o aqueles biscoitos redondos, com uma depress\u00e3o no centro e um pouco de gel\u00e9ia. Mas confesso, \u00e9 uma chatice enrolar dezenas de bolinhas, marcar com o ded\u00e3o, pingar\u2026","rel":"","context":"In &quot;Doces&quot;","img":{"alt_text":"IMG_4467","src":"https:\/\/i1.wp.com\/marisaono.com\/delicia\/wp-content\/uploads\/IMG_4467.jpg?resize=350%2C200","width":350,"height":200},"classes":[]},{"id":144,"url":"https:\/\/marisaono.com\/delicia\/2007\/11\/09\/okara-karintou\/","url_meta":{"origin":7572,"position":4},"title":"Okara Karintou","date":"Novembro 9, 2007","format":false,"excerpt":"O karintou (ou karinto) \u00e9 um biscoito feito de farinha, a\u00e7\u00facar, fermento e \u00e1gua, frito e passado em uma calda a\u00e7ucarada. A calda pode ser feita com a\u00e7\u00facar mascavo ou branco, ser perfumada com gengibre ou receber um pouco de gergelim, am\u00eandoas picadas ou amendoim picado. Tamb\u00e9m j\u00e1 vi ter\u2026","rel":"","context":"In &quot;Culin\u00e1ria japonesa&quot;","img":{"alt_text":"","src":"https:\/\/i1.wp.com\/marisaono.com\/delicia\/wp-content\/uploads\/okara-karintou.jpg?resize=350%2C200&ssl=1","width":350,"height":200},"classes":[]},{"id":4937,"url":"https:\/\/marisaono.com\/delicia\/2012\/06\/21\/alfajores-peruanos\/","url_meta":{"origin":7572,"position":5},"title":"Alfajores Peruanos","date":"Junho 21, 2012","format":false,"excerpt":"O meu primeiro contato com a comida peruana foi h\u00e1 muito tempo. No Jap\u00e3o havia uma grande comunidade peruana. Principalmente em Hamamatsu e cidades vizinhas, como Iwata, Kakegawa. Lojas de produtos brasileiros passaram a comercializar Inca Cola, pasta de aj\u00ed amarilo. Cheguei a jantar algumas vezes em um restaurante secreto\u2026","rel":"","context":"In &quot;curiosidades&quot;","img":{"alt_text":"","src":"https:\/\/i1.wp.com\/marisaono.com\/delicia\/wp-content\/uploads\/CIMG1246.jpg?resize=350%2C200&ssl=1","width":350,"height":200},"classes":[]}],"_links":{"self":[{"href":"https:\/\/marisaono.com\/delicia\/wp-json\/wp\/v2\/posts\/7572"}],"collection":[{"href":"https:\/\/marisaono.com\/delicia\/wp-json\/wp\/v2\/posts"}],"about":[{"href":"https:\/\/marisaono.com\/delicia\/wp-json\/wp\/v2\/types\/post"}],"author":[{"embeddable":true,"href":"https:\/\/marisaono.com\/delicia\/wp-json\/wp\/v2\/users\/1"}],"replies":[{"embeddable":true,"href":"https:\/\/marisaono.com\/delicia\/wp-json\/wp\/v2\/comments?post=7572"}],"version-history":[{"count":1,"href":"https:\/\/marisaono.com\/delicia\/wp-json\/wp\/v2\/posts\/7572\/revisions"}],"predecessor-version":[{"id":7573,"href":"https:\/\/marisaono.com\/delicia\/wp-json\/wp\/v2\/posts\/7572\/revisions\/7573"}],"wp:attachment":[{"href":"https:\/\/marisaono.com\/delicia\/wp-json\/wp\/v2\/media?parent=7572"}],"wp:term":[{"taxonomy":"category","embeddable":true,"href":"https:\/\/marisaono.com\/delicia\/wp-json\/wp\/v2\/categories?post=7572"},{"taxonomy":"post_tag","embeddable":true,"href":"https:\/\/marisaono.com\/delicia\/wp-json\/wp\/v2\/tags?post=7572"}],"curies":[{"name":"wp","href":"https:\/\/api.w.org\/{rel}","templated":true}]}}