{"id":7583,"date":"2014-07-02T21:12:01","date_gmt":"2014-07-03T00:12:01","guid":{"rendered":"http:\/\/marisaono.com\/delicia\/?p=7583"},"modified":"2014-07-02T21:12:01","modified_gmt":"2014-07-03T00:12:01","slug":"raiz-estranha","status":"publish","type":"post","link":"https:\/\/marisaono.com\/delicia\/2014\/07\/02\/raiz-estranha\/","title":{"rendered":"Raiz Estranha"},"content":{"rendered":"<div class=\"translate_block\" style=\"display: none;\">\n<a class=\"translate_translate\" id=\"translate_button_post-7583\" lang=\"en\" xml:lang=\"en\" href=\"javascript:show_translate_popup('en', 'post', 7583);\">[Translate]<\/a><img src=\"https:\/\/marisaono.com\/delicia\/wp-content\/plugins\/google-ajax-translation\/transparent.gif\" id=\"translate_loading_post-7583\" class=\"translate_loading\" style=\"display: none;\" width=\"16\" height=\"16\" alt=\"\" \/>\n<hr class=\"translate_hr\" \/>\n<\/div>\n<div id=\"content_div-7583\">\n<p><a href=\"http:\/\/marisaono.com\/delicia\/wp-content\/uploads\/IMG_4766.jpg\"><img loading=\"lazy\" decoding=\"async\" class=\"alignnone size-full wp-image-7586\" src=\"http:\/\/marisaono.com\/delicia\/wp-content\/uploads\/IMG_4766.jpg\" alt=\"IMG_4766\" width=\"360\" height=\"480\" srcset=\"https:\/\/marisaono.com\/delicia\/wp-content\/uploads\/IMG_4766.jpg 360w, https:\/\/marisaono.com\/delicia\/wp-content\/uploads\/IMG_4766-203x270.jpg 203w, https:\/\/marisaono.com\/delicia\/wp-content\/uploads\/IMG_4766-113x150.jpg 113w\" sizes=\"(max-width: 360px) 100vw, 360px\" \/><\/a><\/p>\n<p>Cresceu uma raiz diferente aqui em casa, parente do gengibre. Minha m\u00e3e garante que quem apareceu com ela fui eu. S\u00f3 que n\u00e3o me lembro de quem ganhei e nem do nome.<\/p>\n<p><a href=\"http:\/\/marisaono.com\/delicia\/wp-content\/uploads\/IMG_4767.jpg\"><img loading=\"lazy\" decoding=\"async\" class=\"alignnone size-full wp-image-7587\" src=\"http:\/\/marisaono.com\/delicia\/wp-content\/uploads\/IMG_4767.jpg\" alt=\"IMG_4767\" width=\"360\" height=\"480\" srcset=\"https:\/\/marisaono.com\/delicia\/wp-content\/uploads\/IMG_4767.jpg 360w, https:\/\/marisaono.com\/delicia\/wp-content\/uploads\/IMG_4767-202x270.jpg 202w, https:\/\/marisaono.com\/delicia\/wp-content\/uploads\/IMG_4767-112x150.jpg 112w\" sizes=\"(max-width: 360px) 100vw, 360px\" \/><\/a><\/p>\n<p>A polpa \u00e9 branca e n\u00e3o \u00e9 picante. O aroma tamb\u00e9m \u00e9 mais suave e senti um tanto de amido quando mordi. N\u00e3o me entusiasmei, n\u00e3o, confesso.<\/p>\n<p><a href=\"http:\/\/marisaono.com\/delicia\/wp-content\/uploads\/IMG_4768.jpg\"><img loading=\"lazy\" decoding=\"async\" class=\"alignnone size-full wp-image-7588\" src=\"http:\/\/marisaono.com\/delicia\/wp-content\/uploads\/IMG_4768.jpg\" alt=\"IMG_4768\" width=\"480\" height=\"360\" srcset=\"https:\/\/marisaono.com\/delicia\/wp-content\/uploads\/IMG_4768.jpg 480w, https:\/\/marisaono.com\/delicia\/wp-content\/uploads\/IMG_4768-360x270.jpg 360w, https:\/\/marisaono.com\/delicia\/wp-content\/uploads\/IMG_4768-150x112.jpg 150w, https:\/\/marisaono.com\/delicia\/wp-content\/uploads\/IMG_4768-400x300.jpg 400w\" sizes=\"(max-width: 480px) 100vw, 480px\" \/><\/a><\/p>\n<p>E a pele dele \u00e9 mais fina, embora tudo lembre o gengibre. Sei que n\u00e3o \u00e9 galangal (porque ele tem um cheiro pungente), n\u00e3o \u00e9 c\u00farcuma (que a raiz \u00e9 de um amarelo bem vivo) e nem \u00e9 lirio-do-brejo porque a folha \u00e9 diferente.<\/p>\n<p>Ah, tamb\u00e9m n\u00e3o sei nem se \u00e9 comest\u00edvel, pode ser que eu tenha ganho como planta ornamental, apesar de n\u00e3o ter produzido flores.<\/p>\n<p>Enquanto n\u00e3o me lembro nem descubro o que \u00e9, n\u00e3o vou colocar na panela, n\u00e3o.<\/p>\n<p>&nbsp;<\/p>\n<a href=\"https:\/\/www.freetellafriend.com\/tell\/?url=https%3A%2F%2Fmarisaono.com%2Fdelicia%2F2014%2F07%2F02%2Fraiz-estranha%2F&title=Raiz+Estranha\" onclick=\"window.open('https:\/\/www.freetellafriend.com\/tell\/?url=https%3A%2F%2Fmarisaono.com%2Fdelicia%2F2014%2F07%2F02%2Fraiz-estranha%2F&title=Raiz+Estranha', 'freetellafriend', 'scrollbars=1,menubar=0,width=617,height=530,resizable=1,toolbar=0,location=0,status=0,screenX=210,screenY=100,left=210,top=100'); return false;\" target=\"_blank\" title=\"Share This Post\"><img decoding=\"async\" src=\"http:\/\/marisaono.com\/delicia\/wp-content\/plugins\/tell-a-friend\/button.gif\" style=\"width:127px;height:16px;border:0px;\" alt=\"Share This Post\" title=\"Share This Post\" \/><\/a><\/div>\n","protected":false},"excerpt":{"rendered":"<p>[Translate] Cresceu uma raiz diferente aqui em casa, parente do gengibre. Minha m\u00e3e garante que quem apareceu com ela fui eu. S\u00f3 que n\u00e3o me lembro de quem ganhei e nem do nome. A polpa \u00e9 branca e n\u00e3o \u00e9 &hellip; <a href=\"https:\/\/marisaono.com\/delicia\/2014\/07\/02\/raiz-estranha\/\">Continuar a ler <span class=\"meta-nav\">&rarr;<\/span><\/a><\/p>\n","protected":false},"author":1,"featured_media":7584,"comment_status":"open","ping_status":"open","sticky":false,"template":"","format":"standard","meta":{"spay_email":"","footnotes":"","jetpack_publicize_message":"","jetpack_is_tweetstorm":false},"categories":[16],"tags":[85],"jetpack_featured_media_url":"https:\/\/marisaono.com\/delicia\/wp-content\/uploads\/IMG_4764.jpg","jetpack_publicize_connections":[],"jetpack_sharing_enabled":true,"jetpack_shortlink":"https:\/\/wp.me\/pccs7-1Yj","jetpack-related-posts":[{"id":3881,"url":"https:\/\/marisaono.com\/delicia\/2011\/11\/28\/acelga-vermelha-e-galangal\/","url_meta":{"origin":7583,"position":0},"title":"Acelga Vermelha e Galangal","date":"Novembro 28, 2011","format":false,"excerpt":"Essa linda verdura, de cores vivas, \u00e9 a acelga vermelha. Pelo menos comprei como tal, na loja da Sakama (Av.\u00a0Imperatriz\u00a0Leopoldina, 1.305 - S\u00e3o Paulo). N\u00e3o foi caro, n\u00e3o, creio que menos de R$3,00 o pacote. Mas pode ser que esteja enganada. O talo tem um sabor que lembra o talo\u2026","rel":"","context":"In &quot;curiosidades&quot;","img":{"alt_text":"","src":"https:\/\/i1.wp.com\/marisaono.com\/delicia\/wp-content\/uploads\/CIMG0414.jpg?resize=350%2C200&ssl=1","width":350,"height":200},"classes":[]},{"id":62,"url":"https:\/\/marisaono.com\/delicia\/2007\/07\/29\/shioga-gari\/","url_meta":{"origin":7583,"position":1},"title":"Shoga Gari (Conserva de Gengibre)","date":"Julho 29, 2007","format":false,"excerpt":"\u00c9 uma receita que volta e meia me perguntam como se faz. \u00c9 uma conserva muito simples de se fazer. O \u00fanico por\u00e9m \u00e9 aproveitar a safra de gengibre. Se n\u00e3o me falha a mem\u00f3ria, no in\u00edcio do ver\u00e3o os brotos de gengibre come\u00e7am a aparecer na feira. Se puder,\u2026","rel":"","context":"In &quot;conservas&quot;","img":{"alt_text":"","src":"https:\/\/i1.wp.com\/marisaono.com\/delicia\/wp-content\/uploads\/img_0836.jpg?resize=350%2C200&ssl=1","width":350,"height":200},"classes":[]},{"id":3141,"url":"https:\/\/marisaono.com\/delicia\/2011\/04\/02\/camarao-com-gengibre-e-molho-de-ostras\/","url_meta":{"origin":7583,"position":2},"title":"Camar\u00e3o com Gengibre e Molho de Ostras","date":"Abril 2, 2011","format":false,"excerpt":"Eu sei, camar\u00e3o anda pela hora do morte. Como op\u00e7\u00e3o h\u00e1 o camar\u00e3o cultivado, que n\u00e3o tem o mesmo gosto, mas d\u00e1 para consumir. S\u00f3 que j\u00e1 comi alguns com um certo gosto de lodo que n\u00e3o me agradou. Para contornar o problema, eu retiro a tripa, lavo bem, deixo\u2026","rel":"","context":"In &quot;F\u00e1cil&quot;","img":{"alt_text":"","src":"https:\/\/i0.wp.com\/marisaono.com\/delicia\/wp-content\/uploads\/camar\u00f5es-ao-gengibre-e-molho-de-ostras.jpg?resize=350%2C200&ssl=1","width":350,"height":200},"classes":[]},{"id":6434,"url":"https:\/\/marisaono.com\/delicia\/2013\/08\/23\/cantucci-de-gari-e-amendoas\/","url_meta":{"origin":7583,"position":3},"title":"Cantucci de Gari e Am\u00eandoas","date":"Agosto 23, 2013","format":false,"excerpt":"Essa receita eu peguei da Mari Hirata, durante a aula que ela deu na Escola Wilma Kovesi. Mas fiz duas pequenas modifica\u00e7\u00f5es: troquei o pistache por am\u00eandoas (era o que tinha) e adicionei um pouco de fermento em p\u00f3. E fiquei o dia todo pensando, como quem entoa um mantra:\u2026","rel":"","context":"In &quot;conservas&quot;","img":{"alt_text":"","src":"https:\/\/i1.wp.com\/marisaono.com\/delicia\/wp-content\/uploads\/IMG_2922.jpg?resize=350%2C200&ssl=1","width":350,"height":200},"classes":[]},{"id":9935,"url":"https:\/\/marisaono.com\/delicia\/2019\/01\/02\/shin-shoga-tsukudani-conserva-cozida-de-gengibre-novo\/","url_meta":{"origin":7583,"position":4},"title":"Shin Shoga Tsukudani (Conserva Cozida de Gengibre Novo)","date":"Janeiro 2, 2019","format":false,"excerpt":"Eu gosto de conversar com quem gosta de comer. \u00c9 que muitas vezes, quando ou\u00e7o sobre gostos pessoais, descubro temas ou receitas sobre as quais ainda n\u00e3o escrevi. Afinal, depois de tantos anos e tantas receitas (mais de 700!), nem eu mesma tenho certeza. Por exemplo, conversando com o Alexandre\u2026","rel":"","context":"In &quot;conservas&quot;","img":{"alt_text":"","src":"https:\/\/i1.wp.com\/marisaono.com\/delicia\/wp-content\/uploads\/IMG_20181226_094556-1.jpg?resize=350%2C200&ssl=1","width":350,"height":200},"classes":[]},{"id":313,"url":"https:\/\/marisaono.com\/delicia\/2008\/03\/23\/flor-de-gengibre\/","url_meta":{"origin":7583,"position":5},"title":"Flor de Gengibre","date":"Mar\u00e7o 23, 2008","format":false,"excerpt":"Gengibre d\u00e1 flor. E ele \u00e9 indicativo que est\u00e1 na hora de colher, se a inten\u00e7\u00e3o \u00e9 fazer o Gari.\u00a0 Depois da florada, o gengibre tende a ficar mais picante eduro. Nem sempre os ma\u00e7os s\u00e3o vendidos com a folhagem. Mas a flor \u00e9 interessante e eu achei que a\u2026","rel":"","context":"In &quot;conservas&quot;","img":{"alt_text":"","src":"https:\/\/i0.wp.com\/marisaono.com\/delicia\/wp-content\/uploads\/2008\/03\/flor-gengibre.jpg?resize=350%2C200&ssl=1","width":350,"height":200},"classes":[]}],"_links":{"self":[{"href":"https:\/\/marisaono.com\/delicia\/wp-json\/wp\/v2\/posts\/7583"}],"collection":[{"href":"https:\/\/marisaono.com\/delicia\/wp-json\/wp\/v2\/posts"}],"about":[{"href":"https:\/\/marisaono.com\/delicia\/wp-json\/wp\/v2\/types\/post"}],"author":[{"embeddable":true,"href":"https:\/\/marisaono.com\/delicia\/wp-json\/wp\/v2\/users\/1"}],"replies":[{"embeddable":true,"href":"https:\/\/marisaono.com\/delicia\/wp-json\/wp\/v2\/comments?post=7583"}],"version-history":[{"count":1,"href":"https:\/\/marisaono.com\/delicia\/wp-json\/wp\/v2\/posts\/7583\/revisions"}],"predecessor-version":[{"id":7589,"href":"https:\/\/marisaono.com\/delicia\/wp-json\/wp\/v2\/posts\/7583\/revisions\/7589"}],"wp:featuredmedia":[{"embeddable":true,"href":"https:\/\/marisaono.com\/delicia\/wp-json\/wp\/v2\/media\/7584"}],"wp:attachment":[{"href":"https:\/\/marisaono.com\/delicia\/wp-json\/wp\/v2\/media?parent=7583"}],"wp:term":[{"taxonomy":"category","embeddable":true,"href":"https:\/\/marisaono.com\/delicia\/wp-json\/wp\/v2\/categories?post=7583"},{"taxonomy":"post_tag","embeddable":true,"href":"https:\/\/marisaono.com\/delicia\/wp-json\/wp\/v2\/tags?post=7583"}],"curies":[{"name":"wp","href":"https:\/\/api.w.org\/{rel}","templated":true}]}}