{"id":7783,"date":"2014-08-18T09:14:30","date_gmt":"2014-08-18T12:14:30","guid":{"rendered":"http:\/\/marisaono.com\/delicia\/?p=7783"},"modified":"2014-08-18T09:14:30","modified_gmt":"2014-08-18T12:14:30","slug":"aula-pratica-de-defumados","status":"publish","type":"post","link":"https:\/\/marisaono.com\/delicia\/2014\/08\/18\/aula-pratica-de-defumados\/","title":{"rendered":"Aula Pr\u00e1tica de Defumados"},"content":{"rendered":"<div class=\"translate_block\" style=\"display: none;\">\n<a class=\"translate_translate\" id=\"translate_button_post-7783\" lang=\"en\" xml:lang=\"en\" href=\"javascript:show_translate_popup('en', 'post', 7783);\">[Translate]<\/a><img src=\"https:\/\/marisaono.com\/delicia\/wp-content\/plugins\/google-ajax-translation\/transparent.gif\" id=\"translate_loading_post-7783\" class=\"translate_loading\" style=\"display: none;\" width=\"16\" height=\"16\" alt=\"\" \/>\n<hr class=\"translate_hr\" \/>\n<\/div>\n<div id=\"content_div-7783\">\n<p><a href=\"http:\/\/marisaono.com\/delicia\/wp-content\/uploads\/bacon.jpg\"><img loading=\"lazy\" decoding=\"async\" class=\"alignnone size-full wp-image-7784\" src=\"http:\/\/marisaono.com\/delicia\/wp-content\/uploads\/bacon.jpg\" alt=\"bacon\" width=\"480\" height=\"480\" srcset=\"https:\/\/marisaono.com\/delicia\/wp-content\/uploads\/bacon.jpg 480w, https:\/\/marisaono.com\/delicia\/wp-content\/uploads\/bacon-150x150.jpg 150w, https:\/\/marisaono.com\/delicia\/wp-content\/uploads\/bacon-270x270.jpg 270w, https:\/\/marisaono.com\/delicia\/wp-content\/uploads\/bacon-144x144.jpg 144w\" sizes=\"(max-width: 480px) 100vw, 480px\" \/><\/a><\/p>\n<p>Come\u00e7ou como uma brincadeira no Facebook. Alguns amigos perguntaram se eu n\u00e3o ensinaria a fazer o bacon e o pernil que fiz e que publiquei a foto. Um perguntou, outro perguntou e neste domingo irei receber um grupo pequeno aqui em casa. Vou explicar as t\u00e9cnicas de salga, cura e defuma\u00e7\u00e3o, utilizando utens\u00edlios que podem ser providenciados e que funcionam em uma cozinha dom\u00e9stica. Claro que quem vier vai provar, junto com uns p\u00e3es e coisas que eu inventar na hora.<\/p>\n<p>Como a casa e a cozinha daqui s\u00e3o pequenas, n\u00e3o posso receber muita gente de uma vez s\u00f3. Ent\u00e3o ficaram alguns para o dia 31\/08 (domingo). Restam algumas vagas para quem quiser vir at\u00e9 Ibi\u00fana e passar umas horas aqui em casa. Interessados entrem em contato comigo pelo e-mail marisaono@gmail.com<\/p>\n<p>&nbsp;<\/p>\n<p>&nbsp;<\/p>\n<p>&nbsp;<\/p>\n<a href=\"https:\/\/www.freetellafriend.com\/tell\/?url=https%3A%2F%2Fmarisaono.com%2Fdelicia%2F2014%2F08%2F18%2Faula-pratica-de-defumados%2F&title=Aula+Pr%C3%A1tica+de+Defumados\" onclick=\"window.open('https:\/\/www.freetellafriend.com\/tell\/?url=https%3A%2F%2Fmarisaono.com%2Fdelicia%2F2014%2F08%2F18%2Faula-pratica-de-defumados%2F&title=Aula+Pr%C3%A1tica+de+Defumados', 'freetellafriend', 'scrollbars=1,menubar=0,width=617,height=530,resizable=1,toolbar=0,location=0,status=0,screenX=210,screenY=100,left=210,top=100'); return false;\" target=\"_blank\" title=\"Share This Post\"><img decoding=\"async\" src=\"http:\/\/marisaono.com\/delicia\/wp-content\/plugins\/tell-a-friend\/button.gif\" style=\"width:127px;height:16px;border:0px;\" alt=\"Share This Post\" title=\"Share This Post\" \/><\/a><\/div>\n","protected":false},"excerpt":{"rendered":"<p>[Translate] Come\u00e7ou como uma brincadeira no Facebook. Alguns amigos perguntaram se eu n\u00e3o ensinaria a fazer o bacon e o pernil que fiz e que publiquei a foto. Um perguntou, outro perguntou e neste domingo irei receber um grupo pequeno &hellip; <a href=\"https:\/\/marisaono.com\/delicia\/2014\/08\/18\/aula-pratica-de-defumados\/\">Continuar a ler <span class=\"meta-nav\">&rarr;<\/span><\/a><\/p>\n","protected":false},"author":1,"featured_media":7784,"comment_status":"open","ping_status":"open","sticky":false,"template":"","format":"standard","meta":{"spay_email":"","footnotes":"","jetpack_publicize_message":"","jetpack_is_tweetstorm":false},"categories":[11,13],"tags":[],"jetpack_featured_media_url":"https:\/\/marisaono.com\/delicia\/wp-content\/uploads\/bacon.jpg","jetpack_publicize_connections":[],"jetpack_sharing_enabled":true,"jetpack_shortlink":"https:\/\/wp.me\/pccs7-21x","jetpack-related-posts":[{"id":200,"url":"https:\/\/marisaono.com\/delicia\/2008\/01\/21\/defumando-em-casa\/","url_meta":{"origin":7783,"position":0},"title":"Defumando em Casa","date":"Janeiro 21, 2008","format":false,"excerpt":"Eu j\u00e1 falei da t\u00e9cnica de defumar pequenas por\u00e7\u00f5es de carne usando uma frigideira. No entanto, quando \u00e9 algo maior ou quero um resultado melhor, uso um pequeno defumador dom\u00e9stico. Esse seria algo para ser usado ao ar livre, em um acampamento, por exemplo. N\u00e3o d\u00e1 para usar em pe\u00e7as\u2026","rel":"","context":"In &quot;carnes.&quot;","img":{"alt_text":"","src":"https:\/\/i2.wp.com\/marisaono.com\/delicia\/wp-content\/uploads\/img_1608_1_1.jpg?resize=350%2C200&ssl=1","width":350,"height":200},"classes":[]},{"id":8395,"url":"https:\/\/marisaono.com\/delicia\/2015\/08\/12\/lamen-defumados-e-gyozas\/","url_meta":{"origin":7783,"position":1},"title":"Lamen, Defumados e Gyozas","date":"Agosto 12, 2015","format":false,"excerpt":"Alguns leitores do blog me escreveram perguntado sobre aulas sobre lamens, defumados e gyozas (e outros bolinhos que podem ser fritos, assados ou cozidos). Aqui v\u00e3o as datas: 23\/08 - Lamen: duas massas, caldo, feitos na hora. 30\/08 - Defumados: bacon e pastrami, salga, cura, defuma\u00e7\u00e3o. 13\/09 - Gyoza, Shumai,\u2026","rel":"","context":"With 1 comment","img":{"alt_text":"","src":"","width":0,"height":0},"classes":[]},{"id":9989,"url":"https:\/\/marisaono.com\/delicia\/2019\/05\/14\/agenda-de-julho\/","url_meta":{"origin":7783,"position":2},"title":"Agenda de Junho","date":"Maio 14, 2019","format":false,"excerpt":"Aqui v\u00e3o as datas dos pr\u00f3ximos cursos aqui em casa: Miso e fermentados \u00e0 base de arroz Quando: Dia 2 de junho, domingo, das 10 as 16 horas Onde: Aqui em casa, pr\u00f3ximo ao Haras Setti e o campo de beisebol da Yakult em Ibi\u00fana. Programa\u00e7\u00e3o: O que \u00e9 koji,\u2026","rel":"","context":"With 6 comments","img":{"alt_text":"","src":"","width":0,"height":0},"classes":[]},{"id":6933,"url":"https:\/\/marisaono.com\/delicia\/2013\/12\/26\/barriga-de-porco-defumada-no-forno\/","url_meta":{"origin":7783,"position":3},"title":"Barriga de Porco Defumada no Forno","date":"Dezembro 26, 2013","format":false,"excerpt":"Continuo curando e defumando carnes aqui em casa. Primeiro porque os defumados industrializados mais populares andaram caindo de qualidade nos \u00faltimos anos. Pelo que me disseram, surgiram normas impedindo ou limitando o uso de madeira em defumados. Em diversas localidades foi proibido o uso de lenha, seja em fornos para\u2026","rel":"","context":"In &quot;carnes.&quot;","img":{"alt_text":"","src":"https:\/\/i1.wp.com\/marisaono.com\/delicia\/wp-content\/uploads\/IMG_3831.jpg?resize=350%2C200&ssl=1","width":350,"height":200},"classes":[]},{"id":9836,"url":"https:\/\/marisaono.com\/delicia\/2018\/07\/10\/agenda-lamen-e-defumados\/","url_meta":{"origin":7783,"position":4},"title":"Agenda: Lamen e Defumados","date":"Julho 10, 2018","format":false,"excerpt":"Lamen: Dias 29 e 30 de julho (domingo e segunda) Hor\u00e1rio: Das 10 \u00e0s 16 horas Local: Aqui em casa, em Ibi\u00fana, pr\u00f3ximo ao Haras Setti Receitas apresentadas: Duas massas para lamen, caldo base, molhos para o shoyu lamen e para o miso lamen, porco marinado (chashu), ovo marinado (aji\u2026","rel":"","context":"Similar post","img":{"alt_text":"","src":"","width":0,"height":0},"classes":[]},{"id":9882,"url":"https:\/\/marisaono.com\/delicia\/2018\/10\/16\/agenda-5\/","url_meta":{"origin":7783,"position":5},"title":"Agenda","date":"Outubro 16, 2018","format":false,"excerpt":"Quer aprender a fazer bacon, pernil defumado, pastrami em casa? Turma pequena, com tempo para tirar todas as d\u00favidas e ainda almo\u00e7ar. Quando: Dia 21 de outubro, domingo, das 10 \u00e0s 16 horas. Onde: Aqui em casa, pr\u00f3ximo ao Haras Setti e o campo de beisebol da Yakult em Ibi\u00fana.\u2026","rel":"","context":"Similar post","img":{"alt_text":"","src":"https:\/\/i1.wp.com\/marisaono.com\/delicia\/wp-content\/uploads\/bacon-1.jpg?resize=350%2C200","width":350,"height":200},"classes":[]}],"_links":{"self":[{"href":"https:\/\/marisaono.com\/delicia\/wp-json\/wp\/v2\/posts\/7783"}],"collection":[{"href":"https:\/\/marisaono.com\/delicia\/wp-json\/wp\/v2\/posts"}],"about":[{"href":"https:\/\/marisaono.com\/delicia\/wp-json\/wp\/v2\/types\/post"}],"author":[{"embeddable":true,"href":"https:\/\/marisaono.com\/delicia\/wp-json\/wp\/v2\/users\/1"}],"replies":[{"embeddable":true,"href":"https:\/\/marisaono.com\/delicia\/wp-json\/wp\/v2\/comments?post=7783"}],"version-history":[{"count":1,"href":"https:\/\/marisaono.com\/delicia\/wp-json\/wp\/v2\/posts\/7783\/revisions"}],"predecessor-version":[{"id":7785,"href":"https:\/\/marisaono.com\/delicia\/wp-json\/wp\/v2\/posts\/7783\/revisions\/7785"}],"wp:featuredmedia":[{"embeddable":true,"href":"https:\/\/marisaono.com\/delicia\/wp-json\/wp\/v2\/media\/7784"}],"wp:attachment":[{"href":"https:\/\/marisaono.com\/delicia\/wp-json\/wp\/v2\/media?parent=7783"}],"wp:term":[{"taxonomy":"category","embeddable":true,"href":"https:\/\/marisaono.com\/delicia\/wp-json\/wp\/v2\/categories?post=7783"},{"taxonomy":"post_tag","embeddable":true,"href":"https:\/\/marisaono.com\/delicia\/wp-json\/wp\/v2\/tags?post=7783"}],"curies":[{"name":"wp","href":"https:\/\/api.w.org\/{rel}","templated":true}]}}