{"id":7956,"date":"2014-11-02T16:43:02","date_gmt":"2014-11-02T19:43:02","guid":{"rendered":"http:\/\/marisaono.com\/delicia\/?p=7956"},"modified":"2014-11-02T16:43:02","modified_gmt":"2014-11-02T19:43:02","slug":"o-homem-e-o-unico-animal-que","status":"publish","type":"post","link":"https:\/\/marisaono.com\/delicia\/2014\/11\/02\/o-homem-e-o-unico-animal-que\/","title":{"rendered":"O Homem \u00c9 O \u00danico Animal Que&#8230;"},"content":{"rendered":"<div class=\"translate_block\" style=\"display: none;\">\n<a class=\"translate_translate\" id=\"translate_button_post-7956\" lang=\"en\" xml:lang=\"en\" href=\"javascript:show_translate_popup('en', 'post', 7956);\">[Translate]<\/a><img src=\"https:\/\/marisaono.com\/delicia\/wp-content\/plugins\/google-ajax-translation\/transparent.gif\" id=\"translate_loading_post-7956\" class=\"translate_loading\" style=\"display: none;\" width=\"16\" height=\"16\" alt=\"\" \/>\n<hr class=\"translate_hr\" \/>\n<\/div>\n<div id=\"content_div-7956\">\n<p>Uma das coisas que eu gostava no seriada &#8220;Jornada nas Estrelas&#8221; (sim, j\u00e1 fui crian\u00e7a e adolescente, embora h\u00e1 muito tempo) eram as discuss\u00f5es entre o doutor Spock e o capit\u00e3o James Kirk. De um lado, uma racionalidade que n\u00e3o se deixa levar pelo calor do momento nem pelas emo\u00e7\u00f5es. De outro, um oficial com responsabilidades mas que era tamb\u00e9m um sujeito passional e que at\u00e9 poderia apelar para recursos de \u00e9tica question\u00e1vel.<\/p>\n<p>Eu \u00a0moro em uma pequena propriedade na zona rural. Tenho espa\u00e7o suficiente para ter uma casa, manter uma dist\u00e2ncia saud\u00e1vel dos vizinhos, sil\u00eancio e ar limpo. A horta, em parte, surgiu por um motivo pr\u00e1tico: \u00e9 preciso manter o terreno limpo para n\u00e3o ter a casa invadida por aranhas, lacraias e at\u00e9 cobras. Mas poderia ter plantado grama que resolveria o problema. Mas a horta ainda renderia algumas verduras e muita atividade f\u00edsica.<\/p>\n<p>Sabia tamb\u00e9m que seria um pequeno desafio recuperar um solo desgastado, fazer compostagem, buscar esterco em outras propriedades, contaminar o solo com fungos &#8220;bons&#8221;, pesquisar op\u00e7\u00f5es de controle de pragas. Tive algumas decep\u00e7\u00f5es com inseticidas biol\u00f3gicos, alguns inseticidas liberados para cultura org\u00e2nica s\u00e3o razoavelmente eficientes.<\/p>\n<p>Agora temos o problema de \u00e1gua.<\/p>\n<p>Em termos de economia, garanto, nem sempre \u00e9 mais barato plantar que comprar na feira. Isso \u00e9 quase um padr\u00e3o quando se trabalha com produtos em pequena escala, seja autom\u00f3veis quanto alface.<\/p>\n<p>Isso \u00e9 bem irracional, n\u00e3o, doutor Spock?<\/p>\n<p>Mas h\u00e1 algo imensur\u00e1vel em ter uma horta, ou ter 2 c\u00e3es e 4 gatos ou fazer p\u00e3o em casa.<\/p>\n<p>H\u00e1 a satisfa\u00e7\u00e3o pessoal de realizar algo, mesmo que pequeno. H\u00e1 a satisfa\u00e7\u00e3o de ver crescer e comer algo que n\u00e3o encontro no supermercado. Invisto em plantas que andam desaparecidas, como o car\u00e1-moela, o mel\u00e3ozinho do mato (nashi-uri), vagens. Plantamos, fazemos as pessoas provarem, distribu\u00edmos mudas e sementes, num trabalho de formiga para disseminar variedades que n\u00e3o t\u00eam valor comercial.<\/p>\n<p>E tamb\u00e9m ganho ou compro sementes ex\u00f3ticas, que ainda n\u00e3o se tornaram populares por aqui. E fa\u00e7o o mesmo, tentando convencer as pessoas a cobrarem maior diversidade na feira, no prato.<\/p>\n<p>Isso faz com que eu tenha um relacionamento bom com meus vizinhos. Eles gostam das verduras estranhas, do p\u00e3o, do bolo que fa\u00e7o.<\/p>\n<p>E eu tamb\u00e9m ganho feij\u00e3o novo, ovos caipiras, mudas de orqu\u00eddeas.<\/p>\n<p>Nesse tempo meu lar ganhou um espa\u00e7o verde e um tanto quanto ca\u00f3tico. Nunca apareceria em uma revista de jardinagem e paisagismo.<\/p>\n<p>Por esse aspecto, eu diria que o ser humano \u00e9 o \u00fanico animal que gasta energia fazendo coisas que n\u00e3o servir\u00e3o para garantir sua sobreviv\u00eancia, nem sua seguran\u00e7a ou do seu grupo.\u00a0Justifica alegando satisfa\u00e7\u00e3o pessoal e incremento do bom-relacionamento social.<\/p>\n<p>Sim, o ser humano \u00e9 um animal que faz coisas aparentemente irracionais e fica feliz.<\/p>\n<a href=\"https:\/\/www.freetellafriend.com\/tell\/?url=https%3A%2F%2Fmarisaono.com%2Fdelicia%2F2014%2F11%2F02%2Fo-homem-e-o-unico-animal-que%2F&title=O+Homem+%C3%89+O+%C3%9Anico+Animal+Que%26%238230%3B\" onclick=\"window.open('https:\/\/www.freetellafriend.com\/tell\/?url=https%3A%2F%2Fmarisaono.com%2Fdelicia%2F2014%2F11%2F02%2Fo-homem-e-o-unico-animal-que%2F&title=O+Homem+%C3%89+O+%C3%9Anico+Animal+Que%26%238230%3B', 'freetellafriend', 'scrollbars=1,menubar=0,width=617,height=530,resizable=1,toolbar=0,location=0,status=0,screenX=210,screenY=100,left=210,top=100'); return false;\" target=\"_blank\" title=\"Share This Post\"><img decoding=\"async\" src=\"http:\/\/marisaono.com\/delicia\/wp-content\/plugins\/tell-a-friend\/button.gif\" style=\"width:127px;height:16px;border:0px;\" alt=\"Share This Post\" title=\"Share This Post\" \/><\/a><\/div>\n","protected":false},"excerpt":{"rendered":"<p>[Translate] Uma das coisas que eu gostava no seriada &#8220;Jornada nas Estrelas&#8221; (sim, j\u00e1 fui crian\u00e7a e adolescente, embora h\u00e1 muito tempo) eram as discuss\u00f5es entre o doutor Spock e o capit\u00e3o James Kirk. De um lado, uma racionalidade que &hellip; <a href=\"https:\/\/marisaono.com\/delicia\/2014\/11\/02\/o-homem-e-o-unico-animal-que\/\">Continuar a ler <span class=\"meta-nav\">&rarr;<\/span><\/a><\/p>\n","protected":false},"author":1,"featured_media":0,"comment_status":"open","ping_status":"open","sticky":false,"template":"","format":"standard","meta":{"spay_email":"","footnotes":"","jetpack_publicize_message":"","jetpack_is_tweetstorm":false},"categories":[14],"tags":[],"jetpack_featured_media_url":"","jetpack_publicize_connections":[],"jetpack_sharing_enabled":true,"jetpack_shortlink":"https:\/\/wp.me\/pccs7-24k","jetpack-related-posts":[{"id":41,"url":"https:\/\/marisaono.com\/delicia\/2007\/07\/14\/horta-na-lua\/","url_meta":{"origin":7956,"position":0},"title":"Horta na Lua&#8230;","date":"Julho 14, 2007","format":false,"excerpt":"Tem aquela piada que conta que, quando os americanos chegaram \u00e0 lua, encontraram um japon\u00eas j\u00e1 com a horta montada.Tenho aqui em casa uma japonesa que adora plantas. E, na falta de terreno (todo o quintal \u00e9 cimentado ou coberto com piso), ela n\u00e3o se abalou. Arrumou caixas, floreiras, vasos\u2026","rel":"","context":"In &quot;cotidiano&quot;","img":{"alt_text":"","src":"","width":0,"height":0},"classes":[]},{"id":2603,"url":"https:\/\/marisaono.com\/delicia\/2010\/08\/03\/cozinha-sem-vergonha-galinha-de-cabo-a-rabo\/","url_meta":{"origin":7956,"position":1},"title":"Cozinha Sem Vergonha - Galinha de Cabo a Rabo","date":"Agosto 3, 2010","format":false,"excerpt":"Gra\u00e7as \u00e0 Neide Rigo e a Ana Soares, fui assistir ao workshop \"Cozinha Sem Vergonha - Galinha de Cabo a Rabo\", no Paladar - Cozinha do Brasil, que aconteceu no Grand Hyatt. As tr\u00eas falaram do fato que a galinha (frango,ovos), est\u00e3o presentes nas nossas vidas, faz parte da nossa\u2026","rel":"","context":"In &quot;Lugares&quot;","img":{"alt_text":"","src":"https:\/\/i2.wp.com\/marisaono.com\/delicia\/wp-content\/uploads\/Mara-neide-e-ana.jpg?resize=350%2C200&ssl=1","width":350,"height":200},"classes":[]},{"id":1720,"url":"https:\/\/marisaono.com\/delicia\/2009\/11\/11\/rakkyo\/","url_meta":{"origin":7956,"position":2},"title":"Rakkyo no Amasutsuke","date":"Novembro 11, 2009","format":false,"excerpt":"Alguns chamam de cebola mas o cheiro forte lembra mais o alho. Essa conserva \u00e1cida parecida com o pickles tem v\u00e1rias vers\u00f5es. Eu apresento a maneira como \u00e9 feita aqui em casa. O primeiro passo \u00e9 limpar. Alguns feirantes at\u00e9 vendem j\u00e1 limpo. \u00c9 preciso tirar\u00a0 a raiz, parte do\u2026","rel":"","context":"In &quot;conservas&quot;","img":{"alt_text":"Rakkyo Acidez","src":"https:\/\/i0.wp.com\/marisaono.com\/delicia\/wp-content\/uploads\/Rakkyo-Acidez.JPG?resize=350%2C200","width":350,"height":200},"classes":[]},{"id":9059,"url":"https:\/\/marisaono.com\/delicia\/2016\/07\/10\/panc-na-city\/","url_meta":{"origin":7956,"position":3},"title":"Panc na City","date":"Julho 10, 2016","format":false,"excerpt":"Segunda-feira foi dia de Panc na City com a Neide Rigo. Passeamos por cal\u00e7adas, parque, pra\u00e7a. Ouvimos, vimos, cheiramos, provamos frutas, folhas, sementes. Confesso que n\u00e3o anotei, tirei poucas fotos. Eu estava mais interessada na experi\u00eancia. E tenho dificuldade em fazer tantas coisas ao mesmo tempo. Temos uma terra aben\u00e7oada,\u2026","rel":"","context":"In &quot;Lugares&quot;","img":{"alt_text":"","src":"https:\/\/i2.wp.com\/marisaono.com\/delicia\/wp-content\/uploads\/CIMG0336-1.jpg?resize=350%2C200&ssl=1","width":350,"height":200},"classes":[]},{"id":7751,"url":"https:\/\/marisaono.com\/delicia\/2014\/08\/13\/tuju\/","url_meta":{"origin":7956,"position":4},"title":"Tuju","date":"Agosto 13, 2014","format":false,"excerpt":"Quando conheci o Ivan Ralston Bielawski e ele contou das ideias que tinha para o restaurante, confesso que achei que ele era muito rom\u00e2ntico. Horta, p\u00e3es feitos na casa, ir atr\u00e1s de pescadores, produtores, tudo \u00e9 muito bonito mas essa verticaliza\u00e7\u00e3o na produ\u00e7\u00e3o exige muito esfor\u00e7o. Talvez ele seja mesmo\u2026","rel":"","context":"In &quot;Lugares&quot;","img":{"alt_text":"","src":"https:\/\/i1.wp.com\/marisaono.com\/delicia\/wp-content\/uploads\/IMG_48381.jpg?resize=350%2C200&ssl=1","width":350,"height":200},"classes":[]},{"id":8239,"url":"https:\/\/marisaono.com\/delicia\/2015\/04\/01\/abaixo-assinado-a-favor-da-horta-comunitaria\/","url_meta":{"origin":7956,"position":5},"title":"Abaixo Assinado a Favor da Horta Comunit\u00e1ria","date":"Abril 1, 2015","format":false,"excerpt":"Pe\u00e7o ajuda dos leitores. Uma horta comunit\u00e1ria na Lapa corre o risco de ser destru\u00edda, transformada novamente em um peda\u00e7o de terra abandonado, um ponto de descarte de entulho. Eu estive l\u00e1. N\u00e3o \u00e9 um jardim de Versailles, \u00e9 um peda\u00e7o pequeno de terra com plantas medicinais, ervas arom\u00e1ticas, flores,\u2026","rel":"","context":"With 1 comment","img":{"alt_text":"","src":"","width":0,"height":0},"classes":[]}],"_links":{"self":[{"href":"https:\/\/marisaono.com\/delicia\/wp-json\/wp\/v2\/posts\/7956"}],"collection":[{"href":"https:\/\/marisaono.com\/delicia\/wp-json\/wp\/v2\/posts"}],"about":[{"href":"https:\/\/marisaono.com\/delicia\/wp-json\/wp\/v2\/types\/post"}],"author":[{"embeddable":true,"href":"https:\/\/marisaono.com\/delicia\/wp-json\/wp\/v2\/users\/1"}],"replies":[{"embeddable":true,"href":"https:\/\/marisaono.com\/delicia\/wp-json\/wp\/v2\/comments?post=7956"}],"version-history":[{"count":1,"href":"https:\/\/marisaono.com\/delicia\/wp-json\/wp\/v2\/posts\/7956\/revisions"}],"predecessor-version":[{"id":7957,"href":"https:\/\/marisaono.com\/delicia\/wp-json\/wp\/v2\/posts\/7956\/revisions\/7957"}],"wp:attachment":[{"href":"https:\/\/marisaono.com\/delicia\/wp-json\/wp\/v2\/media?parent=7956"}],"wp:term":[{"taxonomy":"category","embeddable":true,"href":"https:\/\/marisaono.com\/delicia\/wp-json\/wp\/v2\/categories?post=7956"},{"taxonomy":"post_tag","embeddable":true,"href":"https:\/\/marisaono.com\/delicia\/wp-json\/wp\/v2\/tags?post=7956"}],"curies":[{"name":"wp","href":"https:\/\/api.w.org\/{rel}","templated":true}]}}