{"id":8239,"date":"2015-04-01T19:55:08","date_gmt":"2015-04-01T22:55:08","guid":{"rendered":"http:\/\/marisaono.com\/delicia\/?p=8239"},"modified":"2015-04-01T19:55:08","modified_gmt":"2015-04-01T22:55:08","slug":"abaixo-assinado-a-favor-da-horta-comunitaria","status":"publish","type":"post","link":"https:\/\/marisaono.com\/delicia\/2015\/04\/01\/abaixo-assinado-a-favor-da-horta-comunitaria\/","title":{"rendered":"Abaixo Assinado a Favor da Horta Comunit\u00e1ria"},"content":{"rendered":"<div class=\"translate_block\" style=\"display: none;\">\n<a class=\"translate_translate\" id=\"translate_button_post-8239\" lang=\"en\" xml:lang=\"en\" href=\"javascript:show_translate_popup('en', 'post', 8239);\">[Translate]<\/a><img src=\"https:\/\/marisaono.com\/delicia\/wp-content\/plugins\/google-ajax-translation\/transparent.gif\" id=\"translate_loading_post-8239\" class=\"translate_loading\" style=\"display: none;\" width=\"16\" height=\"16\" alt=\"\" \/>\n<hr class=\"translate_hr\" \/>\n<\/div>\n<div id=\"content_div-8239\">\n<p>Pe\u00e7o ajuda dos leitores. Uma horta comunit\u00e1ria na Lapa corre o risco de ser destru\u00edda, transformada novamente em um peda\u00e7o de terra abandonado, um ponto de descarte de entulho. Eu estive l\u00e1. N\u00e3o \u00e9 um jardim de Versailles, \u00e9 um peda\u00e7o pequeno de terra com plantas medicinais, ervas arom\u00e1ticas, flores, hortali\u00e7as.<\/p>\n<p>A fun\u00e7\u00e3o de uma horta comunit\u00e1ria n\u00e3o \u00e9 s\u00f3 produzir comida. Ela desestimula o descarte irregular de lixo, o que ajuda a evitar a prolifera\u00e7\u00e3o de mosquitos e tamb\u00e9m tem uma fun\u00e7\u00e3o social, j\u00e1 que os vizinhos participam, se conhecem e interagem. De certa forma, ajuda a melhorar a seguran\u00e7a na rua tamb\u00e9m.<\/p>\n<p>O apelo vem da Neide Rigo e a mat\u00e9ria toda est\u00e1 aqui:<\/p>\n<p><a href=\"http:\/\/come-se.blogspot.com.br\/2015\/03\/abaixo-assinado-para-manter-horta.html\" target=\"_blank\">http:\/\/come-se.blogspot.com.br\/2015\/03\/abaixo-assinado-para-manter-horta.html<\/a><\/p>\n<p>O link para o abaixo-assinado \u00e9 este:<\/p>\n<p><a href=\"https:\/\/www.change.org\/p\/jos%C3%A9-ant%C3%B4nio-queija-libera%C3%A7%C3%A3o-das-hortas-em-pra%C3%A7a?recruiter=101838135&amp;utm_source=share_petition&amp;utm_medium=email&amp;utm_campaign=share_email_responsive\" target=\"_blank\">https:\/\/www.change.org\/p\/jos%<wbr \/>C3%A9-ant%C3%B4nio-queija-<wbr \/>libera%C3%A7%C3%A3o-das-<wbr \/>hortas-em-pra%C3%A7a?<wbr \/>recruiter=101838135&amp;utm_<wbr \/>source=share_petition&amp;utm_<wbr \/>medium=email&amp;utm_campaign=<wbr \/>share_email_responsive<\/a><\/p>\n<p>Obrigada<\/p>\n<p>&nbsp;<\/p>\n<a href=\"https:\/\/www.freetellafriend.com\/tell\/?url=https%3A%2F%2Fmarisaono.com%2Fdelicia%2F2015%2F04%2F01%2Fabaixo-assinado-a-favor-da-horta-comunitaria%2F&title=Abaixo+Assinado+a+Favor+da+Horta+Comunit%C3%A1ria\" onclick=\"window.open('https:\/\/www.freetellafriend.com\/tell\/?url=https%3A%2F%2Fmarisaono.com%2Fdelicia%2F2015%2F04%2F01%2Fabaixo-assinado-a-favor-da-horta-comunitaria%2F&title=Abaixo+Assinado+a+Favor+da+Horta+Comunit%C3%A1ria', 'freetellafriend', 'scrollbars=1,menubar=0,width=617,height=530,resizable=1,toolbar=0,location=0,status=0,screenX=210,screenY=100,left=210,top=100'); return false;\" target=\"_blank\" title=\"Share This Post\"><img decoding=\"async\" src=\"http:\/\/marisaono.com\/delicia\/wp-content\/plugins\/tell-a-friend\/button.gif\" style=\"width:127px;height:16px;border:0px;\" alt=\"Share This Post\" title=\"Share This Post\" \/><\/a><\/div>\n","protected":false},"excerpt":{"rendered":"<p>[Translate] Pe\u00e7o ajuda dos leitores. Uma horta comunit\u00e1ria na Lapa corre o risco de ser destru\u00edda, transformada novamente em um peda\u00e7o de terra abandonado, um ponto de descarte de entulho. Eu estive l\u00e1. N\u00e3o \u00e9 um jardim de Versailles, \u00e9 &hellip; <a href=\"https:\/\/marisaono.com\/delicia\/2015\/04\/01\/abaixo-assinado-a-favor-da-horta-comunitaria\/\">Continuar a ler <span class=\"meta-nav\">&rarr;<\/span><\/a><\/p>\n","protected":false},"author":1,"featured_media":0,"comment_status":"open","ping_status":"open","sticky":false,"template":"","format":"standard","meta":{"spay_email":"","footnotes":"","jetpack_publicize_message":"","jetpack_is_tweetstorm":false},"categories":[1],"tags":[],"jetpack_featured_media_url":"","jetpack_publicize_connections":[],"jetpack_sharing_enabled":true,"jetpack_shortlink":"https:\/\/wp.me\/pccs7-28T","jetpack-related-posts":[{"id":9059,"url":"https:\/\/marisaono.com\/delicia\/2016\/07\/10\/panc-na-city\/","url_meta":{"origin":8239,"position":0},"title":"Panc na City","date":"Julho 10, 2016","format":false,"excerpt":"Segunda-feira foi dia de Panc na City com a Neide Rigo. Passeamos por cal\u00e7adas, parque, pra\u00e7a. Ouvimos, vimos, cheiramos, provamos frutas, folhas, sementes. Confesso que n\u00e3o anotei, tirei poucas fotos. Eu estava mais interessada na experi\u00eancia. E tenho dificuldade em fazer tantas coisas ao mesmo tempo. Temos uma terra aben\u00e7oada,\u2026","rel":"","context":"In &quot;Lugares&quot;","img":{"alt_text":"","src":"https:\/\/i2.wp.com\/marisaono.com\/delicia\/wp-content\/uploads\/CIMG0336-1.jpg?resize=350%2C200&ssl=1","width":350,"height":200},"classes":[]},{"id":41,"url":"https:\/\/marisaono.com\/delicia\/2007\/07\/14\/horta-na-lua\/","url_meta":{"origin":8239,"position":1},"title":"Horta na Lua&#8230;","date":"Julho 14, 2007","format":false,"excerpt":"Tem aquela piada que conta que, quando os americanos chegaram \u00e0 lua, encontraram um japon\u00eas j\u00e1 com a horta montada.Tenho aqui em casa uma japonesa que adora plantas. E, na falta de terreno (todo o quintal \u00e9 cimentado ou coberto com piso), ela n\u00e3o se abalou. Arrumou caixas, floreiras, vasos\u2026","rel":"","context":"In &quot;cotidiano&quot;","img":{"alt_text":"","src":"","width":0,"height":0},"classes":[]},{"id":3336,"url":"https:\/\/marisaono.com\/delicia\/2011\/06\/26\/mizutaki\/","url_meta":{"origin":8239,"position":2},"title":"Mizutaki","date":"Junho 26, 2011","format":false,"excerpt":"Est\u00e1 esfriando e \u00e0 noite me d\u00e1 uma vontade de comer algo quente mas sem muita gordura. Tenho feito muita sopa, mas hoje resolvi fazer esse prato por conta da quantidade de verduras. N\u00e3o sou vegetariana, mas \u00e9 comum eu querer comer vegetais. Principalmente quando sa\u00edram da horta daqui de\u2026","rel":"","context":"In &quot;Culin\u00e1ria japonesa&quot;","img":{"alt_text":"","src":"https:\/\/i1.wp.com\/marisaono.com\/delicia\/wp-content\/uploads\/IMG_6265.jpg?resize=350%2C200&ssl=1","width":350,"height":200},"classes":[]},{"id":8060,"url":"https:\/\/marisaono.com\/delicia\/2014\/12\/03\/togan-subui-abobora-dagua\/","url_meta":{"origin":8239,"position":3},"title":"Togan, Subui, Ab\u00f3bora D'\u00e1gua","date":"Dezembro 3, 2014","format":false,"excerpt":"\u00a0 Creio que j\u00e1 comentei sobre esse cucurbit\u00e1cea. Encontrei na feira, pode ser oferecida com diversos nomes. Essa era arredondada mas h\u00e1 tamb\u00e9m uma variedade alongada, lembrando uma melancia Santa B\u00e1rbara. O feirante concordou em vender metade. N\u00e3o \u00e9 muito comum, geralmente querem que a gente leve ela inteira, mas\u2026","rel":"","context":"In &quot;Culin\u00e1ria japonesa&quot;","img":{"alt_text":"IMG_5339","src":"https:\/\/i1.wp.com\/marisaono.com\/delicia\/wp-content\/uploads\/IMG_53391.jpg?resize=350%2C200","width":350,"height":200},"classes":[]},{"id":6900,"url":"https:\/\/marisaono.com\/delicia\/2013\/12\/19\/pepino-refogado-com-misso\/","url_meta":{"origin":8239,"position":4},"title":"Pepino Refogado com Miss\u00f4","date":"Dezembro 19, 2013","format":false,"excerpt":"Ali\u00e1s, pepino \u00e9 que n\u00e3o tem me faltado nos \u00faltimos dias. Primeiro, foi a cadela com pneumonia, depois o c\u00e2mbio do meu carro quebrou. E tamb\u00e9m tem dado muito pepino - o vegetal - na horta. Compramos mudas de pepino japon\u00eas mas o que cresceu foi pepino comum, que chamam\u2026","rel":"","context":"In &quot;Cozinha do Desespero&quot;","img":{"alt_text":"","src":"https:\/\/i0.wp.com\/marisaono.com\/delicia\/wp-content\/uploads\/IMG_3783.jpg?resize=350%2C200&ssl=1","width":350,"height":200},"classes":[]},{"id":5582,"url":"https:\/\/marisaono.com\/delicia\/2012\/12\/22\/cuca-da-neide-rigo-ou-quase\/","url_meta":{"origin":8239,"position":5},"title":"Cuca da Neide Rigo. Ou Quase","date":"Dezembro 22, 2012","format":false,"excerpt":"\u00c9, nos \u00faltimos dias ando fazendo receitas dos outros. N\u00e3o que eu n\u00e3o goste da minha comida. Na verdade, acho at\u00e9 que gosto demais da minha comida. Mas tamb\u00e9m gosto de experimentar outros jeitos, outras comidas. Resolvi fazer as cucas por conta tamb\u00e9m do fato da bananeira daqui ter dado\u2026","rel":"","context":"In &quot;Doces&quot;","img":{"alt_text":"","src":"https:\/\/i2.wp.com\/marisaono.com\/delicia\/wp-content\/uploads\/IMG_1493.jpg?resize=350%2C200&ssl=1","width":350,"height":200},"classes":[]}],"_links":{"self":[{"href":"https:\/\/marisaono.com\/delicia\/wp-json\/wp\/v2\/posts\/8239"}],"collection":[{"href":"https:\/\/marisaono.com\/delicia\/wp-json\/wp\/v2\/posts"}],"about":[{"href":"https:\/\/marisaono.com\/delicia\/wp-json\/wp\/v2\/types\/post"}],"author":[{"embeddable":true,"href":"https:\/\/marisaono.com\/delicia\/wp-json\/wp\/v2\/users\/1"}],"replies":[{"embeddable":true,"href":"https:\/\/marisaono.com\/delicia\/wp-json\/wp\/v2\/comments?post=8239"}],"version-history":[{"count":1,"href":"https:\/\/marisaono.com\/delicia\/wp-json\/wp\/v2\/posts\/8239\/revisions"}],"predecessor-version":[{"id":8240,"href":"https:\/\/marisaono.com\/delicia\/wp-json\/wp\/v2\/posts\/8239\/revisions\/8240"}],"wp:attachment":[{"href":"https:\/\/marisaono.com\/delicia\/wp-json\/wp\/v2\/media?parent=8239"}],"wp:term":[{"taxonomy":"category","embeddable":true,"href":"https:\/\/marisaono.com\/delicia\/wp-json\/wp\/v2\/categories?post=8239"},{"taxonomy":"post_tag","embeddable":true,"href":"https:\/\/marisaono.com\/delicia\/wp-json\/wp\/v2\/tags?post=8239"}],"curies":[{"name":"wp","href":"https:\/\/api.w.org\/{rel}","templated":true}]}}