{"id":8247,"date":"2015-04-26T21:01:59","date_gmt":"2015-04-27T00:01:59","guid":{"rendered":"http:\/\/marisaono.com\/delicia\/?p=8247"},"modified":"2015-04-26T21:01:59","modified_gmt":"2015-04-27T00:01:59","slug":"folhas-de-alho","status":"publish","type":"post","link":"https:\/\/marisaono.com\/delicia\/2015\/04\/26\/folhas-de-alho\/","title":{"rendered":"Folhas de Alho"},"content":{"rendered":"<div class=\"translate_block\" style=\"display: none;\">\n<a class=\"translate_translate\" id=\"translate_button_post-8247\" lang=\"en\" xml:lang=\"en\" href=\"javascript:show_translate_popup('en', 'post', 8247);\">[Translate]<\/a><img src=\"https:\/\/marisaono.com\/delicia\/wp-content\/plugins\/google-ajax-translation\/transparent.gif\" id=\"translate_loading_post-8247\" class=\"translate_loading\" style=\"display: none;\" width=\"16\" height=\"16\" alt=\"\" \/>\n<hr class=\"translate_hr\" \/>\n<\/div>\n<div id=\"content_div-8247\">\n<p><a href=\"http:\/\/marisaono.com\/delicia\/wp-content\/uploads\/IMG_5568.jpg\"><img loading=\"lazy\" decoding=\"async\" class=\"alignnone size-full wp-image-8248\" src=\"http:\/\/marisaono.com\/delicia\/wp-content\/uploads\/IMG_5568.jpg\" alt=\"IMG_5568\" width=\"360\" height=\"480\" srcset=\"https:\/\/marisaono.com\/delicia\/wp-content\/uploads\/IMG_5568.jpg 360w, https:\/\/marisaono.com\/delicia\/wp-content\/uploads\/IMG_5568-203x270.jpg 203w, https:\/\/marisaono.com\/delicia\/wp-content\/uploads\/IMG_5568-113x150.jpg 113w\" sizes=\"(max-width: 360px) 100vw, 360px\" \/><\/a><\/p>\n<p>N\u00e3o sei se existe para comprar. Para quem tem um quintal ou um espa\u00e7o para uma floreira, pode plantar. Basta enterrar dentes de alhos brotados, deixando um espa\u00e7o de alguns cent\u00edmetros entre eles e cuidar. \u00c9 melhor que n\u00e3o tomem muito sol e n\u00e3o esque\u00e7a de regar sempre que a terra ficar seca. Em algumas semanas, com alguma sorte, poder\u00e1 colher folhas longas e verdes de alho, que s\u00e3o deliciosos.<\/p>\n<p>As folhas mais jovens s\u00e3o macias e possuem um aroma mais suave de alho. Ficam boas em refogados.<\/p>\n<p><a href=\"http:\/\/marisaono.com\/delicia\/wp-content\/uploads\/IMG_5569.jpg\"><img loading=\"lazy\" decoding=\"async\" class=\"alignnone size-full wp-image-8249\" src=\"http:\/\/marisaono.com\/delicia\/wp-content\/uploads\/IMG_5569.jpg\" alt=\"IMG_5569\" width=\"480\" height=\"360\" srcset=\"https:\/\/marisaono.com\/delicia\/wp-content\/uploads\/IMG_5569.jpg 480w, https:\/\/marisaono.com\/delicia\/wp-content\/uploads\/IMG_5569-360x270.jpg 360w, https:\/\/marisaono.com\/delicia\/wp-content\/uploads\/IMG_5569-150x112.jpg 150w, https:\/\/marisaono.com\/delicia\/wp-content\/uploads\/IMG_5569-400x300.jpg 400w\" sizes=\"(max-width: 480px) 100vw, 480px\" \/><\/a><\/p>\n<p>Por exemplo: refogue carne cortada em tiras em um pouco de \u00f3leo. Adicione um bom punhado de folhas de alho cortadas em peda\u00e7os de uns 5 cent\u00edmetros (umas duas x\u00edcaras, murcham bastante) at\u00e9 murchar e junte meio pacote de moyashi (250 gramas). Refogue at\u00e9 o moyashi perder o gosto de cru mas continuar crocante. Tempere com sal, molho de ostras (ou shoyu) e pimenta do reino. Pronto. Simples, f\u00e1cil e saboroso, sem a necessidade de usar muitos temperos.<\/p>\n<p>Se n\u00e3o encontrar folhas de alho, pode usar nir\u00e1 (chamado \u00e0s v\u00eazes de alho japon\u00eas). N\u00e3o \u00e9 a mesma coisa, as folhas de alho s\u00e3o levemente adocicadas, o aroma \u00e9 mais delicado mas funciona.<\/p>\n<p>Vai para a categoria &#8220;Cozinha do Desespero&#8221; porque vai poucos ingredientes, gasta pouco tempo para preparar os ingredientes e ficar pronto.<\/p>\n<p>Rende uma por\u00e7\u00e3o bem generosa para 2 pessoas e comi com arroz e uma sopa.<\/p>\n<a href=\"https:\/\/www.freetellafriend.com\/tell\/?url=https%3A%2F%2Fmarisaono.com%2Fdelicia%2F2015%2F04%2F26%2Ffolhas-de-alho%2F&title=Folhas+de+Alho\" onclick=\"window.open('https:\/\/www.freetellafriend.com\/tell\/?url=https%3A%2F%2Fmarisaono.com%2Fdelicia%2F2015%2F04%2F26%2Ffolhas-de-alho%2F&title=Folhas+de+Alho', 'freetellafriend', 'scrollbars=1,menubar=0,width=617,height=530,resizable=1,toolbar=0,location=0,status=0,screenX=210,screenY=100,left=210,top=100'); return false;\" target=\"_blank\" title=\"Share This Post\"><img decoding=\"async\" src=\"http:\/\/marisaono.com\/delicia\/wp-content\/plugins\/tell-a-friend\/button.gif\" style=\"width:127px;height:16px;border:0px;\" alt=\"Share This Post\" title=\"Share This Post\" \/><\/a><\/div>\n","protected":false},"excerpt":{"rendered":"<p>[Translate] N\u00e3o sei se existe para comprar. Para quem tem um quintal ou um espa\u00e7o para uma floreira, pode plantar. Basta enterrar dentes de alhos brotados, deixando um espa\u00e7o de alguns cent\u00edmetros entre eles e cuidar. \u00c9 melhor que n\u00e3o &hellip; <a href=\"https:\/\/marisaono.com\/delicia\/2015\/04\/26\/folhas-de-alho\/\">Continuar a ler <span class=\"meta-nav\">&rarr;<\/span><\/a><\/p>\n","protected":false},"author":1,"featured_media":8248,"comment_status":"open","ping_status":"open","sticky":false,"template":"","format":"standard","meta":{"spay_email":"","footnotes":"","jetpack_publicize_message":"","jetpack_is_tweetstorm":false},"categories":[97,15,51,256],"tags":[225,85],"jetpack_featured_media_url":"https:\/\/marisaono.com\/delicia\/wp-content\/uploads\/IMG_5568.jpg","jetpack_publicize_connections":[],"jetpack_sharing_enabled":true,"jetpack_shortlink":"https:\/\/wp.me\/pccs7-291","jetpack-related-posts":[{"id":1966,"url":"https:\/\/marisaono.com\/delicia\/2010\/02\/10\/caponata-com-alho-negro\/","url_meta":{"origin":8247,"position":0},"title":"Caponata com Alho Negro","date":"Fevereiro 10, 2010","format":false,"excerpt":"Finalmente a chuva diminuiu, temos tido dias de sol e noites com pancadas de chuva. Faz calor e as beringelas estavam dando sopa no balc\u00e3o da pia. Lembrei de\u00a0 uma receita do Chef Ochiai, mas n\u00e3o procurei. Lembrava-me que ele ia juntando ingredientes em uma frigideira grande e mexia eventualmente.\u2026","rel":"","context":"In &quot;acompanhamento&quot;","img":{"alt_text":"","src":"https:\/\/i0.wp.com\/marisaono.com\/delicia\/wp-content\/uploads\/Caponata-com-Alho-Negro.jpg?resize=350%2C200&ssl=1","width":350,"height":200},"classes":[]},{"id":5515,"url":"https:\/\/marisaono.com\/delicia\/2012\/11\/28\/file-a-wellington-com-alho-negro-bombay\/","url_meta":{"origin":8247,"position":1},"title":"Fil\u00e9 \u00e0 Wellington Com Alho Negro Bombay","date":"Novembro 28, 2012","format":false,"excerpt":"Me lembro de ter assistido a reality show onde um renomado chef esbravejava porque o beef wellington estava fora do ponto. H\u00e1 umas duas d\u00e9cadas que n\u00e3o fa\u00e7o um. Pensei no assunto, o tal do preciso ponto da carne. Bem, se vai ao forno, vai aquecer. Se vai aquecer, vai\u2026","rel":"","context":"In &quot;carnes.&quot;","img":{"alt_text":"","src":"https:\/\/i2.wp.com\/marisaono.com\/delicia\/wp-content\/uploads\/IMG_1375.jpg?resize=350%2C200&ssl=1","width":350,"height":200},"classes":[]},{"id":1555,"url":"https:\/\/marisaono.com\/delicia\/2009\/08\/07\/pate-de-campagne-com-alho-negro\/","url_meta":{"origin":8247,"position":2},"title":"P\u00e2t\u00e9 de Campagne com Alho Negro","date":"Agosto 7, 2009","format":false,"excerpt":"P\u00e2t\u00e9 de Campagne \u00e9 sempre bom, pode ser feito com muita anteced\u00eancia, aguenta alguns bons dias na geladeira (imporante para mim, j\u00e1 que a fam\u00edlia \u00e9 pequena) e existem tantas\u00a0receitas, com tantas possibilidades de combina\u00e7\u00f5es, que nem eu corro o risco de estar cometendo um atentado.\u00a0Acabei acrescentando o alho negro.\u2026","rel":"","context":"In &quot;carnes.&quot;","img":{"alt_text":"","src":"https:\/\/i2.wp.com\/marisaono.com\/delicia\/wp-content\/uploads\/pate-de-campagne-com-alho-negro.jpg?resize=350%2C200&ssl=1","width":350,"height":200},"classes":[]},{"id":5565,"url":"https:\/\/marisaono.com\/delicia\/2012\/12\/10\/quiche-de-portobelo-e-alho-negro\/","url_meta":{"origin":8247,"position":3},"title":"Quiche de Portobelo e Alho Negro","date":"Dezembro 10, 2012","format":false,"excerpt":"Pensei que j\u00e1 havia publicado essa receita. Usei portobelo, mas poderia ter usado champignon ou outro cogumelo. Para a massa: 150 gramas de farinha de trigo 75 gramas de manteiga gelada, cortada em cubos Sal 1 ovo 1 colher ou pouco mais de \u00e1gua 1 gema Recheio 1 bandeja de\u2026","rel":"","context":"In &quot;massas&quot;","img":{"alt_text":"","src":"https:\/\/i2.wp.com\/marisaono.com\/delicia\/wp-content\/uploads\/IMG_1377.jpg?resize=350%2C200","width":350,"height":200},"classes":[]},{"id":6565,"url":"https:\/\/marisaono.com\/delicia\/2013\/09\/30\/cabrito-em-duas-versoes-com-curry-e-com-alho-negro\/","url_meta":{"origin":8247,"position":4},"title":"Cabrito em Duas Vers\u00f5es: Com Curry e Com Alho Negro","date":"Setembro 30, 2013","format":false,"excerpt":"Ganhei da Apris cortes de cabrito. \u00c9 uma carne que eu j\u00e1 havia provado e gostado, mas nunca cozinhei. Ao contr\u00e1rio do que pensava, \u00e9 uma carne saborosa e sem cheiros estranhos. Parti do stinco, ou seja, das canelas do cabrito. \u00c9 uma carne muito magra, mais rija e achei\u2026","rel":"","context":"In &quot;carnes.&quot;","img":{"alt_text":"","src":"https:\/\/i2.wp.com\/marisaono.com\/delicia\/wp-content\/uploads\/IMG_3128.jpg?resize=350%2C200&ssl=1","width":350,"height":200},"classes":[]},{"id":1807,"url":"https:\/\/marisaono.com\/delicia\/2009\/12\/18\/pate-de-figado-e-alho-negro\/","url_meta":{"origin":8247,"position":5},"title":"Pat\u00ea de F\u00edgado e Alho Negro","date":"Dezembro 18, 2009","format":false,"excerpt":"Quando eu era crian\u00e7a, pat\u00ea de f\u00edgado era uma coisa que vinha em uma latinha e eu n\u00e3o fazia a menor id\u00e9ia do que era feito, Eu nunca tinha experimentado fazer em casa, essa \u00e9 a primeira vez. Aproveitei para juntar o alho negro e o resultado foi muito bom.\u2026","rel":"","context":"In &quot;F\u00e1cil&quot;","img":{"alt_text":"pate de figado com alho negro","src":"https:\/\/i2.wp.com\/marisaono.com\/delicia\/wp-content\/uploads\/pate-de-figado-com-alho-negro.JPG?resize=350%2C200","width":350,"height":200},"classes":[]}],"_links":{"self":[{"href":"https:\/\/marisaono.com\/delicia\/wp-json\/wp\/v2\/posts\/8247"}],"collection":[{"href":"https:\/\/marisaono.com\/delicia\/wp-json\/wp\/v2\/posts"}],"about":[{"href":"https:\/\/marisaono.com\/delicia\/wp-json\/wp\/v2\/types\/post"}],"author":[{"embeddable":true,"href":"https:\/\/marisaono.com\/delicia\/wp-json\/wp\/v2\/users\/1"}],"replies":[{"embeddable":true,"href":"https:\/\/marisaono.com\/delicia\/wp-json\/wp\/v2\/comments?post=8247"}],"version-history":[{"count":1,"href":"https:\/\/marisaono.com\/delicia\/wp-json\/wp\/v2\/posts\/8247\/revisions"}],"predecessor-version":[{"id":8250,"href":"https:\/\/marisaono.com\/delicia\/wp-json\/wp\/v2\/posts\/8247\/revisions\/8250"}],"wp:featuredmedia":[{"embeddable":true,"href":"https:\/\/marisaono.com\/delicia\/wp-json\/wp\/v2\/media\/8248"}],"wp:attachment":[{"href":"https:\/\/marisaono.com\/delicia\/wp-json\/wp\/v2\/media?parent=8247"}],"wp:term":[{"taxonomy":"category","embeddable":true,"href":"https:\/\/marisaono.com\/delicia\/wp-json\/wp\/v2\/categories?post=8247"},{"taxonomy":"post_tag","embeddable":true,"href":"https:\/\/marisaono.com\/delicia\/wp-json\/wp\/v2\/tags?post=8247"}],"curies":[{"name":"wp","href":"https:\/\/api.w.org\/{rel}","templated":true}]}}