{"id":8703,"date":"2015-10-16T23:03:01","date_gmt":"2015-10-17T02:03:01","guid":{"rendered":"http:\/\/marisaono.com\/delicia\/?p=8703"},"modified":"2015-10-16T23:03:01","modified_gmt":"2015-10-17T02:03:01","slug":"eu-no-mesa-ao-vivo-sp","status":"publish","type":"post","link":"https:\/\/marisaono.com\/delicia\/2015\/10\/16\/eu-no-mesa-ao-vivo-sp\/","title":{"rendered":"Eu no Mesa ao Vivo SP"},"content":{"rendered":"<div class=\"translate_block\" style=\"display: none;\">\n<a class=\"translate_translate\" id=\"translate_button_post-8703\" lang=\"en\" xml:lang=\"en\" href=\"javascript:show_translate_popup('en', 'post', 8703);\">[Translate]<\/a><img src=\"https:\/\/marisaono.com\/delicia\/wp-content\/plugins\/google-ajax-translation\/transparent.gif\" id=\"translate_loading_post-8703\" class=\"translate_loading\" style=\"display: none;\" width=\"16\" height=\"16\" alt=\"\" \/>\n<hr class=\"translate_hr\" \/>\n<\/div>\n<div id=\"content_div-8703\">\n<p>No dia 28 \u00e0s 15 horas, estarei na sala 2 do ETEC Santa Efig\u00eania \u2013 Centro Paula Souza, apresentando o tofu em diferentes texturas.<\/p>\n<p>Para quem n\u00e3o conhece, o Mesa ao Vivo faz parte do evento Semana Mesa SP, um dos maiores eventos gastron\u00f4micos da Am\u00e9rica Latina. Chefs, pesquisadores, produtores, cr\u00edticos estar\u00e3o para falar, cozinhar, orientar degusta\u00e7\u00f5es.<\/p>\n<p>Mais informa\u00e7\u00f5es sobre a programa\u00e7\u00e3o, localiza\u00e7\u00e3o, inscri\u00e7\u00e3o, etc, voc\u00eas poder\u00e3o ler aqui:<\/p>\n<p><a href=\"http:\/\/www.2015.semanamesasp.com.br\/\" target=\"_blank\">http:\/\/www.2015.semanamesasp.com.br\/<\/a><\/p>\n<a href=\"https:\/\/www.freetellafriend.com\/tell\/?url=https%3A%2F%2Fmarisaono.com%2Fdelicia%2F2015%2F10%2F16%2Feu-no-mesa-ao-vivo-sp%2F&title=Eu+no+Mesa+ao+Vivo+SP\" onclick=\"window.open('https:\/\/www.freetellafriend.com\/tell\/?url=https%3A%2F%2Fmarisaono.com%2Fdelicia%2F2015%2F10%2F16%2Feu-no-mesa-ao-vivo-sp%2F&title=Eu+no+Mesa+ao+Vivo+SP', 'freetellafriend', 'scrollbars=1,menubar=0,width=617,height=530,resizable=1,toolbar=0,location=0,status=0,screenX=210,screenY=100,left=210,top=100'); return false;\" target=\"_blank\" title=\"Share This Post\"><img decoding=\"async\" src=\"http:\/\/marisaono.com\/delicia\/wp-content\/plugins\/tell-a-friend\/button.gif\" style=\"width:127px;height:16px;border:0px;\" alt=\"Share This Post\" title=\"Share This Post\" \/><\/a><\/div>\n","protected":false},"excerpt":{"rendered":"<p>[Translate] No dia 28 \u00e0s 15 horas, estarei na sala 2 do ETEC Santa Efig\u00eania \u2013 Centro Paula Souza, apresentando o tofu em diferentes texturas. Para quem n\u00e3o conhece, o Mesa ao Vivo faz parte do evento Semana Mesa SP, &hellip; <a href=\"https:\/\/marisaono.com\/delicia\/2015\/10\/16\/eu-no-mesa-ao-vivo-sp\/\">Continuar a ler <span class=\"meta-nav\">&rarr;<\/span><\/a><\/p>\n","protected":false},"author":1,"featured_media":0,"comment_status":"open","ping_status":"open","sticky":false,"template":"","format":"standard","meta":{"spay_email":"","footnotes":"","jetpack_publicize_message":"","jetpack_is_tweetstorm":false},"categories":[1],"tags":[],"jetpack_featured_media_url":"","jetpack_publicize_connections":[],"jetpack_sharing_enabled":true,"jetpack_shortlink":"https:\/\/wp.me\/pccs7-2gn","jetpack-related-posts":[{"id":7917,"url":"https:\/\/marisaono.com\/delicia\/2014\/10\/07\/semana-mesa-sp-3\/","url_meta":{"origin":8703,"position":0},"title":"Semana Mesa SP","date":"Outubro 7, 2014","format":false,"excerpt":"A edi\u00e7\u00e3o do pr\u00f3ximo Mesa Tend\u00eancias em S\u00e3o Paulo, promovido pela revista Prazeres da Mesa, traz como tema o produtor familiar e a cozinha. No entanto, o que me chamou a aten\u00e7\u00e3o foi a presen\u00e7a de Yukio Hattori, m\u00e9dico e presidente da Ecole de Cuisine et Nutrition de Tokyo. Nunca\u2026","rel":"","context":"In &quot;Lugares&quot;","img":{"alt_text":"","src":"","width":0,"height":0},"classes":[]},{"id":6734,"url":"https:\/\/marisaono.com\/delicia\/2013\/11\/09\/semana-mesa-sp-parte-1\/","url_meta":{"origin":8703,"position":1},"title":"Semana Mesa SP - Parte 1","date":"Novembro 9, 2013","format":false,"excerpt":"Esta semana n\u00e3o escrevi nada nem aqui e muito pouco no Facebook por um bom motivo: estive no Senac Santo Amaro acompanhando os eventos Mesa Tend\u00eancias e Mesa ao Vivo, da Prazeres da Mesa. O tema deste ano foram \"Ra\u00edzes\". Videos foram produzidos pelo Slow Food, apresentando depoimentos de descendentes\u2026","rel":"","context":"In &quot;Lugares&quot;","img":{"alt_text":"","src":"https:\/\/i2.wp.com\/marisaono.com\/delicia\/wp-content\/uploads\/IMG_3401.jpg?resize=350%2C200&ssl=1","width":350,"height":200},"classes":[]},{"id":5292,"url":"https:\/\/marisaono.com\/delicia\/2012\/10\/15\/semana-mesa-sp-2\/","url_meta":{"origin":8703,"position":2},"title":"Semana Mesa SP 2012","date":"Outubro 15, 2012","format":false,"excerpt":"Vai acontecer no come\u00e7o do m\u00eas que vem, entre 5 e 9 de novembro. O tema desta vez \u00e9 \u00a0\"Descobrindo as Am\u00e9ricas: Seus ingredientes e sua cultura\". J\u00e1 saiu a programa\u00e7\u00e3o do Mesa Tend\u00eancias: http:\/\/www.semanamesasp.com.br\/programacao-mesa-tendencias\/ E, para minha surpresa, David Chang do Momofuku ir\u00e1 falar sobre algo que gosto muito:\u2026","rel":"","context":"In &quot;dicas&quot;","img":{"alt_text":"","src":"","width":0,"height":0},"classes":[]},{"id":7779,"url":"https:\/\/marisaono.com\/delicia\/2014\/08\/14\/agenda-da-semana-2\/","url_meta":{"origin":8703,"position":3},"title":"Agenda da Semana","date":"Agosto 14, 2014","format":false,"excerpt":"\u00a0 Esfriou, n\u00e3o? Tem oden na Jer\u00f4nimo da Veiga 74 neste s\u00e1bado. Para quem n\u00e3o conhece, \u00e9 um cozido com um caldo claro que pode levar os mais diversos ingredientes. No caso deste a\u00ed, vai ter nabo (daikon), ovo, chikuwa (um rolinho \u00e0 base de massa de peixe), satsuma age\u2026","rel":"","context":"In &quot;Lugares&quot;","img":{"alt_text":"","src":"https:\/\/i2.wp.com\/marisaono.com\/delicia\/wp-content\/uploads\/14883615674_8d04ae27f3_n.jpg?resize=350%2C200&ssl=1","width":350,"height":200},"classes":[]},{"id":6439,"url":"https:\/\/marisaono.com\/delicia\/2013\/08\/25\/agenda-hortalicas-nao-convencionais-sprw-e-mesa-sp\/","url_meta":{"origin":8703,"position":4},"title":"Agenda: Hortali\u00e7as N\u00e3o-Convencionais, SPRW e Mesa SP","date":"Agosto 25, 2013","format":false,"excerpt":"Amanh\u00e3 Neide Rigo fala sobre Plantas aliment\u00edcias n\u00e3o-convencionais\u00a0(as PANCs). A entrada \u00e9 gratuita mas \u00e9 preciso retirar senha. Vai ser\u00a0das 19h30 \u00e0s 21h, no Teatro Eva Herz - Livraria Cultura do Conjunto Nacional \u00a0(esquina da avenida Paulista com Augusta - Metr\u00f4 Consola\u00e7\u00e3o). Para saber mais, v\u00e1 at\u00e9 o blog dela:\u2026","rel":"","context":"In &quot;dicas&quot;","img":{"alt_text":"","src":"https:\/\/i2.wp.com\/marisaono.com\/delicia\/wp-content\/uploads\/bochecha-de-boi.jpg?resize=350%2C200&ssl=1","width":350,"height":200},"classes":[]},{"id":7979,"url":"https:\/\/marisaono.com\/delicia\/2014\/11\/14\/semana-mesa-sp-parte-2-2\/","url_meta":{"origin":8703,"position":5},"title":"Semana Mesa SP - Parte 2","date":"Novembro 14, 2014","format":false,"excerpt":"\u00a0 Durante a Semana Mesa SP no Centro Universit\u00e1rio Senac Santo Amaro havia uma parte que ficou aberta ao p\u00fablico em geral, com stands e food trucks. Era o Farofa. \u00a0 \u00a0 Funcionou nos 3 dias, das 12 at\u00e9 as 21 horas. Eram 10 barraquinhas de pequenos produtores que vendiam\u2026","rel":"","context":"In &quot;Lugares&quot;","img":{"alt_text":"","src":"https:\/\/i0.wp.com\/marisaono.com\/delicia\/wp-content\/uploads\/IMG_5233.jpg?resize=350%2C200&ssl=1","width":350,"height":200},"classes":[]}],"_links":{"self":[{"href":"https:\/\/marisaono.com\/delicia\/wp-json\/wp\/v2\/posts\/8703"}],"collection":[{"href":"https:\/\/marisaono.com\/delicia\/wp-json\/wp\/v2\/posts"}],"about":[{"href":"https:\/\/marisaono.com\/delicia\/wp-json\/wp\/v2\/types\/post"}],"author":[{"embeddable":true,"href":"https:\/\/marisaono.com\/delicia\/wp-json\/wp\/v2\/users\/1"}],"replies":[{"embeddable":true,"href":"https:\/\/marisaono.com\/delicia\/wp-json\/wp\/v2\/comments?post=8703"}],"version-history":[{"count":1,"href":"https:\/\/marisaono.com\/delicia\/wp-json\/wp\/v2\/posts\/8703\/revisions"}],"predecessor-version":[{"id":8704,"href":"https:\/\/marisaono.com\/delicia\/wp-json\/wp\/v2\/posts\/8703\/revisions\/8704"}],"wp:attachment":[{"href":"https:\/\/marisaono.com\/delicia\/wp-json\/wp\/v2\/media?parent=8703"}],"wp:term":[{"taxonomy":"category","embeddable":true,"href":"https:\/\/marisaono.com\/delicia\/wp-json\/wp\/v2\/categories?post=8703"},{"taxonomy":"post_tag","embeddable":true,"href":"https:\/\/marisaono.com\/delicia\/wp-json\/wp\/v2\/tags?post=8703"}],"curies":[{"name":"wp","href":"https:\/\/api.w.org\/{rel}","templated":true}]}}