{"id":8739,"date":"2015-11-07T00:05:46","date_gmt":"2015-11-07T02:05:46","guid":{"rendered":"http:\/\/marisaono.com\/delicia\/?p=8739"},"modified":"2015-11-07T00:05:46","modified_gmt":"2015-11-07T02:05:46","slug":"agenda-para-novembro-e-dezembro","status":"publish","type":"post","link":"https:\/\/marisaono.com\/delicia\/2015\/11\/07\/agenda-para-novembro-e-dezembro\/","title":{"rendered":"Agenda para Novembro e Dezembro"},"content":{"rendered":"<div class=\"translate_block\" style=\"display: none;\">\n<a class=\"translate_translate\" id=\"translate_button_post-8739\" lang=\"en\" xml:lang=\"en\" href=\"javascript:show_translate_popup('en', 'post', 8739);\">[Translate]<\/a><img src=\"https:\/\/marisaono.com\/delicia\/wp-content\/plugins\/google-ajax-translation\/transparent.gif\" id=\"translate_loading_post-8739\" class=\"translate_loading\" style=\"display: none;\" width=\"16\" height=\"16\" alt=\"\" \/>\n<hr class=\"translate_hr\" \/>\n<\/div>\n<div id=\"content_div-8739\">\n<p>Estou fazendo umas altera\u00e7\u00f5es no blog e n\u00e3o sei se repararam que na aba lateral do blog (para quem usa um computador) h\u00e1 uma lista de eventos. O que estiver para acontecer aparecer\u00e1 l\u00e1.<\/p>\n<p>Dia 22 de novembro \u00e9 dia de past\u00e9is e bolinhos sino-japoneses, ou seja, gyoza, wantan, shumai. Massa, recheios, fritos, cozidos, na chapa. Tudo muito f\u00e1cil.<\/p>\n<p>Dia 29 de novembro \u00e9 dia de defumados. Aprenda a fazer bacon, pernil e pastrami. \u00c9 mais f\u00e1cil do que se pensa.<\/p>\n<p>Dia 13 de dezembro estou atendendo a pedidos: p\u00e3es e lingui\u00e7a. Quem j\u00e1 veio aqui provou. Duas receitas de p\u00e3es, uma com fermento natural e outra com fermento biol\u00f3gico e uma de lingui\u00e7a que permite muitas varia\u00e7\u00f5es. Explico a t\u00e9cnica, dou dicas e tenho uns truques.<\/p>\n<p>Vai ser aqui em casa, em Ibi\u00fana. Como o espa\u00e7o \u00e9 limitado para 5 a 6 pessoas, pe\u00e7o que confirmem a reserva pelo e-mail marisaono@gmail.com<\/p>\n<p>O valor para qualquer um deles \u00e9 de R$200, almo\u00e7o com a produ\u00e7\u00e3o da aula, ch\u00e1s, \u00e1gua, sobremesa.<\/p>\n<p>&nbsp;<\/p>\n<a href=\"https:\/\/www.freetellafriend.com\/tell\/?url=https%3A%2F%2Fmarisaono.com%2Fdelicia%2F2015%2F11%2F07%2Fagenda-para-novembro-e-dezembro%2F&title=Agenda+para+Novembro+e+Dezembro\" onclick=\"window.open('https:\/\/www.freetellafriend.com\/tell\/?url=https%3A%2F%2Fmarisaono.com%2Fdelicia%2F2015%2F11%2F07%2Fagenda-para-novembro-e-dezembro%2F&title=Agenda+para+Novembro+e+Dezembro', 'freetellafriend', 'scrollbars=1,menubar=0,width=617,height=530,resizable=1,toolbar=0,location=0,status=0,screenX=210,screenY=100,left=210,top=100'); return false;\" target=\"_blank\" title=\"Share This Post\"><img decoding=\"async\" src=\"http:\/\/marisaono.com\/delicia\/wp-content\/plugins\/tell-a-friend\/button.gif\" style=\"width:127px;height:16px;border:0px;\" alt=\"Share This Post\" title=\"Share This Post\" \/><\/a><\/div>\n","protected":false},"excerpt":{"rendered":"<p>[Translate] Estou fazendo umas altera\u00e7\u00f5es no blog e n\u00e3o sei se repararam que na aba lateral do blog (para quem usa um computador) h\u00e1 uma lista de eventos. O que estiver para acontecer aparecer\u00e1 l\u00e1. Dia 22 de novembro \u00e9 &hellip; <a href=\"https:\/\/marisaono.com\/delicia\/2015\/11\/07\/agenda-para-novembro-e-dezembro\/\">Continuar a ler <span class=\"meta-nav\">&rarr;<\/span><\/a><\/p>\n","protected":false},"author":1,"featured_media":0,"comment_status":"open","ping_status":"open","sticky":false,"template":"","format":"standard","meta":{"spay_email":"","footnotes":"","jetpack_publicize_message":"","jetpack_is_tweetstorm":false},"categories":[1],"tags":[],"jetpack_featured_media_url":"","jetpack_publicize_connections":[],"jetpack_sharing_enabled":true,"jetpack_shortlink":"https:\/\/wp.me\/pccs7-2gX","jetpack-related-posts":[{"id":8762,"url":"https:\/\/marisaono.com\/delicia\/2015\/12\/01\/pao-e-linguica\/","url_meta":{"origin":8739,"position":0},"title":"P\u00e3o e Lingui\u00e7a","date":"Dezembro 1, 2015","format":false,"excerpt":"Que tal aprender a fazer um p\u00e3o de fermenta\u00e7\u00e3o natural sem complica\u00e7\u00e3o? E enquanto o p\u00e3o cresce e assa, aproveitamos o tempo enchendo lingui\u00e7a - literalmente. Uma receita bem simples de lingui\u00e7a que pode ser personalizada \u00e0 seu gosto. No final, come-se p\u00e3o, lingui\u00e7a, salada, um ch\u00e1 gelado e um\u2026","rel":"","context":"Similar post","img":{"alt_text":"","src":"https:\/\/i2.wp.com\/marisaono.com\/delicia\/wp-content\/uploads\/CIMG0241-002.jpg?resize=350%2C200&ssl=1","width":350,"height":200},"classes":[]},{"id":9946,"url":"https:\/\/marisaono.com\/delicia\/2019\/01\/03\/agenda-6\/","url_meta":{"origin":8739,"position":1},"title":"Agenda","date":"Janeiro 3, 2019","format":false,"excerpt":"Aqui v\u00e3o as infos dos pr\u00f3ximos curso: Quando: dia 13 de Janeiro (domingo), das 10 \u00e0s 16 horas Onde: Aqui em casa, pr\u00f3ximo ao Haras Setti e o campo de beisebol da Yakult em Ibi\u00fana. Receitas apresentadas: Duas massas para lamen, caldo base, molhos para o shoyu lamen e para\u2026","rel":"","context":"Similar post","img":{"alt_text":"","src":"","width":0,"height":0},"classes":[]},{"id":6503,"url":"https:\/\/marisaono.com\/delicia\/2013\/09\/09\/charcutaria-conservas-paes-com-fermento-natural\/","url_meta":{"origin":8739,"position":2},"title":"Charcutaria, Conservas, P\u00e3es com Fermento Natural","date":"Setembro 9, 2013","format":false,"excerpt":"Na pr\u00f3xima segunda-feira, no Lena Labaki Catering\u00a0(Rua Jose Antonio Coelho,\u00a0vila Mariana), curso de charcutaria com Mario Portela. O curso tem previs\u00e3o de dura\u00e7\u00e3o de 6 horas, come\u00e7a \u00e0s 8 da manh\u00e3, para um grupo pequeno (10 pessoas). A data do folder a\u00ed em cima est\u00e1 errada, \u00e9 16\/09. Ainda haviam\u2026","rel":"","context":"In &quot;dicas&quot;","img":{"alt_text":"","src":"https:\/\/i1.wp.com\/marisaono.com\/delicia\/wp-content\/uploads\/charcutaria-mario-portela.jpg?resize=350%2C200&ssl=1","width":350,"height":200},"classes":[]},{"id":3509,"url":"https:\/\/marisaono.com\/delicia\/2011\/08\/14\/fermento-natural-feito-com-koji\/","url_meta":{"origin":8739,"position":3},"title":"Fermento Natural Feito com Koji","date":"Agosto 14, 2011","format":false,"excerpt":"Na aula da Mari Hirata, l\u00e1 na escola Wilma Kovesi, aprendi a fazer um fermento de p\u00e3o a partir do koji. Se tiver o arroz mofado (contaminado pelo Aspergillus Oryzae), \u00e9 f\u00e1cil. Se n\u00e3o tiver, aguardem os pr\u00f3ximos post, que eu pretendo desenvolver mais o assunto. 150 ml de mingau\u2026","rel":"","context":"In &quot;Culin\u00e1ria japonesa&quot;","img":{"alt_text":"","src":"https:\/\/i2.wp.com\/marisaono.com\/delicia\/wp-content\/uploads\/IMG_6531.jpg?resize=350%2C200&ssl=1","width":350,"height":200},"classes":[]},{"id":6701,"url":"https:\/\/marisaono.com\/delicia\/2013\/10\/27\/curso-de-embutidos-no-fricco\/","url_meta":{"origin":8739,"position":4},"title":"Curso de Embutidos no Fricc\u00f3","date":"Outubro 27, 2013","format":false,"excerpt":"Ganhei de presente uma aula no Fricc\u00f3 (Rua Cubat\u00e3o 837, Vila Mariana) sobre embutidos. Foi ontem (dia 26). Embora eu fa\u00e7a lingui\u00e7as em casa com certa frequ\u00eancia, foi bom poder tirar d\u00favidas e ter contato com outros tipos de embutidos. Na aula, Saulo Scarabotta e Marcio Kimura explicaram tanto os\u2026","rel":"","context":"In &quot;carnes.&quot;","img":{"alt_text":"","src":"https:\/\/i1.wp.com\/marisaono.com\/delicia\/wp-content\/uploads\/IMG_3352.jpg?resize=350%2C200&ssl=1","width":350,"height":200},"classes":[]},{"id":6630,"url":"https:\/\/marisaono.com\/delicia\/2013\/10\/11\/pao-ou-panetone-salgado-de-calabresa-queijo-e-tomate-seco\/","url_meta":{"origin":8739,"position":5},"title":"P\u00e3o (ou Panetone Salgado) de Calabresa, Queijo e Tomate Seco.","date":"Outubro 11, 2013","format":false,"excerpt":"Outro dia, assistindo \u00e0 tv, minha m\u00e3e perguntou: Como \u00e9 esse tal de panetone salgado? Bem, hoje fui sovar a massa. \u00a0Eu nunca provei um panetone salgado mas parti de uma massa parecida com a de brioche, rica em ovos e com manteiga. Usei calabresa, queijo e tomate seco porque\u2026","rel":"","context":"In &quot;lanches&quot;","img":{"alt_text":"","src":"https:\/\/i1.wp.com\/marisaono.com\/delicia\/wp-content\/uploads\/IMG_3300.jpg?resize=350%2C200&ssl=1","width":350,"height":200},"classes":[]}],"_links":{"self":[{"href":"https:\/\/marisaono.com\/delicia\/wp-json\/wp\/v2\/posts\/8739"}],"collection":[{"href":"https:\/\/marisaono.com\/delicia\/wp-json\/wp\/v2\/posts"}],"about":[{"href":"https:\/\/marisaono.com\/delicia\/wp-json\/wp\/v2\/types\/post"}],"author":[{"embeddable":true,"href":"https:\/\/marisaono.com\/delicia\/wp-json\/wp\/v2\/users\/1"}],"replies":[{"embeddable":true,"href":"https:\/\/marisaono.com\/delicia\/wp-json\/wp\/v2\/comments?post=8739"}],"version-history":[{"count":1,"href":"https:\/\/marisaono.com\/delicia\/wp-json\/wp\/v2\/posts\/8739\/revisions"}],"predecessor-version":[{"id":8740,"href":"https:\/\/marisaono.com\/delicia\/wp-json\/wp\/v2\/posts\/8739\/revisions\/8740"}],"wp:attachment":[{"href":"https:\/\/marisaono.com\/delicia\/wp-json\/wp\/v2\/media?parent=8739"}],"wp:term":[{"taxonomy":"category","embeddable":true,"href":"https:\/\/marisaono.com\/delicia\/wp-json\/wp\/v2\/categories?post=8739"},{"taxonomy":"post_tag","embeddable":true,"href":"https:\/\/marisaono.com\/delicia\/wp-json\/wp\/v2\/tags?post=8739"}],"curies":[{"name":"wp","href":"https:\/\/api.w.org\/{rel}","templated":true}]}}