{"id":8774,"date":"2015-12-15T00:13:31","date_gmt":"2015-12-15T02:13:31","guid":{"rendered":"http:\/\/marisaono.com\/delicia\/?p=8774"},"modified":"2015-12-15T00:13:31","modified_gmt":"2015-12-15T02:13:31","slug":"como-foi-o-aizome-ichiba","status":"publish","type":"post","link":"https:\/\/marisaono.com\/delicia\/2015\/12\/15\/como-foi-o-aizome-ichiba\/","title":{"rendered":"Como Foi o Aizom\u00ea Ichiba"},"content":{"rendered":"<div class=\"translate_block\" style=\"display: none;\">\n<a class=\"translate_translate\" id=\"translate_button_post-8774\" lang=\"en\" xml:lang=\"en\" href=\"javascript:show_translate_popup('en', 'post', 8774);\">[Translate]<\/a><img src=\"https:\/\/marisaono.com\/delicia\/wp-content\/plugins\/google-ajax-translation\/transparent.gif\" id=\"translate_loading_post-8774\" class=\"translate_loading\" style=\"display: none;\" width=\"16\" height=\"16\" alt=\"\" \/>\n<hr class=\"translate_hr\" \/>\n<\/div>\n<div id=\"content_div-8774\">\n<p>Foi uma loucura. Simplesmente assim. Foi muito mais gente que eu esperava, mais cedo do que o esperado. Estava muito quente. Gastei todo o meu japon\u00eas com as japonesas (\u00e9, quem faz compras na fam\u00edlia japonesa ainda \u00e9 a esposa), no come\u00e7o tropecei mas em dado momento at\u00e9 que isso fluiu melhor do que eu esperava. S\u00f3 consegui oferecer p\u00e3es e defumados para degusta\u00e7\u00e3o depois que a Sonia Yuki Yamane foi me ajudar. Foram-se os doces, foram-se os miss\u00f4s, foram-se as conservas. E at\u00e9 apareceu algu\u00e9m querendo comprar a faca que eu estava usando!<\/p>\n<p>Antes das 14 horas havia vendido quase tudo. S\u00f3 ficaram umas verduras, j\u00e1 cansadas do calor.<\/p>\n<p>Perdoem-me por n\u00e3o ter podido dar aten\u00e7\u00e3o merecida, amigos s\u00f3 receberam um aceno, gostaria de ter podido explicar com calma sobre as diferen\u00e7as dos miss\u00f4s, sobre o simbolismo do daifuku, n\u00e3o deu.<\/p>\n<p>Muito obrigada a todos que foram. Espero que tenham gostado do que levaram para casa e do que provaram. Obrigada pela paci\u00eancia nas filas, toler\u00e2ncia ao calor que fazia e por desconsiderarem minha falta de traquejo social.<\/p>\n<p>Muito obrigada \u00e0 Telma Shimizu Shiraishi pelo convite, \u00e0 Sonia Yuki Yamane por ter me socorrido enquanto eu nadava, ao Alexandre Tatsuya Iida pelas sacolas que roubei dele (aprendi, vou levar sacolas de tamanhos diferentes em outra vez), muito obrigada a todos que ajudaram na divulga\u00e7\u00e3o. Amigos, fiquei feliz de v\u00ea-los mas ficarei mais feliz quando puder encontra-los em um dia mais calmo, de prefer\u00eancia em um lugar com bebida gelada e uma cadeira boa para sentar.<\/p>\n<p>Semana que vem vamos fazer mais miss\u00f4, o estoque dom\u00e9stico zerou.<\/p>\n<p>&nbsp;<\/p>\n<p>&nbsp;<\/p>\n<a href=\"https:\/\/www.freetellafriend.com\/tell\/?url=https%3A%2F%2Fmarisaono.com%2Fdelicia%2F2015%2F12%2F15%2Fcomo-foi-o-aizome-ichiba%2F&title=Como+Foi+o+Aizom%C3%AA+Ichiba\" onclick=\"window.open('https:\/\/www.freetellafriend.com\/tell\/?url=https%3A%2F%2Fmarisaono.com%2Fdelicia%2F2015%2F12%2F15%2Fcomo-foi-o-aizome-ichiba%2F&title=Como+Foi+o+Aizom%C3%AA+Ichiba', 'freetellafriend', 'scrollbars=1,menubar=0,width=617,height=530,resizable=1,toolbar=0,location=0,status=0,screenX=210,screenY=100,left=210,top=100'); return false;\" target=\"_blank\" title=\"Share This Post\"><img decoding=\"async\" src=\"http:\/\/marisaono.com\/delicia\/wp-content\/plugins\/tell-a-friend\/button.gif\" style=\"width:127px;height:16px;border:0px;\" alt=\"Share This Post\" title=\"Share This Post\" \/><\/a><\/div>\n","protected":false},"excerpt":{"rendered":"<p>[Translate] Foi uma loucura. Simplesmente assim. Foi muito mais gente que eu esperava, mais cedo do que o esperado. Estava muito quente. Gastei todo o meu japon\u00eas com as japonesas (\u00e9, quem faz compras na fam\u00edlia japonesa ainda \u00e9 a &hellip; <a href=\"https:\/\/marisaono.com\/delicia\/2015\/12\/15\/como-foi-o-aizome-ichiba\/\">Continuar a ler <span class=\"meta-nav\">&rarr;<\/span><\/a><\/p>\n","protected":false},"author":1,"featured_media":0,"comment_status":"open","ping_status":"open","sticky":false,"template":"","format":"standard","meta":{"spay_email":"","footnotes":"","jetpack_publicize_message":"","jetpack_is_tweetstorm":false},"categories":[1],"tags":[],"jetpack_featured_media_url":"","jetpack_publicize_connections":[],"jetpack_sharing_enabled":true,"jetpack_shortlink":"https:\/\/wp.me\/pccs7-2hw","jetpack-related-posts":[{"id":6606,"url":"https:\/\/marisaono.com\/delicia\/2013\/10\/08\/misso-misso-de-grao-de-bico-e-shio-koji\/","url_meta":{"origin":8774,"position":0},"title":"Miss\u00f4, miss\u00f4 de gr\u00e3o-de-bico e Shio-koji","date":"Outubro 8, 2013","format":false,"excerpt":"Para quem andou me perguntando sobre miss\u00f4 e shio-koji: deixei uns potes e pacotes de miss\u00f4 de soja (uns 6 meses de fermenta\u00e7\u00e3o), de gr\u00e3o-de-bico (o sal n\u00e3o \u00e9 t\u00e3o marcante) e shio-koji (bom para marinados e tsukemonos) na Adega de Sake (Alameda dos Nhambiquaras 1089, Moema, quase esquina com\u2026","rel":"","context":"In &quot;Compras&quot;","img":{"alt_text":"","src":"https:\/\/i1.wp.com\/marisaono.com\/delicia\/wp-content\/uploads\/IMG_3192.jpg?resize=350%2C200&ssl=1","width":350,"height":200},"classes":[]},{"id":8462,"url":"https:\/\/marisaono.com\/delicia\/2015\/09\/29\/minha-participacao-no-9o-paladar-cozinha-do-brasil\/","url_meta":{"origin":8774,"position":1},"title":"Minha Participa\u00e7\u00e3o no 9\u00ba Paladar Cozinha do Brasil","date":"Setembro 29, 2015","format":false,"excerpt":"Acabou. Veio uma sensa\u00e7\u00e3o de al\u00edvio e um certo cansa\u00e7o. Foram dias intensos, desde muito antes da oficina em si. Da euforia pelo convite, passando pelo cuidado com os detalhes (escolha das receitas, se daria para dizer tudo o que queria no tempo estipulado, na organiza\u00e7\u00e3o dos itens para levar,\u2026","rel":"","context":"In &quot;Lugares&quot;","img":{"alt_text":"","src":"https:\/\/i1.wp.com\/marisaono.com\/delicia\/wp-content\/uploads\/12029020_909375642487403_701240830_n.jpg?resize=350%2C200&ssl=1","width":350,"height":200},"classes":[]},{"id":8399,"url":"https:\/\/marisaono.com\/delicia\/2015\/08\/14\/misso-sim-senhor\/","url_meta":{"origin":8774,"position":2},"title":"Misso Sim Senhor!","date":"Agosto 14, 2015","format":false,"excerpt":"Esse \u00e9 o t\u00edtulo da minha oficina no Paladar Cozinha do Brasil. Vai ser no dia 26 de setembro, \u00e0s 10 horas, na Universidade Anhembi Morumbi. \u00c9 a minha primeira vez. Estou ansiosa, sim, como toda caloura. Mas tamb\u00e9m estou muito feliz pelo convite e pela oportunidade de falar sobre\u2026","rel":"","context":"In \"Eventos\"","img":{"alt_text":"","src":"","width":0,"height":0},"classes":[]},{"id":1643,"url":"https:\/\/marisaono.com\/delicia\/2009\/09\/27\/misso-passo-a-passo\/","url_meta":{"origin":8774,"position":3},"title":"Miso - Passo-a-passo","date":"Setembro 27, 2009","format":false,"excerpt":"Novamente fizemos misso em casa. J\u00e1 falei sobre o processo de produ\u00e7\u00e3o da pasta da soja aqui, tirei d\u00favidas a respeito da produ\u00e7\u00e3o aqui, e falei dos cuidados m\u00ednimos de higiene na manipula\u00e7\u00e3o do kojikin. Mesmo assim, parece que n\u00e3o ficou muito claro como \u00e9 o processo todo e resolvi\u2026","rel":"","context":"In &quot;conservas&quot;","img":{"alt_text":"","src":"https:\/\/i2.wp.com\/marisaono.com\/delicia\/wp-content\/uploads\/Misso-Arroz-cozido.JPG?resize=350%2C200&ssl=1","width":350,"height":200},"classes":[]},{"id":6523,"url":"https:\/\/marisaono.com\/delicia\/2013\/09\/15\/alimentaria-e-jetro\/","url_meta":{"origin":8774,"position":4},"title":"Alimentaria e Jetro","date":"Setembro 15, 2013","format":false,"excerpt":"A Jetro (Japan External Trade Organization) ter\u00e1 um pavilh\u00e3o na Alimentaria. O evento ocorre do dia 16 at\u00e9 o dia 19, no Pavilh\u00e3o Oeste \u2013 Parque Anhembi (Rua Olavo Fontoura, 1209, S\u00e3o Paulo, SP ), das 13 \u00e0s 21 horas. O Pavilh\u00e3o do Jap\u00e3o \u00a0ocupar\u00e1 o estande I550 entre as\u2026","rel":"","context":"In &quot;Lugares&quot;","img":{"alt_text":"","src":"","width":0,"height":0},"classes":[]},{"id":7376,"url":"https:\/\/marisaono.com\/delicia\/2014\/05\/06\/jetro-na-feira-apas\/","url_meta":{"origin":8774,"position":5},"title":"Jetro na Feira APAS","date":"Maio 6, 2014","format":false,"excerpt":"Est\u00e1 sendo realizada no Expo Center Norte a Feira da Associa\u00e7\u00e3o Paulista de Supermercados. \u00c9 a primeira vez que a Jetro participa. Como a culin\u00e1ria japonesa est\u00e1 se tornando mais conhecida, \u00e9 natural que alguns produtos sejam comercializados em lojas que n\u00e3o sejam mercearias orientais. As balinhas e chicletes j\u00e1\u2026","rel":"","context":"In &quot;produtos.&quot;","img":{"alt_text":"","src":"https:\/\/i0.wp.com\/marisaono.com\/delicia\/wp-content\/uploads\/IMG_4460.jpg?resize=350%2C200&ssl=1","width":350,"height":200},"classes":[]}],"_links":{"self":[{"href":"https:\/\/marisaono.com\/delicia\/wp-json\/wp\/v2\/posts\/8774"}],"collection":[{"href":"https:\/\/marisaono.com\/delicia\/wp-json\/wp\/v2\/posts"}],"about":[{"href":"https:\/\/marisaono.com\/delicia\/wp-json\/wp\/v2\/types\/post"}],"author":[{"embeddable":true,"href":"https:\/\/marisaono.com\/delicia\/wp-json\/wp\/v2\/users\/1"}],"replies":[{"embeddable":true,"href":"https:\/\/marisaono.com\/delicia\/wp-json\/wp\/v2\/comments?post=8774"}],"version-history":[{"count":2,"href":"https:\/\/marisaono.com\/delicia\/wp-json\/wp\/v2\/posts\/8774\/revisions"}],"predecessor-version":[{"id":8776,"href":"https:\/\/marisaono.com\/delicia\/wp-json\/wp\/v2\/posts\/8774\/revisions\/8776"}],"wp:attachment":[{"href":"https:\/\/marisaono.com\/delicia\/wp-json\/wp\/v2\/media?parent=8774"}],"wp:term":[{"taxonomy":"category","embeddable":true,"href":"https:\/\/marisaono.com\/delicia\/wp-json\/wp\/v2\/categories?post=8774"},{"taxonomy":"post_tag","embeddable":true,"href":"https:\/\/marisaono.com\/delicia\/wp-json\/wp\/v2\/tags?post=8774"}],"curies":[{"name":"wp","href":"https:\/\/api.w.org\/{rel}","templated":true}]}}