{"id":8831,"date":"2016-02-09T23:13:16","date_gmt":"2016-02-10T01:13:16","guid":{"rendered":"http:\/\/marisaono.com\/delicia\/?p=8831"},"modified":"2016-02-09T23:13:16","modified_gmt":"2016-02-10T01:13:16","slug":"2-gatinhas-precisando-de-um-lar","status":"publish","type":"post","link":"https:\/\/marisaono.com\/delicia\/2016\/02\/09\/2-gatinhas-precisando-de-um-lar\/","title":{"rendered":"2 Gatinhas Precisando de um Lar"},"content":{"rendered":"<div class=\"translate_block\" style=\"display: none;\">\n<a class=\"translate_translate\" id=\"translate_button_post-8831\" lang=\"en\" xml:lang=\"en\" href=\"javascript:show_translate_popup('en', 'post', 8831);\">[Translate]<\/a><img src=\"https:\/\/marisaono.com\/delicia\/wp-content\/plugins\/google-ajax-translation\/transparent.gif\" id=\"translate_loading_post-8831\" class=\"translate_loading\" style=\"display: none;\" width=\"16\" height=\"16\" alt=\"\" \/>\n<hr class=\"translate_hr\" \/>\n<\/div>\n<div id=\"content_div-8831\">\n<p><a href=\"http:\/\/marisaono.com\/delicia\/wp-content\/uploads\/IMG_0129.jpg\"><img loading=\"lazy\" decoding=\"async\" class=\"alignnone size-full wp-image-8832\" src=\"http:\/\/marisaono.com\/delicia\/wp-content\/uploads\/IMG_0129.jpg\" alt=\"IMG_0129\" width=\"300\" height=\"400\" srcset=\"https:\/\/marisaono.com\/delicia\/wp-content\/uploads\/IMG_0129.jpg 300w, https:\/\/marisaono.com\/delicia\/wp-content\/uploads\/IMG_0129-203x270.jpg 203w\" sizes=\"(max-width: 300px) 100vw, 300px\" \/><\/a><\/p>\n<p>A m\u00e3e delas foi morta por um cachorro, os filhotes se refugiaram aqui em casa, levei algum tempo para domestica-los, eram ariscos e estavam assustados. Um j\u00e1 est\u00e1 na casa nova, ficaram as duas irm\u00e3s.<\/p>\n<p>S\u00e3o duas fofinhas que gostam de carinho e de brincar. S\u00e3o maquininhas de ronronar e j\u00e1 est\u00e3o acostumadas com c\u00e3es (d\u00f3ceis, obviamente).<\/p>\n<p>N\u00e3o posso ficar com elas, j\u00e1 tenho 4 gatos e 2 c\u00e3es e o clima entre os gatos est\u00e1 um pouco tenso. Al\u00e9m disso, n\u00e3o tenho tempo para tantos animais assim.<\/p>\n<p>Quem quiser adota-las, estou em Ibi\u00fana.<\/p>\n<p>&nbsp;<\/p>\n<p>&nbsp;<\/p>\n<a href=\"https:\/\/www.freetellafriend.com\/tell\/?url=https%3A%2F%2Fmarisaono.com%2Fdelicia%2F2016%2F02%2F09%2F2-gatinhas-precisando-de-um-lar%2F&title=2+Gatinhas+Precisando+de+um+Lar\" onclick=\"window.open('https:\/\/www.freetellafriend.com\/tell\/?url=https%3A%2F%2Fmarisaono.com%2Fdelicia%2F2016%2F02%2F09%2F2-gatinhas-precisando-de-um-lar%2F&title=2+Gatinhas+Precisando+de+um+Lar', 'freetellafriend', 'scrollbars=1,menubar=0,width=617,height=530,resizable=1,toolbar=0,location=0,status=0,screenX=210,screenY=100,left=210,top=100'); return false;\" target=\"_blank\" title=\"Share This Post\"><img decoding=\"async\" src=\"http:\/\/marisaono.com\/delicia\/wp-content\/plugins\/tell-a-friend\/button.gif\" style=\"width:127px;height:16px;border:0px;\" alt=\"Share This Post\" title=\"Share This Post\" \/><\/a><\/div>\n","protected":false},"excerpt":{"rendered":"<p>[Translate] A m\u00e3e delas foi morta por um cachorro, os filhotes se refugiaram aqui em casa, levei algum tempo para domestica-los, eram ariscos e estavam assustados. Um j\u00e1 est\u00e1 na casa nova, ficaram as duas irm\u00e3s. S\u00e3o duas fofinhas que &hellip; <a href=\"https:\/\/marisaono.com\/delicia\/2016\/02\/09\/2-gatinhas-precisando-de-um-lar\/\">Continuar a ler <span class=\"meta-nav\">&rarr;<\/span><\/a><\/p>\n","protected":false},"author":1,"featured_media":8832,"comment_status":"open","ping_status":"open","sticky":false,"template":"","format":"standard","meta":{"spay_email":"","footnotes":"","jetpack_publicize_message":"","jetpack_is_tweetstorm":false},"categories":[1],"tags":[],"jetpack_featured_media_url":"https:\/\/marisaono.com\/delicia\/wp-content\/uploads\/IMG_0129.jpg","jetpack_publicize_connections":[],"jetpack_sharing_enabled":true,"jetpack_shortlink":"https:\/\/wp.me\/pccs7-2ir","jetpack-related-posts":[{"id":2918,"url":"https:\/\/marisaono.com\/delicia\/2010\/12\/19\/o-motivo-do-meu-desaparecimento\/","url_meta":{"origin":8831,"position":0},"title":"O Motivo do Meu Desaparecimento","date":"Dezembro 19, 2010","format":false,"excerpt":"Aqui est\u00e1 o motivo de meu sumi\u00e7o: mudei-me na segunda-feira para uma ch\u00e1cara. S\u00f3 hoje o tempo bom permitiu tirar uma foto. Choveu a semana toda. Passei dias montando m\u00f3veis, empurrando arm\u00e1rios, esvaziando caixas. Ainda falta muito para ser feito - dentro e fora da casa - mas agora consegui\u2026","rel":"","context":"In &quot;cotidiano&quot;","img":{"alt_text":"","src":"https:\/\/i2.wp.com\/marisaono.com\/delicia\/wp-content\/uploads\/lar-doce-lar.jpg?resize=350%2C200&ssl=1","width":350,"height":200},"classes":[]},{"id":2925,"url":"https:\/\/marisaono.com\/delicia\/2010\/12\/26\/o-presente-do-getulio\/","url_meta":{"origin":8831,"position":1},"title":"O Presente do Getulio","date":"Dezembro 26, 2010","format":false,"excerpt":"Recebi uma caixa linda com um presente lindo dentro. Foi bem na semana da minha mudan\u00e7a. A casa estava no maior caos, trope\u00e7ando em m\u00f3veis e embrulhos, sem roupa desamassada para vestir e ainda tendo que arrumar alimento para os c\u00e3es e gatos. Os humanos sobreviveram \u00e0 base de arroz\u2026","rel":"","context":"In &quot;cotidiano&quot;","img":{"alt_text":"","src":"https:\/\/i1.wp.com\/marisaono.com\/delicia\/wp-content\/uploads\/Presente-do-Getulio.jpg?resize=350%2C200&ssl=1","width":350,"height":200},"classes":[]},{"id":9586,"url":"https:\/\/marisaono.com\/delicia\/2017\/08\/10\/apenas-um-galinheiro\/","url_meta":{"origin":8831,"position":2},"title":"Apenas Um Galinheiro","date":"Agosto 10, 2017","format":false,"excerpt":"Sim, temos galinhas (20, exatamente, por enquanto). A quest\u00e3o \u00e9 que at\u00e9 h\u00e1 pouco tempo, us\u00e1vamos o galinheiro do vizinho. Acontece que ele vendeu a ch\u00e1cara e precisamos construir um no nosso terreno (a outra op\u00e7\u00e3o seria ficarmos sem galinhas, mas minha m\u00e3e acabou se apegando a elas). Bem, muita\u2026","rel":"","context":"Similar post","img":{"alt_text":"","src":"https:\/\/i0.wp.com\/marisaono.com\/delicia\/wp-content\/uploads\/IMG_0990.jpg?resize=350%2C200&ssl=1","width":350,"height":200},"classes":[]},{"id":7956,"url":"https:\/\/marisaono.com\/delicia\/2014\/11\/02\/o-homem-e-o-unico-animal-que\/","url_meta":{"origin":8831,"position":3},"title":"O Homem \u00c9 O \u00danico Animal Que...","date":"Novembro 2, 2014","format":false,"excerpt":"Uma das coisas que eu gostava no seriada \"Jornada nas Estrelas\" (sim, j\u00e1 fui crian\u00e7a e adolescente, embora h\u00e1 muito tempo) eram as discuss\u00f5es entre o doutor Spock e o capit\u00e3o James Kirk. De um lado, uma racionalidade que n\u00e3o se deixa levar pelo calor do momento nem pelas emo\u00e7\u00f5es.\u2026","rel":"","context":"In &quot;cotidiano&quot;","img":{"alt_text":"","src":"","width":0,"height":0},"classes":[]},{"id":6764,"url":"https:\/\/marisaono.com\/delicia\/2013\/11\/11\/soylent-green-tambem-e-gente\/","url_meta":{"origin":8831,"position":4},"title":"Soylent Green Tamb\u00e9m \u00c9 Gente","date":"Novembro 11, 2013","format":false,"excerpt":"N\u00e3o conhecem o filme? \u00c9 de 1973, n\u00e3o sei quantas vezes assisti na tv. Ali\u00e1s, cresci, entrei a adolesc\u00eancia e idade adulta assistindo a filmes apocal\u00edpticos. Em alguns pintavam o fim do mundo destru\u00eddo por uma hecatombe nuclear. Noutros, um mundo \u00e1rido. Nesse, no ano de 2022, Nova Iorque ter\u00e1\u2026","rel":"","context":"In &quot;cotidiano&quot;","img":{"alt_text":"","src":"","width":0,"height":0},"classes":[]},{"id":7428,"url":"https:\/\/marisaono.com\/delicia\/2014\/05\/18\/festival-gastronomico-de-monte-verde\/","url_meta":{"origin":8831,"position":5},"title":"Festival Gastron\u00f4mico de Monte Verde","date":"Maio 18, 2014","format":false,"excerpt":"Estou atrasada nos post, gra\u00e7as ao meu provedor, que me deixou sem conex\u00e3o por v\u00e1rios dias. Este m\u00eas acontece o 5\u00b0 Festival Monte Verde com o tema \"Sabores da Montanha\". Al\u00e9m de pratos \u00e0 base de ingredientes locais como lavanda, truta e pinh\u00e3o, tamb\u00e9m ser\u00e3o realizados workshops e a carreta\u2026","rel":"","context":"In &quot;Lugares&quot;","img":{"alt_text":"IMG_4455","src":"https:\/\/i2.wp.com\/marisaono.com\/delicia\/wp-content\/uploads\/IMG_4455.jpg?resize=350%2C200","width":350,"height":200},"classes":[]}],"_links":{"self":[{"href":"https:\/\/marisaono.com\/delicia\/wp-json\/wp\/v2\/posts\/8831"}],"collection":[{"href":"https:\/\/marisaono.com\/delicia\/wp-json\/wp\/v2\/posts"}],"about":[{"href":"https:\/\/marisaono.com\/delicia\/wp-json\/wp\/v2\/types\/post"}],"author":[{"embeddable":true,"href":"https:\/\/marisaono.com\/delicia\/wp-json\/wp\/v2\/users\/1"}],"replies":[{"embeddable":true,"href":"https:\/\/marisaono.com\/delicia\/wp-json\/wp\/v2\/comments?post=8831"}],"version-history":[{"count":1,"href":"https:\/\/marisaono.com\/delicia\/wp-json\/wp\/v2\/posts\/8831\/revisions"}],"predecessor-version":[{"id":8833,"href":"https:\/\/marisaono.com\/delicia\/wp-json\/wp\/v2\/posts\/8831\/revisions\/8833"}],"wp:featuredmedia":[{"embeddable":true,"href":"https:\/\/marisaono.com\/delicia\/wp-json\/wp\/v2\/media\/8832"}],"wp:attachment":[{"href":"https:\/\/marisaono.com\/delicia\/wp-json\/wp\/v2\/media?parent=8831"}],"wp:term":[{"taxonomy":"category","embeddable":true,"href":"https:\/\/marisaono.com\/delicia\/wp-json\/wp\/v2\/categories?post=8831"},{"taxonomy":"post_tag","embeddable":true,"href":"https:\/\/marisaono.com\/delicia\/wp-json\/wp\/v2\/tags?post=8831"}],"curies":[{"name":"wp","href":"https:\/\/api.w.org\/{rel}","templated":true}]}}