{"id":8834,"date":"2016-02-11T20:00:26","date_gmt":"2016-02-11T22:00:26","guid":{"rendered":"http:\/\/marisaono.com\/delicia\/?p=8834"},"modified":"2016-02-09T23:47:03","modified_gmt":"2016-02-10T01:47:03","slug":"empadinha-de-queijo","status":"publish","type":"post","link":"https:\/\/marisaono.com\/delicia\/2016\/02\/11\/empadinha-de-queijo\/","title":{"rendered":"Empadinha de Queijo"},"content":{"rendered":"<div class=\"translate_block\" style=\"display: none;\">\n<a class=\"translate_translate\" id=\"translate_button_post-8834\" lang=\"en\" xml:lang=\"en\" href=\"javascript:show_translate_popup('en', 'post', 8834);\">[Translate]<\/a><img src=\"https:\/\/marisaono.com\/delicia\/wp-content\/plugins\/google-ajax-translation\/transparent.gif\" id=\"translate_loading_post-8834\" class=\"translate_loading\" style=\"display: none;\" width=\"16\" height=\"16\" alt=\"\" \/>\n<hr class=\"translate_hr\" \/>\n<\/div>\n<div id=\"content_div-8834\">\n<p><a href=\"http:\/\/marisaono.com\/delicia\/wp-content\/uploads\/IMG_0119.jpg\"><img loading=\"lazy\" decoding=\"async\" class=\"alignnone size-full wp-image-8836\" src=\"http:\/\/marisaono.com\/delicia\/wp-content\/uploads\/IMG_0119.jpg\" alt=\"IMG_0119\" width=\"400\" height=\"300\" srcset=\"https:\/\/marisaono.com\/delicia\/wp-content\/uploads\/IMG_0119.jpg 400w, https:\/\/marisaono.com\/delicia\/wp-content\/uploads\/IMG_0119-360x270.jpg 360w\" sizes=\"(max-width: 400px) 100vw, 400px\" \/><\/a><\/p>\n<p>O Carnaval passou mas fica a sugest\u00e3o para o pr\u00f3ximo final de semana. Rende umas 24 empadinhas (depende do tamanho da forma, usei forminhas de alum\u00ednio descart\u00e1veis porque essas foram para uma pessoa). Usei uma mistura de queijos mas pode ser feito com queijo minas curado, queijo prato ou outro que n\u00e3o seja fresco.<\/p>\n<p><a href=\"http:\/\/marisaono.com\/delicia\/wp-content\/uploads\/IMG_0117-001.jpg\"><img loading=\"lazy\" decoding=\"async\" class=\"alignnone size-full wp-image-8835\" src=\"http:\/\/marisaono.com\/delicia\/wp-content\/uploads\/IMG_0117-001.jpg\" alt=\"IMG_0117-001\" width=\"400\" height=\"300\" srcset=\"https:\/\/marisaono.com\/delicia\/wp-content\/uploads\/IMG_0117-001.jpg 400w, https:\/\/marisaono.com\/delicia\/wp-content\/uploads\/IMG_0117-001-360x270.jpg 360w\" sizes=\"(max-width: 400px) 100vw, 400px\" \/><\/a><\/p>\n<p>Para a massa:<\/p>\n<p>2 x\u00edcaras de farinha de trigo<\/p>\n<p>1 colher de ch\u00e1 de sal<\/p>\n<p>8 colheres de manteiga ou margarina (contanto que contenha pelo menos 80% de gordura) gelada<\/p>\n<p>1 ovo<\/p>\n<p>Um pouco de \u00e1gua<\/p>\n<p>Para o recheio:<\/p>\n<p>4 ovos<\/p>\n<p>1 x\u00edcara de leite<\/p>\n<p>1 x\u00edcara de iogurte natural<\/p>\n<p>2 colheres de sopa de manteiga derretida<\/p>\n<p>1 1\/2 a 2 x\u00edcaras de queijo ralado no ralo grosso<\/p>\n<p>Coloque a farinha, o sal e a manteiga no processador de alimentos e bata at\u00e9 que forme uma farofa grosseira. Junte o ovo e um pouco de \u00e1gua (umas 2 colheres geralmente bastam). Processe at\u00e9 formar uma massa macia.<\/p>\n<p>Forre com essa massa as forminha de empada, formando um fundo fino. Corte o excesso com uma faquinha.<\/p>\n<p>Fa\u00e7a o recheio: bata os ovos, junte o leite e o iogurte e bata mais um pouco. Junte a manteiga e o queijo. Se necess\u00e1rio, adicione um pouco de sal.<\/p>\n<p>Com uma colher, recheie as empadinhas. Mexa o recheio sempre porque o queijo tende a subir \u00e0 superf\u00edcie.<\/p>\n<p>Leve ao forno pr\u00e9-aquecido quente, por cerca de 25 minutos ou at\u00e9 dourar bem. O recheio cresce mas murcha logo que sai do forno.<\/p>\n<p>&nbsp;<\/p>\n<a href=\"https:\/\/www.freetellafriend.com\/tell\/?url=https%3A%2F%2Fmarisaono.com%2Fdelicia%2F2016%2F02%2F11%2Fempadinha-de-queijo%2F&title=Empadinha+de+Queijo\" onclick=\"window.open('https:\/\/www.freetellafriend.com\/tell\/?url=https%3A%2F%2Fmarisaono.com%2Fdelicia%2F2016%2F02%2F11%2Fempadinha-de-queijo%2F&title=Empadinha+de+Queijo', 'freetellafriend', 'scrollbars=1,menubar=0,width=617,height=530,resizable=1,toolbar=0,location=0,status=0,screenX=210,screenY=100,left=210,top=100'); return false;\" target=\"_blank\" title=\"Share This Post\"><img decoding=\"async\" src=\"http:\/\/marisaono.com\/delicia\/wp-content\/plugins\/tell-a-friend\/button.gif\" style=\"width:127px;height:16px;border:0px;\" alt=\"Share This Post\" title=\"Share This Post\" \/><\/a><\/div>\n","protected":false},"excerpt":{"rendered":"<p>[Translate] O Carnaval passou mas fica a sugest\u00e3o para o pr\u00f3ximo final de semana. Rende umas 24 empadinhas (depende do tamanho da forma, usei forminhas de alum\u00ednio descart\u00e1veis porque essas foram para uma pessoa). Usei uma mistura de queijos mas &hellip; <a href=\"https:\/\/marisaono.com\/delicia\/2016\/02\/11\/empadinha-de-queijo\/\">Continuar a ler <span class=\"meta-nav\">&rarr;<\/span><\/a><\/p>\n","protected":false},"author":1,"featured_media":8835,"comment_status":"open","ping_status":"open","sticky":false,"template":"","format":"standard","meta":{"spay_email":"","footnotes":"","jetpack_publicize_message":"","jetpack_is_tweetstorm":false},"categories":[24,256],"tags":[132],"jetpack_featured_media_url":"https:\/\/marisaono.com\/delicia\/wp-content\/uploads\/IMG_0117-001.jpg","jetpack_publicize_connections":[],"jetpack_sharing_enabled":true,"jetpack_shortlink":"https:\/\/wp.me\/pccs7-2iu","jetpack-related-posts":[{"id":6005,"url":"https:\/\/marisaono.com\/delicia\/2013\/04\/29\/quiche-sem-massa-limpa-geladeira\/","url_meta":{"origin":8834,"position":0},"title":"Quiche Sem Massa Limpa-Geladeira","date":"Abril 29, 2013","format":false,"excerpt":"Acho o nome infeliz, mas \u00e9 assim que chamam. Prefiro chamar de \"enformado\". O fato \u00e9 que ainda n\u00e3o publiquei uma receita dele, apesar de fazer com alguma frequ\u00eancia. Vejo na geladeira o que est\u00e1 sobrando e fa\u00e7o. 4 ovos 1\/2 x\u00edcara de farinha 1 colher de ch\u00e1 de fermento\u2026","rel":"","context":"In &quot;Cozinha do Desespero&quot;","img":{"alt_text":"","src":"https:\/\/i2.wp.com\/marisaono.com\/delicia\/wp-content\/uploads\/IMG_2096.jpg?resize=350%2C200&ssl=1","width":350,"height":200},"classes":[]},{"id":6863,"url":"https:\/\/marisaono.com\/delicia\/2013\/12\/03\/pao-da-semana-pao-de-queijo-na-forma-de-waffle\/","url_meta":{"origin":8834,"position":1},"title":"P\u00e3o da Semana: P\u00e3o de Queijo na Forma de Waffle","date":"Dezembro 3, 2013","format":false,"excerpt":"Nem \u00e9 novidade, mas, v\u00e1 l\u00e1: as f\u00e9rias escolares enfim chegaram, faz um calor infernal e ningu\u00e9m tem \u00e2nimo para acender um forno. Vai que algu\u00e9m ainda n\u00e3o leu o post do Marcelo Katsuki sobre fazer p\u00e3o na forma de waffle. A receita, n\u00e3o sei de onde veio, estava anotada\u2026","rel":"","context":"In &quot;Cozinha do Desespero&quot;","img":{"alt_text":"","src":"https:\/\/i1.wp.com\/marisaono.com\/delicia\/wp-content\/uploads\/IMG_3742.jpg?resize=350%2C200&ssl=1","width":350,"height":200},"classes":[]},{"id":431,"url":"https:\/\/marisaono.com\/delicia\/2008\/05\/25\/pao-de-queijo\/","url_meta":{"origin":8834,"position":2},"title":"P\u00e3o de Queijo","date":"Maio 25, 2008","format":false,"excerpt":"Outro dia, uma amiga da minha m\u00e3e veio ver como eu fa\u00e7o p\u00e3o de queijo. Confesso que at\u00e9 ent\u00e3o eu fazia a massa \"a olho\". Fui obrigada a tomar medidas e anotar. Ao contr\u00e1rio de muitas receitas, eu misturo dois tipos de polvilho - o doce e o azedo -\u2026","rel":"","context":"In &quot;lanches&quot;","img":{"alt_text":"","src":"https:\/\/i2.wp.com\/marisaono.com\/delicia\/wp-content\/uploads\/2008\/05\/pao-de-queijo.jpg?resize=350%2C200&ssl=1","width":350,"height":200},"classes":[]},{"id":9972,"url":"https:\/\/marisaono.com\/delicia\/2019\/03\/26\/bolo-salgado-de-milho-verde\/","url_meta":{"origin":8834,"position":3},"title":"Bolo Salgado de Milho Verde","date":"Mar\u00e7o 26, 2019","format":false,"excerpt":"Por aqui tem tido muito milho. Compro tirado do p\u00e9 na hora, aqui perto, uma das vantagens de morar na zona rural. E ainda troco uns dedos de prosa com os vizinhos. Ent\u00e3o resolvi experimentar fazer um bolo salgado de milho verde, para aproveitar a safra. E o resultado foi\u2026","rel":"","context":"In &quot;lanches&quot;","img":{"alt_text":"","src":"https:\/\/i1.wp.com\/marisaono.com\/delicia\/wp-content\/uploads\/IMG_0095.jpg?resize=350%2C200&ssl=1","width":350,"height":200},"classes":[]},{"id":5259,"url":"https:\/\/marisaono.com\/delicia\/2012\/10\/05\/pao-de-cebola-com-cara-moela-quinua-e-farelo-de-aveia\/","url_meta":{"origin":8834,"position":4},"title":"P\u00e3o de Cebola com Car\u00e1-Moela, Quinua e Farelo de Aveia","date":"Outubro 5, 2012","format":false,"excerpt":"Fui \u00e0 feira com minha m\u00e3e. Enquanto ela escolhia batatas, fui comprar cebolas. Quando volto, percebo que ela tamb\u00e9m havia comprado cebolas. Eram muitas para duas pessoas. \u00a0Por outro lado, os cara-moela (ganhei os primeiros da Neide Rigo, dos mesmos que ela comenta aqui:\u00a0http:\/\/come-se.blogspot.com.br\/2012\/09\/cara-moela-coluna-do-paladar-4.html\u00a0), estavam brotando. Uns foram plantados e\u2026","rel":"","context":"In &quot;lanches&quot;","img":{"alt_text":"","src":"https:\/\/i1.wp.com\/marisaono.com\/delicia\/wp-content\/uploads\/IMG_0936.jpg?resize=350%2C200&ssl=1","width":350,"height":200},"classes":[]},{"id":3080,"url":"https:\/\/marisaono.com\/delicia\/2011\/03\/07\/sopa-paraguaia\/","url_meta":{"origin":8834,"position":5},"title":"Sopa Paraguaia","date":"Mar\u00e7o 7, 2011","format":false,"excerpt":"J\u00e1 fiz uma receita parecida com essa h\u00e1 algum tempo. Esta \u00e9 outra vers\u00e3o. Ganhei um balde cheio de milho do vizinho e resolvi fazer para o lanche-jantar de ontem. Gostei dessa vers\u00e3o. 1 x\u00edcara de milho cortado da espiga 1 x\u00edcara de leite 3 gemas 1 cebola grande, picada\u2026","rel":"","context":"In &quot;cotidiano&quot;","img":{"alt_text":"","src":"https:\/\/i0.wp.com\/marisaono.com\/delicia\/wp-content\/uploads\/IMG_5940.jpg?resize=350%2C200&ssl=1","width":350,"height":200},"classes":[]}],"_links":{"self":[{"href":"https:\/\/marisaono.com\/delicia\/wp-json\/wp\/v2\/posts\/8834"}],"collection":[{"href":"https:\/\/marisaono.com\/delicia\/wp-json\/wp\/v2\/posts"}],"about":[{"href":"https:\/\/marisaono.com\/delicia\/wp-json\/wp\/v2\/types\/post"}],"author":[{"embeddable":true,"href":"https:\/\/marisaono.com\/delicia\/wp-json\/wp\/v2\/users\/1"}],"replies":[{"embeddable":true,"href":"https:\/\/marisaono.com\/delicia\/wp-json\/wp\/v2\/comments?post=8834"}],"version-history":[{"count":1,"href":"https:\/\/marisaono.com\/delicia\/wp-json\/wp\/v2\/posts\/8834\/revisions"}],"predecessor-version":[{"id":8837,"href":"https:\/\/marisaono.com\/delicia\/wp-json\/wp\/v2\/posts\/8834\/revisions\/8837"}],"wp:featuredmedia":[{"embeddable":true,"href":"https:\/\/marisaono.com\/delicia\/wp-json\/wp\/v2\/media\/8835"}],"wp:attachment":[{"href":"https:\/\/marisaono.com\/delicia\/wp-json\/wp\/v2\/media?parent=8834"}],"wp:term":[{"taxonomy":"category","embeddable":true,"href":"https:\/\/marisaono.com\/delicia\/wp-json\/wp\/v2\/categories?post=8834"},{"taxonomy":"post_tag","embeddable":true,"href":"https:\/\/marisaono.com\/delicia\/wp-json\/wp\/v2\/tags?post=8834"}],"curies":[{"name":"wp","href":"https:\/\/api.w.org\/{rel}","templated":true}]}}