{"id":8933,"date":"2016-03-27T20:46:05","date_gmt":"2016-03-27T23:46:05","guid":{"rendered":"http:\/\/marisaono.com\/delicia\/?p=8933"},"modified":"2016-03-27T20:46:05","modified_gmt":"2016-03-27T23:46:05","slug":"workshop-sobre-koji-e-miso","status":"publish","type":"post","link":"https:\/\/marisaono.com\/delicia\/2016\/03\/27\/workshop-sobre-koji-e-miso\/","title":{"rendered":"Workshop Sobre Koji e Miso"},"content":{"rendered":"<div class=\"translate_block\" style=\"display: none;\">\n<a class=\"translate_translate\" id=\"translate_button_post-8933\" lang=\"en\" xml:lang=\"en\" href=\"javascript:show_translate_popup('en', 'post', 8933);\">[Translate]<\/a><img src=\"https:\/\/marisaono.com\/delicia\/wp-content\/plugins\/google-ajax-translation\/transparent.gif\" id=\"translate_loading_post-8933\" class=\"translate_loading\" style=\"display: none;\" width=\"16\" height=\"16\" alt=\"\" \/>\n<hr class=\"translate_hr\" \/>\n<\/div>\n<div id=\"content_div-8933\">\n<p style=\"text-align: justify;\">Muita gente me pergunta sobre a produ\u00e7\u00e3o do miso. N\u00e3o \u00e9 complicado mas \u00e9 complexo. Explico: cada etapa exige aten\u00e7\u00e3o e existe motivos para isso. Para saber como \u00e9 feito o koji e quando ele est\u00e1 bom para ser empregado, \u00e9 preciso usar a vis\u00e3o, o olfato e o paladar.<\/p>\n<p style=\"text-align: justify;\">E como \u00e9 complicado fazer isso tudo numa sala!<\/p>\n<p style=\"text-align: justify;\">Como preciso mesmo fazer miso por esses dias, resolvi organizar um workshop aqui em casa. V\u00e3o ver como \u00e9 feito o koji (arroz maltado), como \u00e9 cozido a soja, como o miso \u00e9 feito e como \u00e9 estocado e ver o resultado dele depois de 4 meses de fermenta\u00e7\u00e3o.<\/p>\n<p style=\"text-align: justify;\">E como vai ser um pouco demorado, vai ter um almo\u00e7o bem caseiro (comida caseira japonesa, bem entendido).<\/p>\n<p style=\"text-align: justify;\">Vai ser no dia 10, pe\u00e7o aos interessados que entrem em contato pelo e-mail marisaono@gmail.com<\/p>\n<p style=\"text-align: justify;\">\n<a href=\"https:\/\/www.freetellafriend.com\/tell\/?url=https%3A%2F%2Fmarisaono.com%2Fdelicia%2F2016%2F03%2F27%2Fworkshop-sobre-koji-e-miso%2F&title=Workshop+Sobre+Koji+e+Miso\" onclick=\"window.open('https:\/\/www.freetellafriend.com\/tell\/?url=https%3A%2F%2Fmarisaono.com%2Fdelicia%2F2016%2F03%2F27%2Fworkshop-sobre-koji-e-miso%2F&title=Workshop+Sobre+Koji+e+Miso', 'freetellafriend', 'scrollbars=1,menubar=0,width=617,height=530,resizable=1,toolbar=0,location=0,status=0,screenX=210,screenY=100,left=210,top=100'); return false;\" target=\"_blank\" title=\"Share This Post\"><img decoding=\"async\" src=\"http:\/\/marisaono.com\/delicia\/wp-content\/plugins\/tell-a-friend\/button.gif\" style=\"width:127px;height:16px;border:0px;\" alt=\"Share This Post\" title=\"Share This Post\" \/><\/a><\/div>\n","protected":false},"excerpt":{"rendered":"<p>[Translate] Muita gente me pergunta sobre a produ\u00e7\u00e3o do miso. N\u00e3o \u00e9 complicado mas \u00e9 complexo. Explico: cada etapa exige aten\u00e7\u00e3o e existe motivos para isso. Para saber como \u00e9 feito o koji e quando ele est\u00e1 bom para ser &hellip; <a href=\"https:\/\/marisaono.com\/delicia\/2016\/03\/27\/workshop-sobre-koji-e-miso\/\">Continuar a ler <span class=\"meta-nav\">&rarr;<\/span><\/a><\/p>\n","protected":false},"author":1,"featured_media":0,"comment_status":"open","ping_status":"open","sticky":false,"template":"","format":"standard","meta":{"spay_email":"","footnotes":"","jetpack_publicize_message":"","jetpack_is_tweetstorm":false},"categories":[1],"tags":[],"jetpack_featured_media_url":"","jetpack_publicize_connections":[],"jetpack_sharing_enabled":true,"jetpack_shortlink":"https:\/\/wp.me\/pccs7-2k5","jetpack-related-posts":[{"id":3475,"url":"https:\/\/marisaono.com\/delicia\/2011\/08\/09\/os-fermentados-de-mari-hirata\/","url_meta":{"origin":8933,"position":0},"title":"Os Fermentados de Mari Hirata","date":"Agosto 9, 2011","format":false,"excerpt":"Todo ano a Mari Hirata vem ao Brasil e apresenta uma aula na escola Wilma Kovesi. Este ano o tema foram os fermentados. Na mala ela iria trazer muita coisa, mas ela precisaria do koji. A Betty perguntou para a Neide Rigo que nos apresentou e assim l\u00e1 foi parar\u2026","rel":"","context":"In &quot;Culin\u00e1ria japonesa&quot;","img":{"alt_text":"","src":"https:\/\/i0.wp.com\/marisaono.com\/delicia\/wp-content\/uploads\/IMG_6471.jpg?resize=350%2C200&ssl=1","width":350,"height":200},"classes":[]},{"id":10059,"url":"https:\/\/marisaono.com\/delicia\/2019\/09\/30\/agenda-9\/","url_meta":{"origin":8933,"position":1},"title":"Agenda","date":"Setembro 30, 2019","format":false,"excerpt":"Dia 6 de outubro vai ter outra turma de lamen aqui em casa e j\u00e1 restam s\u00f3 4 vagas. Quando: Dia 06 de outubro, domingo, das 10 \u00e0s 16 horas.Onde: Aqui em casa, pr\u00f3ximo ao Haras Setti e o campo de beisebol da Yakult em Ibi\u00fana.Receitas apresentadas: Massa, caldo \u00e0\u2026","rel":"","context":"Similar post","img":{"alt_text":"","src":"","width":0,"height":0},"classes":[]},{"id":5902,"url":"https:\/\/marisaono.com\/delicia\/2013\/03\/25\/koji-outros-fermentados-alem-do-shoyu-e-do-miso\/","url_meta":{"origin":8933,"position":2},"title":"Koji: Outros Fermentados Al\u00e9m do Shoyu e do Miso","date":"Mar\u00e7o 25, 2013","format":false,"excerpt":"J\u00e1 falei sobre o koji: \u00e9 arroz onde se desenvolve o fungo Aspergillus Oryzae. Ele \u00e9 a base para a produ\u00e7\u00e3o de sake, do mirin (bebida licorosa \u00e0 base de arroz), do miso. Sobre a maneira de fazer miso eu comentei aqui: http:\/\/marisaono.com\/delicia\/?p=1643 Nos \u00faltimos meses andei brincando com outras\u2026","rel":"","context":"In &quot;conservas&quot;","img":{"alt_text":"","src":"https:\/\/i1.wp.com\/marisaono.com\/delicia\/wp-content\/uploads\/IMG_2006.jpg?resize=350%2C200&ssl=1","width":350,"height":200},"classes":[]},{"id":9017,"url":"https:\/\/marisaono.com\/delicia\/2016\/06\/18\/sesc-belenzinho-fermentados\/","url_meta":{"origin":8933,"position":3},"title":"Sesc Belenzinho - Fermentados","date":"Junho 18, 2016","format":false,"excerpt":"Quinta-feira passada pude falar sobre fermentados no Sesc Belenzinho. Como prometi aos participantes, aqui listo as receitas que faltaram: Miso passo-a-passo, s\u00f3 acrescento que uso cerca de 200 ml de vodka para 3 kg de massa pronta, sobretudo quando fa\u00e7o miso no ver\u00e3o. http:\/\/marisaono.com\/delicia\/2009\/09\/27\/misso-passo-a-passo\/ Conserva de Vegetais no Miso, a\u2026","rel":"","context":"In \"dashi\"","img":{"alt_text":"","src":"","width":0,"height":0},"classes":[]},{"id":10057,"url":"https:\/\/marisaono.com\/delicia\/2019\/09\/26\/agenda-miso-e-fermentados-a-base-de-arroz\/","url_meta":{"origin":8933,"position":4},"title":"Agenda: Miso e Fermentados \u00c0 Base de Arroz","date":"Setembro 26, 2019","format":false,"excerpt":"Est\u00e3o me perguntado sobre como fazer miso em casa. N\u00e3o \u00e9 complicado, embora exija alguma aten\u00e7\u00e3o. Quando: Dia 20 de outubro, domingo, das 10 as 16 horas Onde: Aqui em casa, pr\u00f3ximo ao Haras Setti e o campo de beisebol da Yakult em Ibi\u00fana. Programa\u00e7\u00e3o: O que \u00e9 koji, como\u2026","rel":"","context":"Similar post","img":{"alt_text":"","src":"","width":0,"height":0},"classes":[]},{"id":9853,"url":"https:\/\/marisaono.com\/delicia\/2018\/08\/09\/agenda-fermentados-e-lamen\/","url_meta":{"origin":8933,"position":5},"title":"Agenda: Fermentados e Lamen","date":"Agosto 9, 2018","format":false,"excerpt":"Dia 19\/08 \u00e9 dia de fazer miso, a pasta fermentada de soja. Quem vier vai ver, cheirar, provar o arroz maltado (koji), mat\u00e9ria-prima para diversos fermentados japoneses. Tamb\u00e9m mostro como \u00e9 feito o shio-koji, o shoyu-koji, uma bebida \u00e0 base de arroz, mirim e sobre os usos desses fermentados na\u2026","rel":"","context":"Similar post","img":{"alt_text":"","src":"https:\/\/i2.wp.com\/marisaono.com\/delicia\/wp-content\/uploads\/IMG_20011.jpg?resize=350%2C200","width":350,"height":200},"classes":[]}],"_links":{"self":[{"href":"https:\/\/marisaono.com\/delicia\/wp-json\/wp\/v2\/posts\/8933"}],"collection":[{"href":"https:\/\/marisaono.com\/delicia\/wp-json\/wp\/v2\/posts"}],"about":[{"href":"https:\/\/marisaono.com\/delicia\/wp-json\/wp\/v2\/types\/post"}],"author":[{"embeddable":true,"href":"https:\/\/marisaono.com\/delicia\/wp-json\/wp\/v2\/users\/1"}],"replies":[{"embeddable":true,"href":"https:\/\/marisaono.com\/delicia\/wp-json\/wp\/v2\/comments?post=8933"}],"version-history":[{"count":1,"href":"https:\/\/marisaono.com\/delicia\/wp-json\/wp\/v2\/posts\/8933\/revisions"}],"predecessor-version":[{"id":8934,"href":"https:\/\/marisaono.com\/delicia\/wp-json\/wp\/v2\/posts\/8933\/revisions\/8934"}],"wp:attachment":[{"href":"https:\/\/marisaono.com\/delicia\/wp-json\/wp\/v2\/media?parent=8933"}],"wp:term":[{"taxonomy":"category","embeddable":true,"href":"https:\/\/marisaono.com\/delicia\/wp-json\/wp\/v2\/categories?post=8933"},{"taxonomy":"post_tag","embeddable":true,"href":"https:\/\/marisaono.com\/delicia\/wp-json\/wp\/v2\/tags?post=8933"}],"curies":[{"name":"wp","href":"https:\/\/api.w.org\/{rel}","templated":true}]}}