{"id":8999,"date":"2016-05-17T23:02:10","date_gmt":"2016-05-18T02:02:10","guid":{"rendered":"http:\/\/marisaono.com\/delicia\/?p=8999"},"modified":"2016-05-15T23:59:23","modified_gmt":"2016-05-16T02:59:23","slug":"duas-coisas-que-nao-falam-sobre-a-chia","status":"publish","type":"post","link":"https:\/\/marisaono.com\/delicia\/2016\/05\/17\/duas-coisas-que-nao-falam-sobre-a-chia\/","title":{"rendered":"Duas Coisas Que N\u00e3o Falam Sobre a Chia"},"content":{"rendered":"<div class=\"translate_block\" style=\"display: none;\">\n<a class=\"translate_translate\" id=\"translate_button_post-8999\" lang=\"en\" xml:lang=\"en\" href=\"javascript:show_translate_popup('en', 'post', 8999);\">[Translate]<\/a><img src=\"https:\/\/marisaono.com\/delicia\/wp-content\/plugins\/google-ajax-translation\/transparent.gif\" id=\"translate_loading_post-8999\" class=\"translate_loading\" style=\"display: none;\" width=\"16\" height=\"16\" alt=\"\" \/>\n<hr class=\"translate_hr\" \/>\n<\/div>\n<div id=\"content_div-8999\">\n<p><a href=\"http:\/\/marisaono.com\/delicia\/wp-content\/uploads\/IMG_0300.jpg\"><img loading=\"lazy\" decoding=\"async\" class=\"alignnone size-full wp-image-9000\" src=\"http:\/\/marisaono.com\/delicia\/wp-content\/uploads\/IMG_0300.jpg\" alt=\"IMG_0300\" width=\"480\" height=\"360\" srcset=\"https:\/\/marisaono.com\/delicia\/wp-content\/uploads\/IMG_0300.jpg 480w, https:\/\/marisaono.com\/delicia\/wp-content\/uploads\/IMG_0300-360x270.jpg 360w, https:\/\/marisaono.com\/delicia\/wp-content\/uploads\/IMG_0300-400x300.jpg 400w\" sizes=\"(max-width: 480px) 100vw, 480px\" \/><\/a><\/p>\n<p>Chia cont\u00e9m \u00f4mega 3 e outras coisas boas para o organismo (nem tanto quanto dizem, h\u00e1 muito exagero na propaganda). Mas o que n\u00e3o costumam dizer \u00e9 que para poder absorvermos o tal \u00f4mega 3, \u00e9 preciso triturar a chia. Um moedor de gr\u00e3os d\u00e1 conta do recado. Um mixer \u00e9 um pouco menos eficiente.<\/p>\n<p>Outra coisa que n\u00e3o avisam \u00e9 que \u00f4mega 3 tem gosto de \u00f3leo de peixe. Ent\u00e3o \u00e9 meio desagrad\u00e1vel de ser ingerido com \u00e1gua&#8230;<\/p>\n<p>&nbsp;<\/p>\n<a href=\"https:\/\/www.freetellafriend.com\/tell\/?url=https%3A%2F%2Fmarisaono.com%2Fdelicia%2F2016%2F05%2F17%2Fduas-coisas-que-nao-falam-sobre-a-chia%2F&title=Duas+Coisas+Que+N%C3%A3o+Falam+Sobre+a+Chia\" onclick=\"window.open('https:\/\/www.freetellafriend.com\/tell\/?url=https%3A%2F%2Fmarisaono.com%2Fdelicia%2F2016%2F05%2F17%2Fduas-coisas-que-nao-falam-sobre-a-chia%2F&title=Duas+Coisas+Que+N%C3%A3o+Falam+Sobre+a+Chia', 'freetellafriend', 'scrollbars=1,menubar=0,width=617,height=530,resizable=1,toolbar=0,location=0,status=0,screenX=210,screenY=100,left=210,top=100'); return false;\" target=\"_blank\" title=\"Share This Post\"><img decoding=\"async\" src=\"http:\/\/marisaono.com\/delicia\/wp-content\/plugins\/tell-a-friend\/button.gif\" style=\"width:127px;height:16px;border:0px;\" alt=\"Share This Post\" title=\"Share This Post\" \/><\/a><\/div>\n","protected":false},"excerpt":{"rendered":"<p>[Translate] Chia cont\u00e9m \u00f4mega 3 e outras coisas boas para o organismo (nem tanto quanto dizem, h\u00e1 muito exagero na propaganda). Mas o que n\u00e3o costumam dizer \u00e9 que para poder absorvermos o tal \u00f4mega 3, \u00e9 preciso triturar a &hellip; <a href=\"https:\/\/marisaono.com\/delicia\/2016\/05\/17\/duas-coisas-que-nao-falam-sobre-a-chia\/\">Continuar a ler <span class=\"meta-nav\">&rarr;<\/span><\/a><\/p>\n","protected":false},"author":1,"featured_media":9000,"comment_status":"open","ping_status":"open","sticky":false,"template":"","format":"standard","meta":{"spay_email":"","footnotes":"","jetpack_publicize_message":"","jetpack_is_tweetstorm":false},"categories":[1],"tags":[],"jetpack_featured_media_url":"https:\/\/marisaono.com\/delicia\/wp-content\/uploads\/IMG_0300.jpg","jetpack_publicize_connections":[],"jetpack_sharing_enabled":true,"jetpack_shortlink":"https:\/\/wp.me\/pccs7-2l9","jetpack-related-posts":[{"id":6316,"url":"https:\/\/marisaono.com\/delicia\/2013\/07\/22\/pressa-preguica-falta-de-bom-senso-e-desinformacao\/","url_meta":{"origin":8999,"position":0},"title":"Pressa, Pregui\u00e7a, Falta de Bom-Senso e Desinforma\u00e7\u00e3o","date":"Julho 22, 2013","format":false,"excerpt":"\u00a0 A internet transformou a informa\u00e7\u00e3o em algo instant\u00e2neo. Uma not\u00edcia \u00e9 compartilhada praticamente \u00e0 velocidade da luz. H\u00e1 um lado bom, claro. Mas h\u00e1 um lado muito danoso. E nem \u00e9 culpa da internet, \u00e9 do usu\u00e1rio e, eventualmente, de quem gera a informa\u00e7\u00e3o. Tenho recebido via e-mail e\u2026","rel":"","context":"In &quot;cotidiano&quot;","img":{"alt_text":"","src":"https:\/\/i0.wp.com\/marisaono.com\/delicia\/wp-content\/uploads\/Captura-de-tela-inteira-21072013-215056.jpg?resize=350%2C200&ssl=1","width":350,"height":200},"classes":[]},{"id":2176,"url":"https:\/\/marisaono.com\/delicia\/2010\/04\/22\/samma\/","url_meta":{"origin":8999,"position":1},"title":"Sanma","date":"Abril 22, 2010","format":false,"excerpt":"O samma \u00e9 o rei do outono japon\u00eas. Nesta \u00e9poca, ele \u00e9 farto e gordo. Popular e saboroso, chega a ganhar um festival (confesso que n\u00e3o me lembro em que cidade), no qual milhares de pessoas se reunem para come-lo assado na brasa. Da categoria de peixes que por l\u00e1\u2026","rel":"","context":"In &quot;Culin\u00e1ria japonesa&quot;","img":{"alt_text":"","src":"https:\/\/i2.wp.com\/marisaono.com\/delicia\/wp-content\/uploads\/samma.jpg?resize=350%2C200&ssl=1","width":350,"height":200},"classes":[]},{"id":584,"url":"https:\/\/marisaono.com\/delicia\/2008\/10\/30\/kama\/","url_meta":{"origin":8999,"position":2},"title":"Kama","date":"Outubro 30, 2008","format":false,"excerpt":"Uma grande cozinha tem como fundamento ingredientes de qualidade. J\u00e1 a cozinha dom\u00e9stica tem que se contentar com a disponibilidade e ainda preocupar-se com nutri\u00e7\u00e3o, economia... Mas isso n\u00e3o significa que grandes cl\u00e1ssicos da cozinha japonesa sejam, totalmente, inacess\u00edveis. Muito pelo contr\u00e1rio. Paradoxalmente, alguns produtos que encontramos aqui, baratos, s\u00e3o\u2026","rel":"","context":"In &quot;Culin\u00e1ria japonesa&quot;","img":{"alt_text":"","src":"https:\/\/i2.wp.com\/marisaono.com\/delicia\/wp-content\/uploads\/kama11.jpg?resize=350%2C200&ssl=1","width":350,"height":200},"classes":[]},{"id":4799,"url":"https:\/\/marisaono.com\/delicia\/2012\/04\/26\/sementes-graos\/","url_meta":{"origin":8999,"position":3},"title":"Sementes, Gr\u00e3os...","date":"Abril 26, 2012","format":false,"excerpt":"Para quem viu o caderno Paladar do Estad\u00e3o, o assunto da capa eram sobre gr\u00e3os e sementes, excluindo os nossos velhos conhecidos, como o arroz, o feij\u00e3o, milho, trigo. Para quem n\u00e3o viu, o link para a mat\u00e9ria \u00e9 este: http:\/\/www.estadao.com.br\/noticias\/suplementos%20paladar,germina-uma-tendencia,4945,0.htm Para quem me conhece bem, sabe que sou muito\u2026","rel":"","context":"In &quot;Culin\u00e1ria japonesa&quot;","img":{"alt_text":"Hasu no Mi","src":"https:\/\/i2.wp.com\/marisaono.com\/delicia\/wp-content\/uploads\/CIMG0011.jpg?resize=350%2C200&ssl=1","width":350,"height":200},"classes":[]},{"id":10061,"url":"https:\/\/marisaono.com\/delicia\/2019\/10\/03\/arroz-na-panela-de-pressao\/","url_meta":{"origin":8999,"position":4},"title":"Arroz na Panela de Press\u00e3o?","date":"Outubro 3, 2019","format":false,"excerpt":"J\u00e1 fizeram arroz na panela de press\u00e3o? Pois \u00e9, funciona e era bem comum em outra \u00e9poca, quando a infla\u00e7\u00e3o era galopante e todo mundo tentava economizar de tudo quanto \u00e9 jeito. No caso, senti saudade de uma \"jambalaya\" que comia no Jap\u00e3o. N\u00e3o, n\u00e3o era bem uma jambalaya, era\u2026","rel":"","context":"In &quot;Cozinha do Desespero&quot;","img":{"alt_text":"","src":"https:\/\/i0.wp.com\/marisaono.com\/delicia\/wp-content\/uploads\/jambalaya-de-panela-de-press\u00e3o-e1569868481686.jpg?resize=350%2C200&ssl=1","width":350,"height":200},"classes":[]},{"id":6565,"url":"https:\/\/marisaono.com\/delicia\/2013\/09\/30\/cabrito-em-duas-versoes-com-curry-e-com-alho-negro\/","url_meta":{"origin":8999,"position":5},"title":"Cabrito em Duas Vers\u00f5es: Com Curry e Com Alho Negro","date":"Setembro 30, 2013","format":false,"excerpt":"Ganhei da Apris cortes de cabrito. \u00c9 uma carne que eu j\u00e1 havia provado e gostado, mas nunca cozinhei. Ao contr\u00e1rio do que pensava, \u00e9 uma carne saborosa e sem cheiros estranhos. Parti do stinco, ou seja, das canelas do cabrito. \u00c9 uma carne muito magra, mais rija e achei\u2026","rel":"","context":"In &quot;carnes.&quot;","img":{"alt_text":"","src":"https:\/\/i2.wp.com\/marisaono.com\/delicia\/wp-content\/uploads\/IMG_3128.jpg?resize=350%2C200&ssl=1","width":350,"height":200},"classes":[]}],"_links":{"self":[{"href":"https:\/\/marisaono.com\/delicia\/wp-json\/wp\/v2\/posts\/8999"}],"collection":[{"href":"https:\/\/marisaono.com\/delicia\/wp-json\/wp\/v2\/posts"}],"about":[{"href":"https:\/\/marisaono.com\/delicia\/wp-json\/wp\/v2\/types\/post"}],"author":[{"embeddable":true,"href":"https:\/\/marisaono.com\/delicia\/wp-json\/wp\/v2\/users\/1"}],"replies":[{"embeddable":true,"href":"https:\/\/marisaono.com\/delicia\/wp-json\/wp\/v2\/comments?post=8999"}],"version-history":[{"count":2,"href":"https:\/\/marisaono.com\/delicia\/wp-json\/wp\/v2\/posts\/8999\/revisions"}],"predecessor-version":[{"id":9002,"href":"https:\/\/marisaono.com\/delicia\/wp-json\/wp\/v2\/posts\/8999\/revisions\/9002"}],"wp:featuredmedia":[{"embeddable":true,"href":"https:\/\/marisaono.com\/delicia\/wp-json\/wp\/v2\/media\/9000"}],"wp:attachment":[{"href":"https:\/\/marisaono.com\/delicia\/wp-json\/wp\/v2\/media?parent=8999"}],"wp:term":[{"taxonomy":"category","embeddable":true,"href":"https:\/\/marisaono.com\/delicia\/wp-json\/wp\/v2\/categories?post=8999"},{"taxonomy":"post_tag","embeddable":true,"href":"https:\/\/marisaono.com\/delicia\/wp-json\/wp\/v2\/tags?post=8999"}],"curies":[{"name":"wp","href":"https:\/\/api.w.org\/{rel}","templated":true}]}}