{"id":9059,"date":"2016-07-10T01:18:18","date_gmt":"2016-07-10T04:18:18","guid":{"rendered":"http:\/\/marisaono.com\/delicia\/?p=9059"},"modified":"2016-07-10T01:18:18","modified_gmt":"2016-07-10T04:18:18","slug":"panc-na-city","status":"publish","type":"post","link":"https:\/\/marisaono.com\/delicia\/2016\/07\/10\/panc-na-city\/","title":{"rendered":"Panc na City"},"content":{"rendered":"<div class=\"translate_block\" style=\"display: none;\">\n<a class=\"translate_translate\" id=\"translate_button_post-9059\" lang=\"en\" xml:lang=\"en\" href=\"javascript:show_translate_popup('en', 'post', 9059);\">[Translate]<\/a><img src=\"https:\/\/marisaono.com\/delicia\/wp-content\/plugins\/google-ajax-translation\/transparent.gif\" id=\"translate_loading_post-9059\" class=\"translate_loading\" style=\"display: none;\" width=\"16\" height=\"16\" alt=\"\" \/>\n<hr class=\"translate_hr\" \/>\n<\/div>\n<div id=\"content_div-9059\">\n<p><img loading=\"lazy\" decoding=\"async\" class=\"alignnone size-full wp-image-9060\" src=\"http:\/\/marisaono.com\/delicia\/wp-content\/uploads\/CIMG0336-1.jpg\" alt=\"CIMG0336\" width=\"480\" height=\"360\" srcset=\"https:\/\/marisaono.com\/delicia\/wp-content\/uploads\/CIMG0336-1.jpg 480w, https:\/\/marisaono.com\/delicia\/wp-content\/uploads\/CIMG0336-1-360x270.jpg 360w\" sizes=\"(max-width: 480px) 100vw, 480px\" \/><\/p>\n<p>Segunda-feira foi dia de Panc na City com a Neide Rigo. Passeamos por cal\u00e7adas, parque, pra\u00e7a. Ouvimos, vimos, cheiramos, provamos frutas, folhas, sementes. Confesso que n\u00e3o anotei, tirei poucas fotos. Eu estava mais interessada na experi\u00eancia. E tenho dificuldade em fazer tantas coisas ao mesmo tempo.<\/p>\n<p><img loading=\"lazy\" decoding=\"async\" class=\"alignnone size-full wp-image-9062\" src=\"http:\/\/marisaono.com\/delicia\/wp-content\/uploads\/CIMG0326-1.jpg\" alt=\"CIMG0326\" width=\"360\" height=\"480\" srcset=\"https:\/\/marisaono.com\/delicia\/wp-content\/uploads\/CIMG0326-1.jpg 360w, https:\/\/marisaono.com\/delicia\/wp-content\/uploads\/CIMG0326-1-203x270.jpg 203w\" sizes=\"(max-width: 360px) 100vw, 360px\" \/><\/p>\n<p>Temos uma terra aben\u00e7oada, onde comida literalmente brota da cal\u00e7ada.<\/p>\n<p><img loading=\"lazy\" decoding=\"async\" class=\"alignnone size-full wp-image-9063\" src=\"http:\/\/marisaono.com\/delicia\/wp-content\/uploads\/CIMG0327.jpg\" alt=\"CIMG0327\" width=\"360\" height=\"480\" srcset=\"https:\/\/marisaono.com\/delicia\/wp-content\/uploads\/CIMG0327.jpg 360w, https:\/\/marisaono.com\/delicia\/wp-content\/uploads\/CIMG0327-203x270.jpg 203w\" sizes=\"(max-width: 360px) 100vw, 360px\" \/><\/p>\n<p>A horta comunit\u00e1ria na Lapa foi uma maneira de limpar um terreno, evitar o descarte irregular de lixo e dar um fim mais nobre ao peda\u00e7o de terra. Eu havia ido l\u00e1 h\u00e1 um bom tempo, ainda havia entulho para ser retirado na cal\u00e7ada, naquela \u00e9poca. Foi um trabalho grande.<\/p>\n<p><img loading=\"lazy\" decoding=\"async\" class=\"alignnone size-full wp-image-9064\" src=\"http:\/\/marisaono.com\/delicia\/wp-content\/uploads\/CIMG0331.jpg\" alt=\"CIMG0331\" width=\"480\" height=\"360\" srcset=\"https:\/\/marisaono.com\/delicia\/wp-content\/uploads\/CIMG0331.jpg 480w, https:\/\/marisaono.com\/delicia\/wp-content\/uploads\/CIMG0331-360x270.jpg 360w\" sizes=\"(max-width: 480px) 100vw, 480px\" \/><\/p>\n<p>Mas o Panc na City n\u00e3o se restringe apenas \u00e0 procurar plantas aliment\u00edcias n\u00e3o convencionais. No meio do caminho, pode ter uma cerejeira florida.<\/p>\n<p><img loading=\"lazy\" decoding=\"async\" class=\"alignnone size-full wp-image-9067\" src=\"http:\/\/marisaono.com\/delicia\/wp-content\/uploads\/CIMG0334.jpg\" alt=\"CIMG0334\" width=\"480\" height=\"360\" srcset=\"https:\/\/marisaono.com\/delicia\/wp-content\/uploads\/CIMG0334.jpg 480w, https:\/\/marisaono.com\/delicia\/wp-content\/uploads\/CIMG0334-360x270.jpg 360w\" sizes=\"(max-width: 480px) 100vw, 480px\" \/><\/p>\n<p>Ou azal\u00e9ias e um p\u00e9 de um\u00ea todo florido. N\u00e3o h\u00e1 uma meta exata, tudo que estive no meio do caminho faz parte da experi\u00eancia em observar a natureza dentro da cidade.<\/p>\n<p><img loading=\"lazy\" decoding=\"async\" class=\"alignnone size-full wp-image-9061\" src=\"http:\/\/marisaono.com\/delicia\/wp-content\/uploads\/CIMG0337.jpg\" alt=\"CIMG0337\" width=\"360\" height=\"480\" srcset=\"https:\/\/marisaono.com\/delicia\/wp-content\/uploads\/CIMG0337.jpg 360w, https:\/\/marisaono.com\/delicia\/wp-content\/uploads\/CIMG0337-203x270.jpg 203w\" sizes=\"(max-width: 360px) 100vw, 360px\" \/><\/p>\n<p>O almo\u00e7o tinha p\u00e3o de fermenta\u00e7\u00e3o natural, salada de mam\u00e3o verde, feij\u00e3o andu, banana verde, flores e folhas com xarope do fruto de sabugueiro, kombu ch\u00e1, umbu.<\/p>\n<p>Mesmo para mim, que tenho uma horta, que conhe\u00e7o muitos &#8220;matos&#8221;, que costumo comer plantas n\u00e3o convencionais (a conven\u00e7\u00e3o, ali\u00e1s, \u00e9 totalmente relativa; \u00e9 convencional aqui e agora, muitas plantas j\u00e1 foram consumidas em outras \u00e9pocas ou em outros lugares), foi um aprendizado. N\u00e3o conhecia muitas delas ou seu uso.<\/p>\n<p>Porqu\u00ea vale a pena? Al\u00e9m de ampliar o seu conceito de &#8220;comest\u00edvel&#8221;, h\u00e1 a experi\u00eancia de cheirar, ver. Desacelerar. Observar. Trocar impress\u00f5es. E conhecer pessoas tamb\u00e9m faz parte.<\/p>\n<p>E a cada esta\u00e7\u00e3o, o passeio trar\u00e1 coisas diferentes. Agora estamos no inverno. Na primavera ser\u00e3o outras plantas, outra paisagem, outro clima.<\/p>\n<p>Para mais fotos e detalhes do passeio, visitem o blog da Neide Rigo:<\/p>\n<p><a href=\"http:\/\/come-se.blogspot.com.br\/2016\/07\/pancnacity-de-04-de-julho-de-2014.html\" target=\"_blank\">http:\/\/come-se.blogspot.com.br\/2016\/07\/pancnacity-de-04-de-julho-de-2014.html<\/a><\/p>\n<p>E para saber quando ser\u00e1 o pr\u00f3ximo Panc na City, acho melhor entrar em contato com a pr\u00f3pria Neide:<\/p>\n<p>neide.rigo@gmail.com<\/p>\n<p>&nbsp;<\/p>\n<p>&nbsp;<\/p>\n<a href=\"https:\/\/www.freetellafriend.com\/tell\/?url=https%3A%2F%2Fmarisaono.com%2Fdelicia%2F2016%2F07%2F10%2Fpanc-na-city%2F&title=Panc+na+City\" onclick=\"window.open('https:\/\/www.freetellafriend.com\/tell\/?url=https%3A%2F%2Fmarisaono.com%2Fdelicia%2F2016%2F07%2F10%2Fpanc-na-city%2F&title=Panc+na+City', 'freetellafriend', 'scrollbars=1,menubar=0,width=617,height=530,resizable=1,toolbar=0,location=0,status=0,screenX=210,screenY=100,left=210,top=100'); return false;\" target=\"_blank\" title=\"Share This Post\"><img decoding=\"async\" src=\"http:\/\/marisaono.com\/delicia\/wp-content\/plugins\/tell-a-friend\/button.gif\" style=\"width:127px;height:16px;border:0px;\" alt=\"Share This Post\" title=\"Share This Post\" \/><\/a><\/div>\n","protected":false},"excerpt":{"rendered":"<p>[Translate] Segunda-feira foi dia de Panc na City com a Neide Rigo. Passeamos por cal\u00e7adas, parque, pra\u00e7a. Ouvimos, vimos, cheiramos, provamos frutas, folhas, sementes. Confesso que n\u00e3o anotei, tirei poucas fotos. Eu estava mais interessada na experi\u00eancia. E tenho dificuldade &hellip; <a href=\"https:\/\/marisaono.com\/delicia\/2016\/07\/10\/panc-na-city\/\">Continuar a ler <span class=\"meta-nav\">&rarr;<\/span><\/a><\/p>\n","protected":false},"author":1,"featured_media":9060,"comment_status":"open","ping_status":"open","sticky":false,"template":"","format":"standard","meta":{"spay_email":"","footnotes":"","jetpack_publicize_message":"","jetpack_is_tweetstorm":false},"categories":[98],"tags":[],"jetpack_featured_media_url":"https:\/\/marisaono.com\/delicia\/wp-content\/uploads\/CIMG0336-1.jpg","jetpack_publicize_connections":[],"jetpack_sharing_enabled":true,"jetpack_shortlink":"https:\/\/wp.me\/pccs7-2m7","jetpack-related-posts":[{"id":8013,"url":"https:\/\/marisaono.com\/delicia\/2014\/11\/17\/plantas-alimenticias-nao-convencionais-no-brasil\/","url_meta":{"origin":9059,"position":0},"title":"Plantas Aliment\u00edcias N\u00e3o Convencionais no Brasil","date":"Novembro 17, 2014","format":false,"excerpt":"Livro \u00e9 sempre bom. Ganhar livro, melhor ainda. Com dedicat\u00f3ria, ent\u00e3o, nem se fala. E quando o livro \u00e9 sobre um assunto interessante, que est\u00e1 relacionado com o seu dia-a-dia, com as coisas que andou ouvindo e lendo nos \u00faltimos dias, \u00e9 perfeito. O livro de Vandely Ferreira Kinupp e\u2026","rel":"","context":"In &quot;curiosidades&quot;","img":{"alt_text":"","src":"https:\/\/i1.wp.com\/marisaono.com\/delicia\/wp-content\/uploads\/IMG_5306.jpg?resize=350%2C200&ssl=1","width":350,"height":200},"classes":[]},{"id":351,"url":"https:\/\/marisaono.com\/delicia\/2008\/04\/08\/terra-bite\/","url_meta":{"origin":9059,"position":1},"title":"Terra Bite","date":"Abril 8, 2008","format":false,"excerpt":"O que voc\u00ea acharia de ir a um Caf\u00e9 que serve bebidas, sandu\u00edches, lanches e sobremesas? E que tamb\u00e9m tivesse conex\u00e3o wifi de gra\u00e7a? E consoles e jogos tamb\u00e9m de gra\u00e7a? E, na hora de pagar a conta, voc\u00ea pagasse o que acha justo ou simplesmente, n\u00e3o pagar nada? Absurdo?\u2026","rel":"","context":"In &quot;curiosidades&quot;","img":{"alt_text":"","src":"","width":0,"height":0},"classes":[]},{"id":2366,"url":"https:\/\/marisaono.com\/delicia\/2010\/06\/26\/partindo-macadamias\/","url_meta":{"origin":9059,"position":2},"title":"Partindo Macad\u00e2mias","date":"Junho 26, 2010","format":false,"excerpt":"Este \u00e9 um post que acho uma grande bobagem, mas vai que algu\u00e9m tenha encontrado macad\u00e2mias no supermercado ou na feira, se entusiasmado, levado as nozes para casa e agora esteja tentando descobrir como parti-las.\u00a0 Essa fruta, origin\u00e1ria da Austr\u00e1lia, tem uma das cascas mais duras (ou talvez a mais\u2026","rel":"","context":"In &quot;curiosidades&quot;","img":{"alt_text":"","src":"https:\/\/i1.wp.com\/marisaono.com\/delicia\/wp-content\/uploads\/Macadamia-3.jpg?resize=350%2C200&ssl=1","width":350,"height":200},"classes":[]},{"id":8060,"url":"https:\/\/marisaono.com\/delicia\/2014\/12\/03\/togan-subui-abobora-dagua\/","url_meta":{"origin":9059,"position":3},"title":"Togan, Subui, Ab\u00f3bora D'\u00e1gua","date":"Dezembro 3, 2014","format":false,"excerpt":"\u00a0 Creio que j\u00e1 comentei sobre esse cucurbit\u00e1cea. Encontrei na feira, pode ser oferecida com diversos nomes. Essa era arredondada mas h\u00e1 tamb\u00e9m uma variedade alongada, lembrando uma melancia Santa B\u00e1rbara. O feirante concordou em vender metade. N\u00e3o \u00e9 muito comum, geralmente querem que a gente leve ela inteira, mas\u2026","rel":"","context":"In &quot;Culin\u00e1ria japonesa&quot;","img":{"alt_text":"IMG_5339","src":"https:\/\/i1.wp.com\/marisaono.com\/delicia\/wp-content\/uploads\/IMG_53391.jpg?resize=350%2C200","width":350,"height":200},"classes":[]},{"id":1966,"url":"https:\/\/marisaono.com\/delicia\/2010\/02\/10\/caponata-com-alho-negro\/","url_meta":{"origin":9059,"position":4},"title":"Caponata com Alho Negro","date":"Fevereiro 10, 2010","format":false,"excerpt":"Finalmente a chuva diminuiu, temos tido dias de sol e noites com pancadas de chuva. Faz calor e as beringelas estavam dando sopa no balc\u00e3o da pia. Lembrei de\u00a0 uma receita do Chef Ochiai, mas n\u00e3o procurei. Lembrava-me que ele ia juntando ingredientes em uma frigideira grande e mexia eventualmente.\u2026","rel":"","context":"In &quot;acompanhamento&quot;","img":{"alt_text":"","src":"https:\/\/i0.wp.com\/marisaono.com\/delicia\/wp-content\/uploads\/Caponata-com-Alho-Negro.jpg?resize=350%2C200&ssl=1","width":350,"height":200},"classes":[]},{"id":3260,"url":"https:\/\/marisaono.com\/delicia\/2011\/06\/05\/rango-camp-2\/","url_meta":{"origin":9059,"position":5},"title":"Rango Camp","date":"Junho 5, 2011","format":false,"excerpt":"Carinho. Se fosse resumir em uma palavra, essa seria carinho. Recebi muito carinho de muitas \"@s\" (coisas do Twitter, onde cada usu\u00e1rio recebe uma arroba em frente ao seu nome, apelido, etc). Muito mais do que eu poderia retribuir. Todos que estavam l\u00e1 gostam de cozinhar, falar e escrever sobre\u2026","rel":"","context":"In &quot;Lugares&quot;","img":{"alt_text":"","src":"https:\/\/i1.wp.com\/marisaono.com\/delicia\/wp-content\/uploads\/IMG_5396.jpg?resize=350%2C200&ssl=1","width":350,"height":200},"classes":[]}],"_links":{"self":[{"href":"https:\/\/marisaono.com\/delicia\/wp-json\/wp\/v2\/posts\/9059"}],"collection":[{"href":"https:\/\/marisaono.com\/delicia\/wp-json\/wp\/v2\/posts"}],"about":[{"href":"https:\/\/marisaono.com\/delicia\/wp-json\/wp\/v2\/types\/post"}],"author":[{"embeddable":true,"href":"https:\/\/marisaono.com\/delicia\/wp-json\/wp\/v2\/users\/1"}],"replies":[{"embeddable":true,"href":"https:\/\/marisaono.com\/delicia\/wp-json\/wp\/v2\/comments?post=9059"}],"version-history":[{"count":1,"href":"https:\/\/marisaono.com\/delicia\/wp-json\/wp\/v2\/posts\/9059\/revisions"}],"predecessor-version":[{"id":9068,"href":"https:\/\/marisaono.com\/delicia\/wp-json\/wp\/v2\/posts\/9059\/revisions\/9068"}],"wp:featuredmedia":[{"embeddable":true,"href":"https:\/\/marisaono.com\/delicia\/wp-json\/wp\/v2\/media\/9060"}],"wp:attachment":[{"href":"https:\/\/marisaono.com\/delicia\/wp-json\/wp\/v2\/media?parent=9059"}],"wp:term":[{"taxonomy":"category","embeddable":true,"href":"https:\/\/marisaono.com\/delicia\/wp-json\/wp\/v2\/categories?post=9059"},{"taxonomy":"post_tag","embeddable":true,"href":"https:\/\/marisaono.com\/delicia\/wp-json\/wp\/v2\/tags?post=9059"}],"curies":[{"name":"wp","href":"https:\/\/api.w.org\/{rel}","templated":true}]}}