{"id":9285,"date":"2016-11-07T23:25:25","date_gmt":"2016-11-08T01:25:25","guid":{"rendered":"http:\/\/marisaono.com\/delicia\/?p=9285"},"modified":"2016-11-07T23:25:25","modified_gmt":"2016-11-08T01:25:25","slug":"a-industria-de-alimentos-e-inimiga-de-quem","status":"publish","type":"post","link":"https:\/\/marisaono.com\/delicia\/2016\/11\/07\/a-industria-de-alimentos-e-inimiga-de-quem\/","title":{"rendered":"A Ind\u00fastria de Alimentos \u00c9 Inimiga&#8230; De Quem?"},"content":{"rendered":"<div class=\"translate_block\" style=\"display: none;\">\n<a class=\"translate_translate\" id=\"translate_button_post-9285\" lang=\"en\" xml:lang=\"en\" href=\"javascript:show_translate_popup('en', 'post', 9285);\">[Translate]<\/a><img src=\"https:\/\/marisaono.com\/delicia\/wp-content\/plugins\/google-ajax-translation\/transparent.gif\" id=\"translate_loading_post-9285\" class=\"translate_loading\" style=\"display: none;\" width=\"16\" height=\"16\" alt=\"\" \/>\n<hr class=\"translate_hr\" \/>\n<\/div>\n<div id=\"content_div-9285\">\n<p>Com certa frequ\u00eancia leio coisas do tipo: &#8220;Comida industrializada \u00e9 lixo!&#8221;, &#8220;O produto X \u00e9 veneno!&#8221; e &#8220;Todo mundo deveria comer comida fresca!&#8221;<\/p>\n<p>Se pergunto porqu\u00ea, as respostas s\u00e3o vagas: &#8220;Porque cont\u00e9m muita qu\u00edmica&#8221; ou &#8220;Faz mal para a sa\u00fade&#8221;.<\/p>\n<p><strong>Vamos parar de pensar raso?<\/strong><\/p>\n<p>Tudo que vemos (e at\u00e9 umas coisas que n\u00e3o vemos, como o ar) pode ser decomposto em elementos qu\u00edmicos. Ent\u00e3o, <strong>qualquer coisa que comemos tem &#8220;Qu\u00edmica&#8221;<\/strong>. Se o receio \u00e9 dos conservantes, acidulantes e outras palavras que constam no r\u00f3tulo, \u00e9 uma quest\u00e3o de ler a respeito. Esses aditivos s\u00e3o regulados pela Anvisa e a ind\u00fastria n\u00e3o usa sem motivo. Creia, a ind\u00fastria de alimentos <strong>detesta gastos<\/strong>. Trabalhei por 16 anos em produ\u00e7\u00e3o industrial (aliment\u00edcia, pl\u00e1stica, automobil\u00edstica, eletr\u00f4nica) e sei que se puderem cortar um centavo, v\u00e3o. A ind\u00fastria n\u00e3o vai colocar uma coisa s\u00f3 porque ela \u00e9 &#8220;diab\u00f3lica&#8221;. Coloca porque \u00e9 obrigada, seja por exig\u00eancia da Anvisa, seja porque precisa manter o produto comest\u00edvel por um tempo X ou para melhorar o sabor e a apar\u00eancia. Sim, muitos aditivos est\u00e3o l\u00e1 para impedir que o <strong>alimento apodre\u00e7a ou desenvolva bact\u00e9rias nocivas<\/strong>.<\/p>\n<p>Faz mal para a sa\u00fade? Sim, pode fazer, sim. Existem pessoas al\u00e9rgicas a corantes, por exemplo. Alguns cont\u00e9m muito s\u00f3dio ou a\u00e7\u00facar, n\u00e3o \u00e9 sensato consumir todos os dias. Mas quer saber? Tem muita coisa &#8220;natural e fresca&#8221; que tamb\u00e9m pode fazer mal, como espinafre e couve cruas, noz-moscada em excesso \u00e9 veneno e, pensando bem, at\u00e9 \u00e1gua mata (n\u00e3o s\u00f3 por afogamento, ingerir uma <a href=\"http:\/\/www.nbcnews.com\/id\/16614865\/ns\/us_news-life\/t\/woman-dies-after-water-drinking-contest\/\" target=\"_blank\">quantidade enorme de \u00e1gua pode levar \u00e0 morte<\/a>).<\/p>\n<p>Ah, mas que o ideal seria que todos comessem produtos frescos, n\u00e9?<\/p>\n<p>Sim. Mas isso hoje \u00e9 imposs\u00edvel. Pelo menos em grandes centros urbanos.<\/p>\n<p>Se todo mundo resolvesse comer peixe fresco, por exemplo, em S\u00e3o Paulo, teriam que se contentar com 20 gramas (o Ceagesp negocia 200.000 kg de pescado por dia). N\u00e3o ia dar para todos. O mesmo aconteceria com o leite. Perceberam como h\u00e1 pouco leite refrigerado nos supermercados? Pois \u00e9. Carnes, tamb\u00e9m.<\/p>\n<p>A quest\u00e3o \u00e9 o abastecimento. Transportar, manter um produto fresco exige muito mais espa\u00e7o, energia para manter fresco e, mesmo assim, o tempo de prateleira \u00e9 curto. Ou seja, muita coisa iria para o lixo em 3, 4 dias.<\/p>\n<p>A ind\u00fastria de alimentos procura suprir uma necessidade. Ela est\u00e1 sempre atenta ao que acontece e como as pessoas vivem.<\/p>\n<p>H\u00e1 gente querendo comer. Gente que n\u00e3o tem tempo. Gente que gasta 2, 3 horas para sair de Embu e chegar no trabalho. Gente que vai ao supermercado uma vez por semana, que s\u00f3 faz feira de vez em quando. Essa gente tamb\u00e9m n\u00e3o consome muito g\u00e1s de cozinha (um botij\u00e3o dura, <a href=\"http:\/\/www.abragas.com.br\/consumo-per-capita-de-botijao-13-kg-cresce-321-em-5-anos\/\" target=\"_blank\">em m\u00e9dia, 42 dias<\/a>, por fam\u00edlia) e com esse \u00faltimo aumento, vai consumir menos ainda. \u00c9 l\u00f3gico que essas pessoas v\u00e3o optar por produtos que ficam prontos em pouco tempo.<\/p>\n<p>Est\u00e3o entendendo a quest\u00e3o? Ter produtos de r\u00e1pido preparo, longa vida na prateleira, a pre\u00e7os acess\u00edveis se tornou algo vital. Muita gente adoraria comer produtos frescos, org\u00e2nicos, gostosos mas n\u00e3o tem tempo nem dinheiro para tudo isso.<\/p>\n<p>A oferta de produtos frescos depende de uma pol\u00edtica de produ\u00e7\u00e3o de alimentos, passa pela log\u00edstica do transporte e ainda esbarra na quest\u00e3o cultural do consumidor. Comida \u00e9 cultura e n\u00e3o \u00e9 s\u00f3 a comida que est\u00e1 l\u00e1 no restaurante, ou l\u00e1 na Amaz\u00f4nia ou no interior distante do pa\u00eds. Temos uma cultura alimentar urbana. Muitos brasileiros, quando pensam em salada, pensam em alface, ignorando repolho, acelga, sals\u00e3o, almeir\u00e3o e outras tantas hortali\u00e7as. Ent\u00e3o \u00e9 preciso ter gente plantando alface, certo? Sim, mas para que exista interesse em plantar, \u00e9 tamb\u00e9m preciso que o agricultor possa viver disso. H\u00e1 pouco passaram trator em uma planta\u00e7\u00e3o de alfaces aqui perto. Motivo: <strong>estavam pagando R$2,00 a caixa de alfaces<\/strong>.<\/p>\n<p>Entenderam agora que &#8220;comer o fresco&#8221; n\u00e3o \u00e9 s\u00f3 uma quest\u00e3o de vontade pr\u00f3pria? Passa por pol\u00edtica, distribui\u00e7\u00e3o, abastecimento, cultura e condi\u00e7\u00e3o social (provavelmente esqueci de mais algum item).<\/p>\n<p>Ent\u00e3o, a ind\u00fastria de alimentos, n\u00e3o \u00e9 t\u00e3o inimiga assim. N\u00e3o digo que seja um anjo de candura, mas est\u00e1 a\u00ed porque existe uma necessidade. Ela tem o poder de mudar nossos h\u00e1bitos? Sim. Mas n\u00f3s tamb\u00e9m temos o poder de mud\u00e1-la. Bastou muita gente deixar de consumir leite por conta da intoler\u00e2ncia \u00e0 lactose e o que aconteceu? Surgiram leites, leite em p\u00f3, creme de leite, queijos, iogurtes, muitos produtos sem lactose. Existem linhas de produtos sem corantes artificiais. Com redu\u00e7\u00e3o de s\u00f3dio. Com pouca gordura. Sem gl\u00faten. Est\u00e3o muito atentos ao que queremos. Ent\u00e3o posso dizer que ela \u00e9 amiga dos cel\u00edacos, diab\u00e9ticos, intolerantes \u00e0 lactose e pessoas que precisam seguir uma dieta espec\u00edfica. E tamb\u00e9m \u00e9 amiga de quem gasta 4 horas ou mais indo e voltando do trabalho, que precisa fazer o botij\u00e3o de g\u00e1s durar 42 dias.<\/p>\n<p>&nbsp;<\/p>\n<p>&nbsp;<\/p>\n<p>&nbsp;<\/p>\n<p>&nbsp;<\/p>\n<p>&nbsp;<\/p>\n<a href=\"https:\/\/www.freetellafriend.com\/tell\/?url=https%3A%2F%2Fmarisaono.com%2Fdelicia%2F2016%2F11%2F07%2Fa-industria-de-alimentos-e-inimiga-de-quem%2F&title=A+Ind%C3%BAstria+de+Alimentos+%C3%89+Inimiga%26%238230%3B+De+Quem%3F\" onclick=\"window.open('https:\/\/www.freetellafriend.com\/tell\/?url=https%3A%2F%2Fmarisaono.com%2Fdelicia%2F2016%2F11%2F07%2Fa-industria-de-alimentos-e-inimiga-de-quem%2F&title=A+Ind%C3%BAstria+de+Alimentos+%C3%89+Inimiga%26%238230%3B+De+Quem%3F', 'freetellafriend', 'scrollbars=1,menubar=0,width=617,height=530,resizable=1,toolbar=0,location=0,status=0,screenX=210,screenY=100,left=210,top=100'); return false;\" target=\"_blank\" title=\"Share This Post\"><img decoding=\"async\" src=\"http:\/\/marisaono.com\/delicia\/wp-content\/plugins\/tell-a-friend\/button.gif\" style=\"width:127px;height:16px;border:0px;\" alt=\"Share This Post\" title=\"Share This Post\" \/><\/a><\/div>\n","protected":false},"excerpt":{"rendered":"<p>[Translate] Com certa frequ\u00eancia leio coisas do tipo: &#8220;Comida industrializada \u00e9 lixo!&#8221;, &#8220;O produto X \u00e9 veneno!&#8221; e &#8220;Todo mundo deveria comer comida fresca!&#8221; Se pergunto porqu\u00ea, as respostas s\u00e3o vagas: &#8220;Porque cont\u00e9m muita qu\u00edmica&#8221; ou &#8220;Faz mal para a &hellip; <a href=\"https:\/\/marisaono.com\/delicia\/2016\/11\/07\/a-industria-de-alimentos-e-inimiga-de-quem\/\">Continuar a ler <span class=\"meta-nav\">&rarr;<\/span><\/a><\/p>\n","protected":false},"author":1,"featured_media":0,"comment_status":"open","ping_status":"open","sticky":false,"template":"","format":"standard","meta":{"spay_email":"","footnotes":"","jetpack_publicize_message":"","jetpack_is_tweetstorm":false},"categories":[278],"tags":[],"jetpack_featured_media_url":"","jetpack_publicize_connections":[],"jetpack_sharing_enabled":true,"jetpack_shortlink":"https:\/\/wp.me\/pccs7-2pL","jetpack-related-posts":[{"id":207,"url":"https:\/\/marisaono.com\/delicia\/2008\/01\/29\/obrigada\/","url_meta":{"origin":9285,"position":0},"title":"Obrigada!","date":"Janeiro 29, 2008","format":false,"excerpt":"A cada dia o n\u00fameros de visitantes desse humilde blog aumentam. Eu n\u00e3o sei onde estou acertando ou errando. N\u00e3o sei quem s\u00e3o nem o que gostariam de ler aqui. Bem, talvez seja a hora de voc\u00eas me conhecerem melhor. Sou fluminense, nascida em Itagua\u00ed, de onde sa\u00ed com poucos\u2026","rel":"","context":"In &quot;cotidiano&quot;","img":{"alt_text":"","src":"","width":0,"height":0},"classes":[]},{"id":8324,"url":"https:\/\/marisaono.com\/delicia\/2015\/06\/04\/glutamato-monossodico\/","url_meta":{"origin":9285,"position":1},"title":"Glutamato Monoss\u00f3dico","date":"Junho 4, 2015","format":false,"excerpt":"Ontem duas pessoas pediram minha opini\u00e3o a respeito do glutamato monoss\u00f3dico. N\u00e3o sou m\u00e9dica, nem biom\u00e9dica, quem bioqu\u00edmica e essas pessoas sabem disso. Perguntaram minha opini\u00e3o porque sabem que cozinho sempre buscando o m\u00e1ximo de umami poss\u00edvel no prato e sabem do quanto eu pesquiso, leio e analiso. A pergunta\u2026","rel":"","context":"With 7 comments","img":{"alt_text":"","src":"","width":0,"height":0},"classes":[]},{"id":7464,"url":"https:\/\/marisaono.com\/delicia\/2014\/06\/02\/ovo-cozido-salgado\/","url_meta":{"origin":9285,"position":2},"title":"Ovo Cozido Salgado","date":"Junho 2, 2014","format":false,"excerpt":"Ind\u00fastria de ovo cozido? A conversa surgiu outro dia, expliquei que no Jap\u00e3o existem empresas que fazem... ovo cozido. E vendem em lojas de conveni\u00eancia. E quem compraria ovo cozido? Bem, muita gente. Porque l\u00e1 muita gente gosta de ovos cozidos, seja como lanche, seja no caf\u00e9 da manh\u00e3 (eles\u2026","rel":"","context":"In &quot;Culin\u00e1ria japonesa&quot;","img":{"alt_text":"IMG_4523","src":"https:\/\/i1.wp.com\/marisaono.com\/delicia\/wp-content\/uploads\/IMG_4523.jpg?resize=350%2C200","width":350,"height":200},"classes":[]},{"id":6873,"url":"https:\/\/marisaono.com\/delicia\/2013\/12\/06\/industrializados-de-qualidade\/","url_meta":{"origin":9285,"position":3},"title":"Industrializados de Qualidade","date":"Dezembro 6, 2013","format":false,"excerpt":"Quem eventualmente me l\u00ea por aqui pode at\u00e9 pensar que sou contra produtos industrializados, j\u00e1 que fa\u00e7o muita coisa em casa: miss\u00f4, diversos fermentados, embutidos, algumas carnes curadas, p\u00e3es, biscoitos, geleias, conservas. N\u00e3o \u00e9 bem assim. Em parte fa\u00e7o muitas conservas e fermentados por conta de um h\u00e1bito, de longa\u2026","rel":"","context":"In &quot;produtos.&quot;","img":{"alt_text":"","src":"https:\/\/i1.wp.com\/marisaono.com\/delicia\/wp-content\/uploads\/IMG_3749.jpg?resize=350%2C200&ssl=1","width":350,"height":200},"classes":[]},{"id":5444,"url":"https:\/\/marisaono.com\/delicia\/2012\/11\/14\/mesa-tendencias-2012\/","url_meta":{"origin":9285,"position":4},"title":"Mesa Tend\u00eancias 2012","date":"Novembro 14, 2012","format":false,"excerpt":"Mais do que ouvir a opini\u00e3o dos palestrantes, ver o preparo de algumas receitas, ter contato com ingredientes novos, para mim foi uma oportunidade de conversar. Sim, acabei passando mais tempo fora do audit\u00f3rio, ouvindo. Ouvindo sobre a dificuldade em se comprar peixe direto do pescador ou at\u00e9 mesmo encontrar\u2026","rel":"","context":"In &quot;Lugares&quot;","img":{"alt_text":"","src":"https:\/\/i2.wp.com\/marisaono.com\/delicia\/wp-content\/uploads\/IMG_1203.jpg?resize=350%2C200&ssl=1","width":350,"height":200},"classes":[]},{"id":9336,"url":"https:\/\/marisaono.com\/delicia\/2017\/01\/07\/sushi-salada\/","url_meta":{"origin":9285,"position":5},"title":"Sushi Salada","date":"Janeiro 7, 2017","format":false,"excerpt":"H\u00e1 25 anos eu estava trabalhando em uma ind\u00fastria de alimentos. Um dos pratos resfriados que faz\u00edamos no ver\u00e3o era uma tigela com arroz avinagrado, um pouco de maionese, alface cortada e uns acess\u00f3rios por cima que n\u00e3o me lembro bem (creio que ia ovos cozidos em rodelas). Era uma\u2026","rel":"","context":"In &quot;Culin\u00e1ria japonesa&quot;","img":{"alt_text":"","src":"https:\/\/i1.wp.com\/marisaono.com\/delicia\/wp-content\/uploads\/IMG_0785.jpg?resize=350%2C200&ssl=1","width":350,"height":200},"classes":[]}],"_links":{"self":[{"href":"https:\/\/marisaono.com\/delicia\/wp-json\/wp\/v2\/posts\/9285"}],"collection":[{"href":"https:\/\/marisaono.com\/delicia\/wp-json\/wp\/v2\/posts"}],"about":[{"href":"https:\/\/marisaono.com\/delicia\/wp-json\/wp\/v2\/types\/post"}],"author":[{"embeddable":true,"href":"https:\/\/marisaono.com\/delicia\/wp-json\/wp\/v2\/users\/1"}],"replies":[{"embeddable":true,"href":"https:\/\/marisaono.com\/delicia\/wp-json\/wp\/v2\/comments?post=9285"}],"version-history":[{"count":3,"href":"https:\/\/marisaono.com\/delicia\/wp-json\/wp\/v2\/posts\/9285\/revisions"}],"predecessor-version":[{"id":9308,"href":"https:\/\/marisaono.com\/delicia\/wp-json\/wp\/v2\/posts\/9285\/revisions\/9308"}],"wp:attachment":[{"href":"https:\/\/marisaono.com\/delicia\/wp-json\/wp\/v2\/media?parent=9285"}],"wp:term":[{"taxonomy":"category","embeddable":true,"href":"https:\/\/marisaono.com\/delicia\/wp-json\/wp\/v2\/categories?post=9285"},{"taxonomy":"post_tag","embeddable":true,"href":"https:\/\/marisaono.com\/delicia\/wp-json\/wp\/v2\/tags?post=9285"}],"curies":[{"name":"wp","href":"https:\/\/api.w.org\/{rel}","templated":true}]}}