{"id":9354,"date":"2017-01-22T23:40:15","date_gmt":"2017-01-23T01:40:15","guid":{"rendered":"http:\/\/marisaono.com\/delicia\/?p=9354"},"modified":"2017-01-22T23:40:15","modified_gmt":"2017-01-23T01:40:15","slug":"quando-o-peixe-selvagem-nao-e-saudavel","status":"publish","type":"post","link":"https:\/\/marisaono.com\/delicia\/2017\/01\/22\/quando-o-peixe-selvagem-nao-e-saudavel\/","title":{"rendered":"Quando O Peixe Selvagem N\u00e3o \u00c9 Saud\u00e1vel"},"content":{"rendered":"<div class=\"translate_block\" style=\"display: none;\">\n<a class=\"translate_translate\" id=\"translate_button_post-9354\" lang=\"en\" xml:lang=\"en\" href=\"javascript:show_translate_popup('en', 'post', 9354);\">[Translate]<\/a><img src=\"https:\/\/marisaono.com\/delicia\/wp-content\/plugins\/google-ajax-translation\/transparent.gif\" id=\"translate_loading_post-9354\" class=\"translate_loading\" style=\"display: none;\" width=\"16\" height=\"16\" alt=\"\" \/>\n<hr class=\"translate_hr\" \/>\n<\/div>\n<div id=\"content_div-9354\">\n<p>As pessoas andam muito apegadas \u00e0 ideia de que o &#8220;natural&#8221; e o &#8220;selvagem&#8221; \u00e9 melhor, \u00e9 saud\u00e1vel. Nem sempre.<\/p>\n<p><strong>Preparem-se, que isso provavelmente ser\u00e1 doloroso para muita gente.<\/strong><\/p>\n<p>Os oceanos acabaram virando uma grande lixeira do que produzimos. \u00c9 para l\u00e1 que v\u00e3o muitos res\u00edduos industriais, por exemplo. E muitos desses res\u00edduos cont\u00e9m subst\u00e2ncias altamente t\u00f3xicas. Vamos ficar s\u00f3 no merc\u00fario.<\/p>\n<p>O merc\u00fario vai parar nos mares, s\u00e3o absorvidos por crust\u00e1ceos, que depois s\u00e3o comidos por polvos ou peixes que v\u00e3o servir de alimentos para peixes ainda maiores. Um derrame de merc\u00fario n\u00e3o vai ser sentido de imediato. Para os humanos, o consumo de pescado contaminado com merc\u00fario pode levar anos para apresentar os primeiros sintomas, dependendo da quantidade ingerida e do tipo de pescado.<\/p>\n<p>O Desastre de Minamata levou mais de 20 anos para apresentar suas primeiras v\u00edtimas fatais. Hoje s\u00e3o milhares de pessoas que sofrem com a intoxica\u00e7\u00e3o e estima-se que dois milh\u00f5es estejam contaminadas.<\/p>\n<p>Para quem quiser ler mais sobre o Desastre de Minamata e como o merc\u00fario chega \u00e0 n\u00f3s, tem este artigo:<\/p>\n<p><a href=\"http:\/\/www.engquimicasantossp.com.br\/2014\/04\/desastre-da-baia-de-minamata.html\" target=\"_blank\">http:\/\/www.engquimicasantossp.com.br\/2014\/04\/desastre-da-baia-de-minamata.html<\/a><\/p>\n<p>O problema \u00e9 que o que aconteceu em Minamata est\u00e1 acontecendo em todo lugar. O merc\u00fario evapora, depois volta ao solo ou \u00e1gua sob forma de chuva. Peixes migram, alguns seguem correntes oce\u00e2nicas e podem estar em lugares distantes em poucos dias. Ou seja, \u00e9 dif\u00edcil dizer se o peixe que est\u00e1 no seu prato est\u00e1 contaminado ou n\u00e3o. O merc\u00fario n\u00e3o apresenta sabor. N\u00e3o vai fazer muita diferen\u00e7a se voc\u00ea consumi-lo cru ou cozido.<\/p>\n<p>As concentra\u00e7\u00f5es de merc\u00fario variam muito mas h\u00e1 um padr\u00e3o: <strong>\u00a0peixes grandes e que vivem mais t\u00eam taxas mais altas, como o meca, tubar\u00f5es e atuns.<\/strong><\/p>\n<p>Infelizmente o problema de contamina\u00e7\u00e3o pelo merc\u00fario n\u00e3o ocorre apenas nos mares. Aqui no Brasil, principalmente na regi\u00e3o norte, temos outro problema: os garimpos.<\/p>\n<p>A extra\u00e7\u00e3o de ouro na superf\u00edcie e em cursos d&#8217;\u00e1gua geralmente envolve o uso de merc\u00fario. Parte desse merc\u00fario \u00e9 recuperado, mas outra parte \u00e9 evaporada (ou seja, vai para o ar) e outra parte vai contaminar solos e cursos de \u00e1gua. A quantidade de merc\u00fario lan\u00e7ada no meio ambiente amaz\u00f4nico \u00e9 incerta. Algumas estimativas apontam para\u00a0cerca de\u00a0200 toneladas por ano. Claro que os garimpos n\u00e3o envolvem apenas o uso de merc\u00fario. A quantidade de detritos que \u00e9 lan\u00e7ada nos rios tamb\u00e9m afeta os n\u00edveis de oxigena\u00e7\u00e3o das \u00e1guas, exterminando fauna e flora local, entre outros tantos impactos. Mas como disse, por enquanto ficaremos s\u00f3 no merc\u00fario.<\/p>\n<p>Para saber um pouco mais sobre o processo de extra\u00e7\u00e3o de ouro e o uso do merc\u00fario, tem este artigo:<\/p>\n<p><a href=\"http:\/\/www.periodicos.ufpa.br\/index.php\/ncn\/article\/download\/14\/13\" target=\"_blank\">www.periodicos.ufpa.br\/index.php\/ncn\/article\/download\/14\/13<\/a><\/p>\n<p><strong>Novamente as concentra\u00e7\u00f5es de merc\u00fario s\u00e3o maiores em peixes que vivem mais e que s\u00e3o predadores, como no caso da dourada e do filhote<\/strong>. Apesar de ainda estarem dentro dos n\u00edveis permitidos pelos \u00f3rg\u00e3os brasileiros, em alguns casos ainda assim \u00e9 considerado alto. Volto a repetir, a contamina\u00e7\u00e3o por merc\u00fario pode levar anos para se manifestar.<\/p>\n<p>Uma pesquisa feita com os peixes da regi\u00e3o amaz\u00f4nica:<\/p>\n<p><a href=\"http:\/\/www.ablimno.org.br\/boletins\/pdf\/bol_41_1-4.pdf\" target=\"_blank\">http:\/\/www.ablimno.org.br\/boletins\/pdf\/bol_41_1-4.pdf<\/a><\/p>\n<p>Portanto, <strong>vamos parar de repetir o mantra &#8220;o selvagem \u00e9 melhor&#8221;?<\/strong> Porque tudo, tudo, tudo mesmo \u00e9 muito relativo.<\/p>\n<p>No caso do pescado, em geral, quanto menor, melhor. Peixes que vivem pouco e de menor porte como sardinhas ou til\u00e1pias s\u00e3o op\u00e7\u00f5es mais seguras, por exemplo, em rela\u00e7\u00e3o a peixes maiores e predadores. E quanto ao merc\u00fario, na maioria das vezes, n\u00e3o h\u00e1 diferen\u00e7a significativa entre o peixe cultivado e o selvagem. No entanto, o cultivado, em muitos casos, tem um benef\u00edcio extra: diminui a press\u00e3o sobre uma esp\u00e9cie que sofre com a sobrepesca ou seja, uma esp\u00e9cie sob risco, mas isso \u00e9 um assunto para outro dia.<\/p>\n<p>O consumo de peixes de grande porte deve ser restrito a poucas por\u00e7\u00f5es por m\u00eas. A quantidade varia conforme o seu peso; crian\u00e7as devem receber por\u00e7\u00f5es menores e menos vezes por ano. \u00a0Em caso de gravidez, a sugest\u00e3o dos especialistas \u00e9 evitar.<\/p>\n<p>&nbsp;<\/p>\n<p>&nbsp;<\/p>\n<a href=\"https:\/\/www.freetellafriend.com\/tell\/?url=https%3A%2F%2Fmarisaono.com%2Fdelicia%2F2017%2F01%2F22%2Fquando-o-peixe-selvagem-nao-e-saudavel%2F&title=Quando+O+Peixe+Selvagem+N%C3%A3o+%C3%89+Saud%C3%A1vel\" onclick=\"window.open('https:\/\/www.freetellafriend.com\/tell\/?url=https%3A%2F%2Fmarisaono.com%2Fdelicia%2F2017%2F01%2F22%2Fquando-o-peixe-selvagem-nao-e-saudavel%2F&title=Quando+O+Peixe+Selvagem+N%C3%A3o+%C3%89+Saud%C3%A1vel', 'freetellafriend', 'scrollbars=1,menubar=0,width=617,height=530,resizable=1,toolbar=0,location=0,status=0,screenX=210,screenY=100,left=210,top=100'); return false;\" target=\"_blank\" title=\"Share This Post\"><img decoding=\"async\" src=\"http:\/\/marisaono.com\/delicia\/wp-content\/plugins\/tell-a-friend\/button.gif\" style=\"width:127px;height:16px;border:0px;\" alt=\"Share This Post\" title=\"Share This Post\" \/><\/a><\/div>\n","protected":false},"excerpt":{"rendered":"<p>[Translate] As pessoas andam muito apegadas \u00e0 ideia de que o &#8220;natural&#8221; e o &#8220;selvagem&#8221; \u00e9 melhor, \u00e9 saud\u00e1vel. Nem sempre. Preparem-se, que isso provavelmente ser\u00e1 doloroso para muita gente. Os oceanos acabaram virando uma grande lixeira do que produzimos. &hellip; <a href=\"https:\/\/marisaono.com\/delicia\/2017\/01\/22\/quando-o-peixe-selvagem-nao-e-saudavel\/\">Continuar a ler <span class=\"meta-nav\">&rarr;<\/span><\/a><\/p>\n","protected":false},"author":1,"featured_media":0,"comment_status":"open","ping_status":"open","sticky":false,"template":"","format":"standard","meta":{"spay_email":"","footnotes":"","jetpack_publicize_message":"","jetpack_is_tweetstorm":false},"categories":[278],"tags":[],"jetpack_featured_media_url":"","jetpack_publicize_connections":[],"jetpack_sharing_enabled":true,"jetpack_shortlink":"https:\/\/wp.me\/pccs7-2qS","jetpack-related-posts":[{"id":6316,"url":"https:\/\/marisaono.com\/delicia\/2013\/07\/22\/pressa-preguica-falta-de-bom-senso-e-desinformacao\/","url_meta":{"origin":9354,"position":0},"title":"Pressa, Pregui\u00e7a, Falta de Bom-Senso e Desinforma\u00e7\u00e3o","date":"Julho 22, 2013","format":false,"excerpt":"\u00a0 A internet transformou a informa\u00e7\u00e3o em algo instant\u00e2neo. Uma not\u00edcia \u00e9 compartilhada praticamente \u00e0 velocidade da luz. H\u00e1 um lado bom, claro. Mas h\u00e1 um lado muito danoso. E nem \u00e9 culpa da internet, \u00e9 do usu\u00e1rio e, eventualmente, de quem gera a informa\u00e7\u00e3o. Tenho recebido via e-mail e\u2026","rel":"","context":"In &quot;cotidiano&quot;","img":{"alt_text":"","src":"https:\/\/i0.wp.com\/marisaono.com\/delicia\/wp-content\/uploads\/Captura-de-tela-inteira-21072013-215056.jpg?resize=350%2C200&ssl=1","width":350,"height":200},"classes":[]},{"id":7919,"url":"https:\/\/marisaono.com\/delicia\/2014\/10\/10\/pensando-fora-da-caixa\/","url_meta":{"origin":9354,"position":1},"title":"Pensando Fora da Caixa","date":"Outubro 10, 2014","format":false,"excerpt":"Outro dia disseram-me que eu fa\u00e7o as pessoas \"pensarem fora da caixa\". Gostei do elogio. Mas muito do que apresento n\u00e3o \u00e9 original. Por conta de diferen\u00e7as culturais, uma coisa corriqueira para mim pode ser novidade para outro. Como sou curiosa por natureza, procuro, pesquiso, pergunto e apresento alguma coisa\u2026","rel":"","context":"In &quot;produtos.&quot;","img":{"alt_text":"","src":"","width":0,"height":0},"classes":[]},{"id":7848,"url":"https:\/\/marisaono.com\/delicia\/2014\/09\/21\/8-paladar-cozinha-do-brasil\/","url_meta":{"origin":9354,"position":2},"title":"8\u00b0 Paladar - Cozinha do Brasil","date":"Setembro 21, 2014","format":false,"excerpt":"Este ano assisti a poucas aulas e palestras no Paladar. Foram s\u00f3 quatro. Mas ainda assim foram muito proveitosas. Ali\u00e1s, \u00e9 sempre bom ouvir o que bons cozinheiros t\u00eam para dizer. S\u00e3o pessoas curiosas, que buscam informa\u00e7\u00e3o, ingredientes, pesquisam, t\u00eam experi\u00eancias e viv\u00eancias. Agenor Maia, Helena Rizzo e Rodrigo Oliveira\u2026","rel":"","context":"In &quot;Lugares&quot;","img":{"alt_text":"","src":"https:\/\/i2.wp.com\/marisaono.com\/delicia\/wp-content\/uploads\/IMG_5068.jpg?resize=350%2C200&ssl=1","width":350,"height":200},"classes":[]},{"id":5409,"url":"https:\/\/marisaono.com\/delicia\/2012\/11\/09\/semana-mesa-sp-2012-dia-0611\/","url_meta":{"origin":9354,"position":3},"title":"Semana Mesa SP 2012 - Dia 06\/11","date":"Novembro 9, 2012","format":false,"excerpt":"Antes de tudo, vou explicar a foto acima, minha ao lado de Thomas Troisgros e Roberta Sudbrack. Minha m\u00e3e vive reclamando que eu tiro fotos, converso com chefs famosos, mas nunca tiro uma foto ao lado deles. Atendi ao pedido dela. Provavelmente n\u00e3o irei repetir isso com muita frequ\u00eancia, n\u00e3o\u2026","rel":"","context":"In &quot;Lugares&quot;","img":{"alt_text":"","src":"https:\/\/i0.wp.com\/marisaono.com\/delicia\/wp-content\/uploads\/IMG_1127.jpg?resize=350%2C200&ssl=1","width":350,"height":200},"classes":[]},{"id":2996,"url":"https:\/\/marisaono.com\/delicia\/2011\/01\/24\/aji-maio-misoyaki\/","url_meta":{"origin":9354,"position":4},"title":"Aji Maio-Misoyaki","date":"Janeiro 24, 2011","format":false,"excerpt":"Notei que n\u00e3o tenho publicado muitas receitas de peixes. Bem, ainda estamos no defeso - que vai at\u00e9 15 de fevereiro, se n\u00e3o me engano - e a oferta de peixes frescos n\u00e3o \u00e9 t\u00e3o boa. Ainda assim, pescados fazem parte do meu card\u00e1pio, mesmo que eventualmente. Novamente apelo para\u2026","rel":"","context":"In &quot;Cozinha do Desespero&quot;","img":{"alt_text":"","src":"https:\/\/i0.wp.com\/marisaono.com\/delicia\/wp-content\/uploads\/aji-maio-misoyaki-1.jpg?resize=350%2C200&ssl=1","width":350,"height":200},"classes":[]},{"id":4921,"url":"https:\/\/marisaono.com\/delicia\/2012\/06\/17\/pescada-bicuda\/","url_meta":{"origin":9354,"position":5},"title":"Pescada Bicuda","date":"Junho 17, 2012","format":false,"excerpt":"Encontrei essa figura na feira, outro dia. N\u00e3o a via j\u00e1 h\u00e1 algum tempo. Chamam de pescada bicuda, bicudo. Com essa cara, d\u00e1 para entender porqu\u00ea. \u00a0Comprei a R$5,00\/kg e 3 peixes renderam quase 1,5 kg. O corpo \u00e9 cil\u00edndrico e longo (uns 40 cm) e o rendimento \u00e9 muito\u2026","rel":"","context":"In &quot;Prato principal&quot;","img":{"alt_text":"","src":"https:\/\/i1.wp.com\/marisaono.com\/delicia\/wp-content\/uploads\/CIMG1204.jpg?resize=350%2C200&ssl=1","width":350,"height":200},"classes":[]}],"_links":{"self":[{"href":"https:\/\/marisaono.com\/delicia\/wp-json\/wp\/v2\/posts\/9354"}],"collection":[{"href":"https:\/\/marisaono.com\/delicia\/wp-json\/wp\/v2\/posts"}],"about":[{"href":"https:\/\/marisaono.com\/delicia\/wp-json\/wp\/v2\/types\/post"}],"author":[{"embeddable":true,"href":"https:\/\/marisaono.com\/delicia\/wp-json\/wp\/v2\/users\/1"}],"replies":[{"embeddable":true,"href":"https:\/\/marisaono.com\/delicia\/wp-json\/wp\/v2\/comments?post=9354"}],"version-history":[{"count":1,"href":"https:\/\/marisaono.com\/delicia\/wp-json\/wp\/v2\/posts\/9354\/revisions"}],"predecessor-version":[{"id":9355,"href":"https:\/\/marisaono.com\/delicia\/wp-json\/wp\/v2\/posts\/9354\/revisions\/9355"}],"wp:attachment":[{"href":"https:\/\/marisaono.com\/delicia\/wp-json\/wp\/v2\/media?parent=9354"}],"wp:term":[{"taxonomy":"category","embeddable":true,"href":"https:\/\/marisaono.com\/delicia\/wp-json\/wp\/v2\/categories?post=9354"},{"taxonomy":"post_tag","embeddable":true,"href":"https:\/\/marisaono.com\/delicia\/wp-json\/wp\/v2\/tags?post=9354"}],"curies":[{"name":"wp","href":"https:\/\/api.w.org\/{rel}","templated":true}]}}