{"id":9429,"date":"2017-05-13T21:20:02","date_gmt":"2017-05-14T00:20:02","guid":{"rendered":"http:\/\/marisaono.com\/delicia\/?p=9429"},"modified":"2017-05-13T21:20:02","modified_gmt":"2017-05-14T00:20:02","slug":"aproveitando-bem-o-salsao","status":"publish","type":"post","link":"https:\/\/marisaono.com\/delicia\/2017\/05\/13\/aproveitando-bem-o-salsao\/","title":{"rendered":"Aproveitando Bem O Sals\u00e3o"},"content":{"rendered":"<div class=\"translate_block\" style=\"display: none;\">\n<a class=\"translate_translate\" id=\"translate_button_post-9429\" lang=\"en\" xml:lang=\"en\" href=\"javascript:show_translate_popup('en', 'post', 9429);\">[Translate]<\/a><img src=\"https:\/\/marisaono.com\/delicia\/wp-content\/plugins\/google-ajax-translation\/transparent.gif\" id=\"translate_loading_post-9429\" class=\"translate_loading\" style=\"display: none;\" width=\"16\" height=\"16\" alt=\"\" \/>\n<hr class=\"translate_hr\" \/>\n<\/div>\n<div id=\"content_div-9429\">\n<p><img loading=\"lazy\" decoding=\"async\" class=\"alignnone size-full wp-image-9430\" src=\"http:\/\/marisaono.com\/delicia\/wp-content\/uploads\/IMG_0914.jpg\" alt=\"\" width=\"600\" height=\"450\" srcset=\"https:\/\/marisaono.com\/delicia\/wp-content\/uploads\/IMG_0914.jpg 600w, https:\/\/marisaono.com\/delicia\/wp-content\/uploads\/IMG_0914-360x270.jpg 360w\" sizes=\"(max-width: 600px) 100vw, 600px\" \/><\/p>\n<p>Um sals\u00e3o aqui para n\u00f3s \u00e9 muito. N\u00e3o costumo come-lo em saladas. Quando compro, geralmente \u00e9 para ser utilizado em caldos ou molhos. Sim, uso mais como tempero.<\/p>\n<p>Separo os talos das folhas mais escuras. Os talos, os talos centrais e as folhas mais tenras s\u00e3o picados. Costumo refogar com um pouco de \u00f3leo e congelar. Tamb\u00e9m posso refogar com cebolas e cenouras, at\u00e9 tudo ficar macio e congelar. Esse refogado vai para sopas, molhos, carne ensopada. D\u00e1 um toque extra quando a gente enjoa do velho sabor de sempre e agiliza a sopinha da noite. N\u00e3o \u00e9 raro eu fazer uma sopa s\u00f3 com um pouco de sals\u00e3o, cebola refogados e um pouco de repolho e tomate.<\/p>\n<p>As folhas tamb\u00e9m congelo. Quando sinto que quero um sabor um pouco mais profundo, junto uma folhinha ou duas. N\u00e3o fica com gosto de sals\u00e3o, \u00e9 algo suave. Muita gente n\u00e3o usa as folhas ou s\u00f3 usa em tempuras. Mas as folhinhas d\u00e3o um certo &#8220;kokumi&#8221; ao prato. Falei sobre essa &#8220;sensa\u00e7\u00e3o&#8221; aqui:\u00a0<a href=\"http:\/\/marisaono.com\/delicia\/2015\/12\/06\/kokumi\/\" target=\"_blank\" rel=\"noopener noreferrer\">http:\/\/marisaono.com\/delicia\/2015\/12\/06\/kokumi\/<\/a><\/p>\n<p>&nbsp;<\/p>\n<p>&nbsp;<\/p>\n<a href=\"https:\/\/www.freetellafriend.com\/tell\/?url=https%3A%2F%2Fmarisaono.com%2Fdelicia%2F2017%2F05%2F13%2Faproveitando-bem-o-salsao%2F&title=Aproveitando+Bem+O+Sals%C3%A3o\" onclick=\"window.open('https:\/\/www.freetellafriend.com\/tell\/?url=https%3A%2F%2Fmarisaono.com%2Fdelicia%2F2017%2F05%2F13%2Faproveitando-bem-o-salsao%2F&title=Aproveitando+Bem+O+Sals%C3%A3o', 'freetellafriend', 'scrollbars=1,menubar=0,width=617,height=530,resizable=1,toolbar=0,location=0,status=0,screenX=210,screenY=100,left=210,top=100'); return false;\" target=\"_blank\" title=\"Share This Post\"><img decoding=\"async\" src=\"http:\/\/marisaono.com\/delicia\/wp-content\/plugins\/tell-a-friend\/button.gif\" style=\"width:127px;height:16px;border:0px;\" alt=\"Share This Post\" title=\"Share This Post\" \/><\/a><\/div>\n","protected":false},"excerpt":{"rendered":"<p>[Translate] Um sals\u00e3o aqui para n\u00f3s \u00e9 muito. N\u00e3o costumo come-lo em saladas. Quando compro, geralmente \u00e9 para ser utilizado em caldos ou molhos. Sim, uso mais como tempero. Separo os talos das folhas mais escuras. Os talos, os talos &hellip; <a href=\"https:\/\/marisaono.com\/delicia\/2017\/05\/13\/aproveitando-bem-o-salsao\/\">Continuar a ler <span class=\"meta-nav\">&rarr;<\/span><\/a><\/p>\n","protected":false},"author":1,"featured_media":9430,"comment_status":"open","ping_status":"open","sticky":false,"template":"","format":"standard","meta":{"spay_email":"","footnotes":"","jetpack_publicize_message":"","jetpack_is_tweetstorm":false},"categories":[17,256],"tags":[85],"jetpack_featured_media_url":"https:\/\/marisaono.com\/delicia\/wp-content\/uploads\/IMG_0914.jpg","jetpack_publicize_connections":[],"jetpack_sharing_enabled":true,"jetpack_shortlink":"https:\/\/wp.me\/pccs7-2s5","jetpack-related-posts":[{"id":8081,"url":"https:\/\/marisaono.com\/delicia\/2014\/12\/07\/refogado-de-carne-salsao-e-pimentao\/","url_meta":{"origin":9429,"position":0},"title":"Refogado de Carne, Sals\u00e3o e Piment\u00e3o","date":"Dezembro 7, 2014","format":false,"excerpt":"Ontem eu estava lidando com um sals\u00e3o enorme. Geralmente j\u00e1 deixo um tanto refogado, separado em por\u00e7\u00f5es, para enriquecer um futuro ensopado ou caldo, guardado no congelador. E no meio da tarefa me dei conta que por aqui n\u00e3o temos o costume de comer sals\u00e3o refogado; ou vai no molho\u2026","rel":"","context":"In &quot;Prato principal&quot;","img":{"alt_text":"IMG_5374","src":"https:\/\/i0.wp.com\/marisaono.com\/delicia\/wp-content\/uploads\/IMG_53741.jpg?resize=350%2C200","width":350,"height":200},"classes":[]},{"id":5878,"url":"https:\/\/marisaono.com\/delicia\/2013\/03\/18\/cozinha-do-desespero-o-intensivao\/","url_meta":{"origin":9429,"position":1},"title":"Cozinha do Desespero - O Intensiv\u00e3o","date":"Mar\u00e7o 18, 2013","format":false,"excerpt":"Volta e meia me pedem ajuda ou sugest\u00f5es de como cozinhar todos os dias, mesmo trabalhando muito. Eu tenho 16 anos de experi\u00eancia nisso. No per\u00edodo que morei no Jap\u00e3o trabalhei muito. Eram de 12 a 14 horas di\u00e1rias. Juntando o tempo que eu gastava no tr\u00e2nsito, n\u00e3o sobrava muita\u2026","rel":"","context":"In &quot;Cozinha do Desespero&quot;","img":{"alt_text":"","src":"","width":0,"height":0},"classes":[]},{"id":2733,"url":"https:\/\/marisaono.com\/delicia\/2010\/09\/19\/sopa-de-abobora-do-desespero\/","url_meta":{"origin":9429,"position":2},"title":"Sopa de Ab\u00f3bora do Desespero","date":"Setembro 19, 2010","format":false,"excerpt":"Uma sopinha \u00e0 noite \u00e9 reconfortante. O problema \u00e9 que algumas d\u00e3o um trabalh\u00e3o para fazer. Para esta, usei de uns atalhos. Naquela \u00e9poca tenebrosa, na qual eu trabalhava 14 horas por dia ou mais, aprendi a adiantar algumas coisas. Costumava preparar um refogado \u00e0 base de cebola, cenoura e\u2026","rel":"","context":"In &quot;Cozinha do Desespero&quot;","img":{"alt_text":"","src":"https:\/\/i2.wp.com\/marisaono.com\/delicia\/wp-content\/uploads\/sopa-de-kabocha.jpg?resize=350%2C200&ssl=1","width":350,"height":200},"classes":[]},{"id":9474,"url":"https:\/\/marisaono.com\/delicia\/2017\/05\/25\/hayashi-rice-e-o-falso-demi-glace-sem-carne\/","url_meta":{"origin":9429,"position":3},"title":"Hayashi Rice E O Falso Demi Glace Sem Carne","date":"Maio 25, 2017","format":false,"excerpt":"Hayashi Rice \u00e9 um prato japon\u00eas, embora n\u00e3o pare\u00e7a. A origem \u00e9 incerta, uns afirmam que a receita original era feita com frango e n\u00e3o com carne. H\u00e1 quem diga tamb\u00e9m que a receita original n\u00e3o ia demi glace e sim sauce am\u00e9ricaine, que \u00e9 \u00e0 base de tomates, cebolas\u2026","rel":"","context":"In &quot;Culin\u00e1ria japonesa&quot;","img":{"alt_text":"","src":"https:\/\/i0.wp.com\/marisaono.com\/delicia\/wp-content\/uploads\/IMG_0948-1.jpg?resize=350%2C200&ssl=1","width":350,"height":200},"classes":[]},{"id":8771,"url":"https:\/\/marisaono.com\/delicia\/2015\/12\/06\/kokumi\/","url_meta":{"origin":9429,"position":4},"title":"Kokumi","date":"Dezembro 6, 2015","format":false,"excerpt":"Depois do umami, agora \u00e9 a vez do kokumi. Guardem essa express\u00e3o japonesa. Para o japon\u00eas, \u00e9 algo \u00f3bvio. Para traduzir em palavras, \u00e9 um pouco complicado, mas vamos ver se consigo. Um prato com kokumi tem um sabor e aromas equilibrados mas com persist\u00eancia (que o umami oferece) mas\u2026","rel":"","context":"In &quot;Culin\u00e1ria japonesa&quot;","img":{"alt_text":"","src":"","width":0,"height":0},"classes":[]},{"id":472,"url":"https:\/\/marisaono.com\/delicia\/2008\/06\/18\/kare\/","url_meta":{"origin":9429,"position":5},"title":"Kare","date":"Junho 18, 2008","format":false,"excerpt":"S\u00f3 hoje me dei conta que ainda n\u00e3o publiquei nenhuma receita de kare. Os primeiros currys datam de 1872. Era quase uma sopa, de cor amarela. O tempo passou e o curry virou kare, mais espesso, escuro, adocicado, que pouco lembra o curry indiano. A paix\u00e3o do japon\u00eas pelo curry\u2026","rel":"","context":"In &quot;Culin\u00e1ria japonesa&quot;","img":{"alt_text":"","src":"https:\/\/i0.wp.com\/marisaono.com\/delicia\/wp-content\/uploads\/2008\/06\/kare-1.jpg?resize=350%2C200&ssl=1","width":350,"height":200},"classes":[]}],"_links":{"self":[{"href":"https:\/\/marisaono.com\/delicia\/wp-json\/wp\/v2\/posts\/9429"}],"collection":[{"href":"https:\/\/marisaono.com\/delicia\/wp-json\/wp\/v2\/posts"}],"about":[{"href":"https:\/\/marisaono.com\/delicia\/wp-json\/wp\/v2\/types\/post"}],"author":[{"embeddable":true,"href":"https:\/\/marisaono.com\/delicia\/wp-json\/wp\/v2\/users\/1"}],"replies":[{"embeddable":true,"href":"https:\/\/marisaono.com\/delicia\/wp-json\/wp\/v2\/comments?post=9429"}],"version-history":[{"count":1,"href":"https:\/\/marisaono.com\/delicia\/wp-json\/wp\/v2\/posts\/9429\/revisions"}],"predecessor-version":[{"id":9432,"href":"https:\/\/marisaono.com\/delicia\/wp-json\/wp\/v2\/posts\/9429\/revisions\/9432"}],"wp:featuredmedia":[{"embeddable":true,"href":"https:\/\/marisaono.com\/delicia\/wp-json\/wp\/v2\/media\/9430"}],"wp:attachment":[{"href":"https:\/\/marisaono.com\/delicia\/wp-json\/wp\/v2\/media?parent=9429"}],"wp:term":[{"taxonomy":"category","embeddable":true,"href":"https:\/\/marisaono.com\/delicia\/wp-json\/wp\/v2\/categories?post=9429"},{"taxonomy":"post_tag","embeddable":true,"href":"https:\/\/marisaono.com\/delicia\/wp-json\/wp\/v2\/tags?post=9429"}],"curies":[{"name":"wp","href":"https:\/\/api.w.org\/{rel}","templated":true}]}}