{"id":9446,"date":"2017-05-13T22:44:24","date_gmt":"2017-05-14T01:44:24","guid":{"rendered":"http:\/\/marisaono.com\/delicia\/?p=9446"},"modified":"2017-05-13T22:44:24","modified_gmt":"2017-05-14T01:44:24","slug":"virada-cultural-no-sesc-belenzinho","status":"publish","type":"post","link":"https:\/\/marisaono.com\/delicia\/2017\/05\/13\/virada-cultural-no-sesc-belenzinho\/","title":{"rendered":"Virada Cultural no Sesc Belenzinho"},"content":{"rendered":"<div class=\"translate_block\" style=\"display: none;\">\n<a class=\"translate_translate\" id=\"translate_button_post-9446\" lang=\"en\" xml:lang=\"en\" href=\"javascript:show_translate_popup('en', 'post', 9446);\">[Translate]<\/a><img src=\"https:\/\/marisaono.com\/delicia\/wp-content\/plugins\/google-ajax-translation\/transparent.gif\" id=\"translate_loading_post-9446\" class=\"translate_loading\" style=\"display: none;\" width=\"16\" height=\"16\" alt=\"\" \/>\n<hr class=\"translate_hr\" \/>\n<\/div>\n<div id=\"content_div-9446\">\n<p>O tema da pr\u00f3xima virada cultural no Sesc Belenzinho ser\u00e1 o Jap\u00e3o. A programa\u00e7\u00e3o inclui apresenta\u00e7\u00f5es art\u00edsticas(dan\u00e7a, teatro, taiko, etc), exibi\u00e7\u00f5es de filmes do Kurosawa, oficinas e esta que vos escreve, falando sobre fermentados, desta vez dando um pouco mais de \u00eanfase nas bebidas. \u00c9 um assunto que gosto muito.<\/p>\n<p>Vai ser no dia 21, \u00e0s 10. \u00c9 gratuito mas n\u00e3o haver\u00e1 ingressos antecipados. Os interessados ter\u00e3o que chegar mais cedo e pegar o ingresso na hora. S\u00e3o 30 vagas.<\/p>\n<p>O link para informa\u00e7\u00f5es \u00e9 este:<\/p>\n<p><a href=\"https:\/\/www.sescsp.org.br\/programacao\/121695_FERMENTADOS+BEBIDAS+E+CONSERVAS\" target=\"_blank\" rel=\"noopener noreferrer\">https:\/\/www.sescsp.org.br\/programacao\/121695_FERMENTADOS+BEBIDAS+E+CONSERVAS<\/a><\/p>\n<p>E para a programa\u00e7\u00e3o completa da virada cultural no Sesc, o link \u00e9 este:<\/p>\n<p>https:\/\/www.sescsp.org.br\/programacao\/121621_SESC+NA+VIRADA+CULTURAL+2017#\/content=programacao<\/p>\n<a href=\"https:\/\/www.freetellafriend.com\/tell\/?url=https%3A%2F%2Fmarisaono.com%2Fdelicia%2F2017%2F05%2F13%2Fvirada-cultural-no-sesc-belenzinho%2F&title=Virada+Cultural+no+Sesc+Belenzinho\" onclick=\"window.open('https:\/\/www.freetellafriend.com\/tell\/?url=https%3A%2F%2Fmarisaono.com%2Fdelicia%2F2017%2F05%2F13%2Fvirada-cultural-no-sesc-belenzinho%2F&title=Virada+Cultural+no+Sesc+Belenzinho', 'freetellafriend', 'scrollbars=1,menubar=0,width=617,height=530,resizable=1,toolbar=0,location=0,status=0,screenX=210,screenY=100,left=210,top=100'); return false;\" target=\"_blank\" title=\"Share This Post\"><img decoding=\"async\" src=\"http:\/\/marisaono.com\/delicia\/wp-content\/plugins\/tell-a-friend\/button.gif\" style=\"width:127px;height:16px;border:0px;\" alt=\"Share This Post\" title=\"Share This Post\" \/><\/a><\/div>\n","protected":false},"excerpt":{"rendered":"<p>[Translate] O tema da pr\u00f3xima virada cultural no Sesc Belenzinho ser\u00e1 o Jap\u00e3o. A programa\u00e7\u00e3o inclui apresenta\u00e7\u00f5es art\u00edsticas(dan\u00e7a, teatro, taiko, etc), exibi\u00e7\u00f5es de filmes do Kurosawa, oficinas e esta que vos escreve, falando sobre fermentados, desta vez dando um pouco &hellip; <a href=\"https:\/\/marisaono.com\/delicia\/2017\/05\/13\/virada-cultural-no-sesc-belenzinho\/\">Continuar a ler <span class=\"meta-nav\">&rarr;<\/span><\/a><\/p>\n","protected":false},"author":1,"featured_media":0,"comment_status":"open","ping_status":"open","sticky":false,"template":"","format":"standard","meta":{"spay_email":"","footnotes":"","jetpack_publicize_message":"","jetpack_is_tweetstorm":false},"categories":[1],"tags":[],"jetpack_featured_media_url":"","jetpack_publicize_connections":[],"jetpack_sharing_enabled":true,"jetpack_shortlink":"https:\/\/wp.me\/pccs7-2sm","jetpack-related-posts":[{"id":9012,"url":"https:\/\/marisaono.com\/delicia\/2016\/06\/01\/fermentados-no-sesc-belenzinho\/","url_meta":{"origin":9446,"position":0},"title":"Fermentados no Sesc Belenzinho","date":"Junho 1, 2016","format":false,"excerpt":"No dia 16 pr\u00f3ximo falarei sobre meu assunto favorito: fermentados. Miso, tamari, conservas em borra de sake, shio-koji, shoyu-koji, ih, \u00e9 coisa \u00e0 be\u00e7a, ser\u00e3o 3 horas de atividade. E vai ser de gra\u00e7a. Mas \u00e9 preciso fazer a inscri\u00e7\u00e3o, que come\u00e7a amanh\u00e3. Mais informa\u00e7\u00f5es no site do Sesc Belenzinho:\u2026","rel":"","context":"In &quot;Lugares&quot;","img":{"alt_text":"","src":"","width":0,"height":0},"classes":[]},{"id":5264,"url":"https:\/\/marisaono.com\/delicia\/2012\/10\/08\/programas-de-outubro\/","url_meta":{"origin":9446,"position":1},"title":"Programas de Outubro","date":"Outubro 8, 2012","format":false,"excerpt":"Dia 16 de outubro \u00e9 o dia mundial da alimenta\u00e7\u00e3o. Nesse dia o Instituto Slow Food S\u00e3o Paulo promove o primeiro semin\u00e1rio Slow Food. Ser\u00e1 aberto ao p\u00fablico e gratuito, das 13 \u00e0s 18 horas, na C\u00e2mara Municipal de S\u00e3o Paulo \u2212 Audit\u00f3rio Prestes Maia (Viaduto. Jacare\u00ed, 100 - 1\u00ba\u2026","rel":"","context":"In &quot;dicas&quot;","img":{"alt_text":"","src":"","width":0,"height":0},"classes":[]},{"id":9017,"url":"https:\/\/marisaono.com\/delicia\/2016\/06\/18\/sesc-belenzinho-fermentados\/","url_meta":{"origin":9446,"position":2},"title":"Sesc Belenzinho - Fermentados","date":"Junho 18, 2016","format":false,"excerpt":"Quinta-feira passada pude falar sobre fermentados no Sesc Belenzinho. Como prometi aos participantes, aqui listo as receitas que faltaram: Miso passo-a-passo, s\u00f3 acrescento que uso cerca de 200 ml de vodka para 3 kg de massa pronta, sobretudo quando fa\u00e7o miso no ver\u00e3o. http:\/\/marisaono.com\/delicia\/2009\/09\/27\/misso-passo-a-passo\/ Conserva de Vegetais no Miso, a\u2026","rel":"","context":"In \"dashi\"","img":{"alt_text":"","src":"","width":0,"height":0},"classes":[]},{"id":10059,"url":"https:\/\/marisaono.com\/delicia\/2019\/09\/30\/agenda-9\/","url_meta":{"origin":9446,"position":3},"title":"Agenda","date":"Setembro 30, 2019","format":false,"excerpt":"Dia 6 de outubro vai ter outra turma de lamen aqui em casa e j\u00e1 restam s\u00f3 4 vagas. Quando: Dia 06 de outubro, domingo, das 10 \u00e0s 16 horas.Onde: Aqui em casa, pr\u00f3ximo ao Haras Setti e o campo de beisebol da Yakult em Ibi\u00fana.Receitas apresentadas: Massa, caldo \u00e0\u2026","rel":"","context":"Similar post","img":{"alt_text":"","src":"","width":0,"height":0},"classes":[]},{"id":10069,"url":"https:\/\/marisaono.com\/delicia\/2019\/10\/27\/as-receitas-da-oficina-do-sesc-pompeia\/","url_meta":{"origin":9446,"position":4},"title":"As Receitas da Oficina do Sesc Pomp\u00e9ia","date":"Outubro 27, 2019","format":false,"excerpt":"Na sexta passada falei sobre usos do miso. Ali\u00e1s, voc\u00eas sabem que a pasta de soja japonesa \u00e9 mais que tempero? \u00c9 alimento, \u00e9 conservante e \u00e9 tamb\u00e9m amaciante para carnes. Bem, para que o pessoal que foi n\u00e3o precisasse anotar, aqui v\u00e3o as receitas que usei l\u00e1: Pasta de\u2026","rel":"","context":"In &quot;Culin\u00e1ria japonesa&quot;","img":{"alt_text":"","src":"https:\/\/i1.wp.com\/marisaono.com\/delicia\/wp-content\/uploads\/sesc-pompeia-1.jpg?resize=350%2C200&ssl=1","width":350,"height":200},"classes":[]},{"id":11448,"url":"https:\/\/marisaono.com\/delicia\/2024\/10\/08\/agenda-de-cursos-2\/","url_meta":{"origin":9446,"position":5},"title":"Agenda de Cursos","date":"Outubro 8, 2024","format":false,"excerpt":"Tempura Quando: dia 19\/10, s\u00e1bado, das 11 \u00e0s 15 horas. Onde: Instituto S\u00e3o Paulo Antiga, Rua Cachoeira 691, no Belenzinho, S\u00e3o Paulo Receitas apresentadas: Tempura de legumes (kakiague), de ab\u00f3bora, batata doce e outros legumes dispon\u00edveis na data, de camar\u00e3o, ten-tsuyu (molho \u00e0 base de molho de soja e caldo\u2026","rel":"","context":"Similar post","img":{"alt_text":"","src":"https:\/\/i0.wp.com\/marisaono.com\/delicia\/wp-content\/uploads\/maxresdefault.jpg?resize=350%2C200&ssl=1","width":350,"height":200},"classes":[]}],"_links":{"self":[{"href":"https:\/\/marisaono.com\/delicia\/wp-json\/wp\/v2\/posts\/9446"}],"collection":[{"href":"https:\/\/marisaono.com\/delicia\/wp-json\/wp\/v2\/posts"}],"about":[{"href":"https:\/\/marisaono.com\/delicia\/wp-json\/wp\/v2\/types\/post"}],"author":[{"embeddable":true,"href":"https:\/\/marisaono.com\/delicia\/wp-json\/wp\/v2\/users\/1"}],"replies":[{"embeddable":true,"href":"https:\/\/marisaono.com\/delicia\/wp-json\/wp\/v2\/comments?post=9446"}],"version-history":[{"count":1,"href":"https:\/\/marisaono.com\/delicia\/wp-json\/wp\/v2\/posts\/9446\/revisions"}],"predecessor-version":[{"id":9447,"href":"https:\/\/marisaono.com\/delicia\/wp-json\/wp\/v2\/posts\/9446\/revisions\/9447"}],"wp:attachment":[{"href":"https:\/\/marisaono.com\/delicia\/wp-json\/wp\/v2\/media?parent=9446"}],"wp:term":[{"taxonomy":"category","embeddable":true,"href":"https:\/\/marisaono.com\/delicia\/wp-json\/wp\/v2\/categories?post=9446"},{"taxonomy":"post_tag","embeddable":true,"href":"https:\/\/marisaono.com\/delicia\/wp-json\/wp\/v2\/tags?post=9446"}],"curies":[{"name":"wp","href":"https:\/\/api.w.org\/{rel}","templated":true}]}}