{"id":9509,"date":"2017-06-05T23:12:49","date_gmt":"2017-06-06T02:12:49","guid":{"rendered":"http:\/\/marisaono.com\/delicia\/?p=9509"},"modified":"2017-06-05T23:12:49","modified_gmt":"2017-06-06T02:12:49","slug":"lamen-em-casa-2","status":"publish","type":"post","link":"https:\/\/marisaono.com\/delicia\/2017\/06\/05\/lamen-em-casa-2\/","title":{"rendered":"Lamen em Casa"},"content":{"rendered":"<div class=\"translate_block\" style=\"display: none;\">\n<a class=\"translate_translate\" id=\"translate_button_post-9509\" lang=\"en\" xml:lang=\"en\" href=\"javascript:show_translate_popup('en', 'post', 9509);\">[Translate]<\/a><img src=\"https:\/\/marisaono.com\/delicia\/wp-content\/plugins\/google-ajax-translation\/transparent.gif\" id=\"translate_loading_post-9509\" class=\"translate_loading\" style=\"display: none;\" width=\"16\" height=\"16\" alt=\"\" \/>\n<hr class=\"translate_hr\" \/>\n<\/div>\n<div id=\"content_div-9509\">\n<p><img loading=\"lazy\" decoding=\"async\" class=\"alignnone size-full wp-image-9510\" src=\"http:\/\/marisaono.com\/delicia\/wp-content\/uploads\/oficina-de-lamen.jpg\" alt=\"\" width=\"960\" height=\"960\" \/><\/p>\n<p>Para quem n\u00e3o veio ou n\u00e3o pode vir at\u00e9 aqui em casa no \u00faltimo domingo, algumas fotos do Shoyu Lamen, do Hokkaido Miso Lamen, dos ovos marinados e da massa feitas aqui no domingo passado.<\/p>\n<p>Fiquem de olho no blog (ou Facebook) para as pr\u00f3ximas datas.<\/p>\n<a href=\"https:\/\/www.freetellafriend.com\/tell\/?url=https%3A%2F%2Fmarisaono.com%2Fdelicia%2F2017%2F06%2F05%2Flamen-em-casa-2%2F&title=Lamen+em+Casa\" onclick=\"window.open('https:\/\/www.freetellafriend.com\/tell\/?url=https%3A%2F%2Fmarisaono.com%2Fdelicia%2F2017%2F06%2F05%2Flamen-em-casa-2%2F&title=Lamen+em+Casa', 'freetellafriend', 'scrollbars=1,menubar=0,width=617,height=530,resizable=1,toolbar=0,location=0,status=0,screenX=210,screenY=100,left=210,top=100'); return false;\" target=\"_blank\" title=\"Share This Post\"><img decoding=\"async\" src=\"http:\/\/marisaono.com\/delicia\/wp-content\/plugins\/tell-a-friend\/button.gif\" style=\"width:127px;height:16px;border:0px;\" alt=\"Share This Post\" title=\"Share This Post\" \/><\/a><\/div>\n","protected":false},"excerpt":{"rendered":"<p>[Translate] Para quem n\u00e3o veio ou n\u00e3o pode vir at\u00e9 aqui em casa no \u00faltimo domingo, algumas fotos do Shoyu Lamen, do Hokkaido Miso Lamen, dos ovos marinados e da massa feitas aqui no domingo passado. Fiquem de olho no &hellip; <a href=\"https:\/\/marisaono.com\/delicia\/2017\/06\/05\/lamen-em-casa-2\/\">Continuar a ler <span class=\"meta-nav\">&rarr;<\/span><\/a><\/p>\n","protected":false},"author":1,"featured_media":9510,"comment_status":"open","ping_status":"open","sticky":false,"template":"","format":"standard","meta":{"spay_email":"","footnotes":"","jetpack_publicize_message":"","jetpack_is_tweetstorm":false},"categories":[1],"tags":[],"jetpack_featured_media_url":"https:\/\/marisaono.com\/delicia\/wp-content\/uploads\/oficina-de-lamen-e1535924422256.jpg","jetpack_publicize_connections":[],"jetpack_sharing_enabled":true,"jetpack_shortlink":"https:\/\/wp.me\/pccs7-2tn","jetpack-related-posts":[{"id":9836,"url":"https:\/\/marisaono.com\/delicia\/2018\/07\/10\/agenda-lamen-e-defumados\/","url_meta":{"origin":9509,"position":0},"title":"Agenda: Lamen e Defumados","date":"Julho 10, 2018","format":false,"excerpt":"Lamen: Dias 29 e 30 de julho (domingo e segunda) Hor\u00e1rio: Das 10 \u00e0s 16 horas Local: Aqui em casa, em Ibi\u00fana, pr\u00f3ximo ao Haras Setti Receitas apresentadas: Duas massas para lamen, caldo base, molhos para o shoyu lamen e para o miso lamen, porco marinado (chashu), ovo marinado (aji\u2026","rel":"","context":"Similar post","img":{"alt_text":"","src":"","width":0,"height":0},"classes":[]},{"id":9977,"url":"https:\/\/marisaono.com\/delicia\/2019\/03\/27\/agenda-7\/","url_meta":{"origin":9509,"position":1},"title":"Agenda","date":"Mar\u00e7o 27, 2019","format":false,"excerpt":"Bem, estive um bom tempo sem publicar nada. \u00c9 que fiquei pelo menos 14 dias sem conex\u00e3o. Mais uns contratempos por aqui, uns aborrecimentos. Aqui v\u00e3o as datas dos pr\u00f3ximos cursos Lamen Quando: dia 14 de Abril (domingo), das 10 \u00e0s 16 horas Onde: Aqui em casa, pr\u00f3ximo ao Haras\u2026","rel":"","context":"Similar post","img":{"alt_text":"","src":"","width":0,"height":0},"classes":[]},{"id":9861,"url":"https:\/\/marisaono.com\/delicia\/2018\/09\/02\/agenda-de-setembro-lamen-e-defumados\/","url_meta":{"origin":9509,"position":2},"title":"Agenda de Setembro: Lamen e Defumados","date":"Setembro 2, 2018","format":false,"excerpt":"\u00a0 \u00a0 \u00a0 \u00a0 \u00a0 \u00a0 \u00a0 \u00a0 \u00a0 \u00a0 Quer aprender a fazer um shoyu lamen e um miso lamen, do caldo \u00e0 massa, passando por toda explica\u00e7\u00e3o sobre t\u00e9cnicas e insumos? Quando: Domingo, dia 16 de setembro, das 10 \u00e0s 16 horas, das 10 \u00e0s 16 horas Onde:\u2026","rel":"","context":"Similar post","img":{"alt_text":"","src":"https:\/\/i2.wp.com\/marisaono.com\/delicia\/wp-content\/uploads\/oficina-de-lamen-e1535924422256.jpg?resize=350%2C200","width":350,"height":200},"classes":[]},{"id":9523,"url":"https:\/\/marisaono.com\/delicia\/2017\/06\/18\/lamen-oficina-e-almoco-no-proximo-domingo\/","url_meta":{"origin":9509,"position":3},"title":"Lamen: Oficina e Almo\u00e7o no Pr\u00f3ximo Domingo","date":"Junho 18, 2017","format":false,"excerpt":"Que tal aprender a fazer 2 massas (uma tradicional e outra mais f\u00e1cil), caldo, ovos marinados, porco cozido, montar um shoyu lamen e um Hokkaido Miso Lamen? E depois comer tudo isto, com ch\u00e1 e uma sobremesa surpresa (porque nunca me planejo tanto, vai depender do clima do dia)? Onde:\u2026","rel":"","context":"Similar post","img":{"alt_text":"","src":"https:\/\/i2.wp.com\/marisaono.com\/delicia\/wp-content\/uploads\/oficina-de-lamen.jpg?resize=350%2C200","width":350,"height":200},"classes":[]},{"id":9931,"url":"https:\/\/marisaono.com\/delicia\/2018\/12\/02\/lamen-e-defumados\/","url_meta":{"origin":9509,"position":4},"title":"Lamen e Defumados","date":"Dezembro 2, 2018","format":false,"excerpt":"Os dois \u00faltimos cursos do ano s\u00e3o estes, depois, s\u00f3 ano que vem. Lamen: Quando: dia 9 de Dezembro (domingo), das 10 \u00e0s 16 horas, das 10 \u00e0s 16 horas Onde: Aqui em casa, pr\u00f3ximo ao Haras Setti e o campo de beisebol da Yakult em Ibi\u00fana. Receitas apresentadas: Duas\u2026","rel":"","context":"Similar post","img":{"alt_text":"","src":"https:\/\/i2.wp.com\/marisaono.com\/delicia\/wp-content\/uploads\/miso-lamen.jpg?resize=350%2C200","width":350,"height":200},"classes":[]},{"id":10036,"url":"https:\/\/marisaono.com\/delicia\/2019\/08\/13\/agenda-lamen-e-defumados-2\/","url_meta":{"origin":9509,"position":5},"title":"Agenda: Lamen e Defumados","date":"Agosto 13, 2019","format":false,"excerpt":"Lamen Quando: dia 25 de agosto (domingo), das 10 \u00e0s 16 horas Onde: Aqui em casa, pr\u00f3ximo ao Haras Setti e o campo de beisebol da Yakult em Ibi\u00fana. Receitas apresentadas: Duas massas para lamen, caldo base, molhos para o shoyu lamen e para o miso lamen, porco marinado (chashu),\u2026","rel":"","context":"Similar post","img":{"alt_text":"","src":"","width":0,"height":0},"classes":[]}],"_links":{"self":[{"href":"https:\/\/marisaono.com\/delicia\/wp-json\/wp\/v2\/posts\/9509"}],"collection":[{"href":"https:\/\/marisaono.com\/delicia\/wp-json\/wp\/v2\/posts"}],"about":[{"href":"https:\/\/marisaono.com\/delicia\/wp-json\/wp\/v2\/types\/post"}],"author":[{"embeddable":true,"href":"https:\/\/marisaono.com\/delicia\/wp-json\/wp\/v2\/users\/1"}],"replies":[{"embeddable":true,"href":"https:\/\/marisaono.com\/delicia\/wp-json\/wp\/v2\/comments?post=9509"}],"version-history":[{"count":1,"href":"https:\/\/marisaono.com\/delicia\/wp-json\/wp\/v2\/posts\/9509\/revisions"}],"predecessor-version":[{"id":9511,"href":"https:\/\/marisaono.com\/delicia\/wp-json\/wp\/v2\/posts\/9509\/revisions\/9511"}],"wp:featuredmedia":[{"embeddable":true,"href":"https:\/\/marisaono.com\/delicia\/wp-json\/wp\/v2\/media\/9510"}],"wp:attachment":[{"href":"https:\/\/marisaono.com\/delicia\/wp-json\/wp\/v2\/media?parent=9509"}],"wp:term":[{"taxonomy":"category","embeddable":true,"href":"https:\/\/marisaono.com\/delicia\/wp-json\/wp\/v2\/categories?post=9509"},{"taxonomy":"post_tag","embeddable":true,"href":"https:\/\/marisaono.com\/delicia\/wp-json\/wp\/v2\/tags?post=9509"}],"curies":[{"name":"wp","href":"https:\/\/api.w.org\/{rel}","templated":true}]}}