{"id":9950,"date":"2019-01-28T22:47:59","date_gmt":"2019-01-29T00:47:59","guid":{"rendered":"http:\/\/marisaono.com\/delicia\/?p=9950"},"modified":"2019-01-28T22:47:59","modified_gmt":"2019-01-29T00:47:59","slug":"aniversario-do-izakaya-matsu","status":"publish","type":"post","link":"https:\/\/marisaono.com\/delicia\/2019\/01\/28\/aniversario-do-izakaya-matsu\/","title":{"rendered":"Anivers\u00e1rio do Izakaya Matsu!"},"content":{"rendered":"<div class=\"translate_block\" style=\"display: none;\">\n<a class=\"translate_translate\" id=\"translate_button_post-9950\" lang=\"en\" xml:lang=\"en\" href=\"javascript:show_translate_popup('en', 'post', 9950);\">[Translate]<\/a><img src=\"https:\/\/marisaono.com\/delicia\/wp-content\/plugins\/google-ajax-translation\/transparent.gif\" id=\"translate_loading_post-9950\" class=\"translate_loading\" style=\"display: none;\" width=\"16\" height=\"16\" alt=\"\" \/>\n<hr class=\"translate_hr\" \/>\n<\/div>\n<div id=\"content_div-9950\">\n<p><img loading=\"lazy\" decoding=\"async\" class=\"alignnone size-medium_large wp-image-9951\" src=\"http:\/\/marisaono.com\/delicia\/wp-content\/uploads\/matsu-matsuri-768x768.jpg\" alt=\"\" width=\"700\" height=\"700\" srcset=\"https:\/\/marisaono.com\/delicia\/wp-content\/uploads\/matsu-matsuri-768x768.jpg 768w, https:\/\/marisaono.com\/delicia\/wp-content\/uploads\/matsu-matsuri-150x150.jpg 150w, https:\/\/marisaono.com\/delicia\/wp-content\/uploads\/matsu-matsuri-270x270.jpg 270w, https:\/\/marisaono.com\/delicia\/wp-content\/uploads\/matsu-matsuri-144x144.jpg 144w, https:\/\/marisaono.com\/delicia\/wp-content\/uploads\/matsu-matsuri.jpg 960w\" sizes=\"(max-width: 700px) 100vw, 700px\" \/><\/p>\n<p>O Izakaya Matsu comemora seu quarto anivers\u00e1rio no dia 3 (domingo).<\/p>\n<p>Daniel Parolin Hirata do <a href=\"https:\/\/www.hiraramenizakaya.com\/\" target=\"_blank\" rel=\"noopener\">Hir\u00e1<\/a>, Thiago Ba\u00f1ares do <a href=\"http:\/\/tantannb.com.br\/\" target=\"_blank\" rel=\"noopener\">Tan Tan<\/a>, Sae Kim do<a href=\"https:\/\/churrascocoreano.com.br\/\" target=\"_blank\" rel=\"noopener\"> New Shin La Kwan<\/a> e <a href=\"https:\/\/www.facebook.com\/thebaobaobaby\/\" target=\"_blank\" rel=\"noopener\">Bao Bao Baby<\/a> e eu estaremos l\u00e1 a partir das 11 cozinhando gostosuras. \u00c9 a \u00fanica data do ano em que n\u00f3s dividimos a cozinha do Matsu. V\u00e3o perder a chance de me ver &#8220;nadar&#8221;?<\/p>\n<p>Tamb\u00e9m vai ter cerveja gelada, muita anima\u00e7\u00e3o, dona M tamb\u00e9m vai estar l\u00e1 (para quem n\u00e3o me acompanha no Facebook, dona M \u00e9 a minha m\u00e3e) com suas conservas.<\/p>\n<p>Eu sei que v\u00e3o perguntar. Eu vou fazer wantan (past\u00e9is pequenos e bem crocantes) recheados com porco e especiarias.<\/p>\n<p>O Izakaya Matsu fica na\u00a0Pedroso de Morais, 403 &#8211; Pinheiros, S\u00e3o Paulo, perto da esta\u00e7\u00e3o de metr\u00f4 da Faria Lima.<\/p>\n<p>&nbsp;<\/p>\n<a href=\"https:\/\/www.freetellafriend.com\/tell\/?url=https%3A%2F%2Fmarisaono.com%2Fdelicia%2F2019%2F01%2F28%2Faniversario-do-izakaya-matsu%2F&title=Anivers%C3%A1rio+do+Izakaya+Matsu%21\" onclick=\"window.open('https:\/\/www.freetellafriend.com\/tell\/?url=https%3A%2F%2Fmarisaono.com%2Fdelicia%2F2019%2F01%2F28%2Faniversario-do-izakaya-matsu%2F&title=Anivers%C3%A1rio+do+Izakaya+Matsu%21', 'freetellafriend', 'scrollbars=1,menubar=0,width=617,height=530,resizable=1,toolbar=0,location=0,status=0,screenX=210,screenY=100,left=210,top=100'); return false;\" target=\"_blank\" title=\"Share This Post\"><img decoding=\"async\" src=\"http:\/\/marisaono.com\/delicia\/wp-content\/plugins\/tell-a-friend\/button.gif\" style=\"width:127px;height:16px;border:0px;\" alt=\"Share This Post\" title=\"Share This Post\" \/><\/a><\/div>\n","protected":false},"excerpt":{"rendered":"<p>[Translate] O Izakaya Matsu comemora seu quarto anivers\u00e1rio no dia 3 (domingo). Daniel Parolin Hirata do Hir\u00e1, Thiago Ba\u00f1ares do Tan Tan, Sae Kim do New Shin La Kwan e Bao Bao Baby e eu estaremos l\u00e1 a partir das &hellip; <a href=\"https:\/\/marisaono.com\/delicia\/2019\/01\/28\/aniversario-do-izakaya-matsu\/\">Continuar a ler <span class=\"meta-nav\">&rarr;<\/span><\/a><\/p>\n","protected":false},"author":1,"featured_media":9951,"comment_status":"open","ping_status":"open","sticky":false,"template":"","format":"standard","meta":{"spay_email":"","footnotes":"","jetpack_publicize_message":"","jetpack_is_tweetstorm":false},"categories":[1],"tags":[],"jetpack_featured_media_url":"https:\/\/marisaono.com\/delicia\/wp-content\/uploads\/matsu-matsuri.jpg","jetpack_publicize_connections":[],"jetpack_sharing_enabled":true,"jetpack_shortlink":"https:\/\/wp.me\/pccs7-2Au","jetpack-related-posts":[{"id":8130,"url":"https:\/\/marisaono.com\/delicia\/2015\/02\/02\/izakaya-matsu\/","url_meta":{"origin":9950,"position":0},"title":"Izakaya Matsu","date":"Fevereiro 2, 2015","format":false,"excerpt":"H\u00e1 algum tempo eu ouvia dizer que dona Margarida estava pretendendo abrir outra casa, no bairro de Pinheiros. Demorou (e n\u00e3o foi por vontade da equipe, o g\u00e1s s\u00f3 foi ligado h\u00e1 duas semanas, entre outros atrasos) mas finalmente abriu. Claro que tem caracter\u00edsticas que o diferenciam do Issa, na\u2026","rel":"","context":"In &quot;Culin\u00e1ria japonesa&quot;","img":{"alt_text":"","src":"https:\/\/i2.wp.com\/marisaono.com\/delicia\/wp-content\/uploads\/IMG_5444.jpg?resize=350%2C200&ssl=1","width":350,"height":200},"classes":[]},{"id":9570,"url":"https:\/\/marisaono.com\/delicia\/2017\/06\/28\/batida-na-escadaria-no-dia-08-de-julho\/","url_meta":{"origin":9950,"position":1},"title":"Batida na Escadaria no dia 08 de Julho","date":"Junho 28, 2017","format":false,"excerpt":"No dia 08 de julho estarei na\u00a0Rua Alves Guimar\u00e3es, 766 (Pinheiros) a partir das 12 horas, com miso, conservas, geleias, defumados e outras coisas.\u00a0Al\u00e9m de mim estar\u00e3o:\u00a0Checho Gonzales, da Comedoria Gonzales, com cevichesDaniela Bravin e C\u00e1ssia Campos com vinhos em ta\u00e7as ou garrafasG\u00fcnter Sarfert, com drinquesLigia Karasawa do Brace, no\u2026","rel":"","context":"In &quot;Lugares&quot;","img":{"alt_text":"","src":"","width":0,"height":0},"classes":[]},{"id":7658,"url":"https:\/\/marisaono.com\/delicia\/2014\/08\/11\/pre-lancamento-do-livro-izakaya-de-jo-takahashi\/","url_meta":{"origin":9950,"position":2},"title":"Pr\u00e9-lan\u00e7amento do Livro Izakaya de Jo Takahashi","date":"Agosto 11, 2014","format":false,"excerpt":"Na verdade era para ser uma festa de anivers\u00e1rio surpresa. Depois virou uma festa de anivers\u00e1rio sem ser surpresa com uma comemora\u00e7\u00e3o pela realiza\u00e7\u00e3o dos eventos que envolveram a vinda do Primeiro Ministro japon\u00eas. No final, depois de muita comida boa e boa bebida, virou um pr\u00e9-lan\u00e7amento do livro Izakaya\u2026","rel":"","context":"In &quot;Culin\u00e1ria japonesa&quot;","img":{"alt_text":"","src":"https:\/\/i2.wp.com\/marisaono.com\/delicia\/wp-content\/uploads\/IMG_4930.jpg?resize=350%2C200&ssl=1","width":350,"height":200},"classes":[]},{"id":8886,"url":"https:\/\/marisaono.com\/delicia\/2016\/03\/14\/agradecimento-aos-meus-patrocinadores\/","url_meta":{"origin":9950,"position":3},"title":"Agradecimento aos meus Patrocinadores","date":"Mar\u00e7o 14, 2016","format":false,"excerpt":"J\u00e1 disse que o blog n\u00e3o conta com patrocinadores mas reconhe\u00e7o que n\u00e3o \u00e9 bem verdade. Amigos t\u00eam me ajudado e a ajuda deles t\u00eam sido de grande valia. Da Symptom Eletr\u00f4nica ((11) 2941-0881), empresa que presta servi\u00e7os de instala\u00e7\u00e3o e manuten\u00e7\u00e3o de c\u00e2meras, computadores, instala\u00e7\u00e3o de redes, sistemas de\u2026","rel":"","context":"Similar post","img":{"alt_text":"","src":"","width":0,"height":0},"classes":[]},{"id":3632,"url":"https:\/\/marisaono.com\/delicia\/2011\/09\/22\/ban\/","url_meta":{"origin":9950,"position":4},"title":"Ban","date":"Setembro 22, 2011","format":false,"excerpt":"Ontem estive na inaugura\u00e7\u00e3o do Ban, \u00a0o mais novo restaurante da Liberdade, comandado por Massanobu Haraguchi. No andar de cima funcionam salas no estilo oriental para grupos e uma varanda. A cozinha, toda envidra\u00e7ada, fica no fundo do sal\u00e3o principal. E \u00e0 frente, o aqu\u00e1rio onde fica o chapeiro. Vamos\u2026","rel":"","context":"In &quot;Culin\u00e1ria japonesa&quot;","img":{"alt_text":"","src":"https:\/\/i2.wp.com\/marisaono.com\/delicia\/wp-content\/uploads\/IMG_0555.jpg?resize=350%2C200&ssl=1","width":350,"height":200},"classes":[]},{"id":10974,"url":"https:\/\/marisaono.com\/delicia\/2020\/06\/07\/video-asinhas-de-frango-doce-picantes-ao-estilo-coreano-tebasaki-ama-kara-kankoku-fu\/","url_meta":{"origin":9950,"position":5},"title":"Video: Asinhas de Frango Doce-Picantes ao Estilo Coreano (Tebasaki ama-kara Kankoku-fu)","date":"Junho 7, 2020","format":false,"excerpt":"Tem v\u00eddeo novo no canal do Youtube: S\u00e3o as asinhas de frango picantes, que fazem sucesso em muitos izakayas. Combina bem com cerveja. Eu usei o meio da asa, porque \u00e9, c\u00e1 entre n\u00f3s, a parte mais gostosa, mas voc\u00ea pode usar a asa inteira ou s\u00f3 a coxinha tamb\u00e9m.\u2026","rel":"","context":"In &quot;Culin\u00e1ria japonesa&quot;","img":{"alt_text":"","src":"https:\/\/i1.wp.com\/img.youtube.com\/vi\/i2wtMiVX-XM\/0.jpg?resize=350%2C200","width":350,"height":200},"classes":[]}],"_links":{"self":[{"href":"https:\/\/marisaono.com\/delicia\/wp-json\/wp\/v2\/posts\/9950"}],"collection":[{"href":"https:\/\/marisaono.com\/delicia\/wp-json\/wp\/v2\/posts"}],"about":[{"href":"https:\/\/marisaono.com\/delicia\/wp-json\/wp\/v2\/types\/post"}],"author":[{"embeddable":true,"href":"https:\/\/marisaono.com\/delicia\/wp-json\/wp\/v2\/users\/1"}],"replies":[{"embeddable":true,"href":"https:\/\/marisaono.com\/delicia\/wp-json\/wp\/v2\/comments?post=9950"}],"version-history":[{"count":1,"href":"https:\/\/marisaono.com\/delicia\/wp-json\/wp\/v2\/posts\/9950\/revisions"}],"predecessor-version":[{"id":9952,"href":"https:\/\/marisaono.com\/delicia\/wp-json\/wp\/v2\/posts\/9950\/revisions\/9952"}],"wp:featuredmedia":[{"embeddable":true,"href":"https:\/\/marisaono.com\/delicia\/wp-json\/wp\/v2\/media\/9951"}],"wp:attachment":[{"href":"https:\/\/marisaono.com\/delicia\/wp-json\/wp\/v2\/media?parent=9950"}],"wp:term":[{"taxonomy":"category","embeddable":true,"href":"https:\/\/marisaono.com\/delicia\/wp-json\/wp\/v2\/categories?post=9950"},{"taxonomy":"post_tag","embeddable":true,"href":"https:\/\/marisaono.com\/delicia\/wp-json\/wp\/v2\/tags?post=9950"}],"curies":[{"name":"wp","href":"https:\/\/api.w.org\/{rel}","templated":true}]}}