{"id":9981,"date":"2019-04-06T20:21:12","date_gmt":"2019-04-06T23:21:12","guid":{"rendered":"http:\/\/marisaono.com\/delicia\/?p=9981"},"modified":"2019-04-06T20:21:12","modified_gmt":"2019-04-06T23:21:12","slug":"bate-papo-ramen-ou-lamen","status":"publish","type":"post","link":"https:\/\/marisaono.com\/delicia\/2019\/04\/06\/bate-papo-ramen-ou-lamen\/","title":{"rendered":"Bate-Papo Ramen ou Lamen?"},"content":{"rendered":"<div class=\"translate_block\" style=\"display: none;\">\n<a class=\"translate_translate\" id=\"translate_button_post-9981\" lang=\"en\" xml:lang=\"en\" href=\"javascript:show_translate_popup('en', 'post', 9981);\">[Translate]<\/a><img src=\"https:\/\/marisaono.com\/delicia\/wp-content\/plugins\/google-ajax-translation\/transparent.gif\" id=\"translate_loading_post-9981\" class=\"translate_loading\" style=\"display: none;\" width=\"16\" height=\"16\" alt=\"\" \/>\n<hr class=\"translate_hr\" \/>\n<\/div>\n<div id=\"content_div-9981\">\n<p>Na pr\u00f3xima quinta-feira (dia 11) acontece uma mesa-redonda a respeito do lamen na Japan House.<\/p>\n<p>Sob media\u00e7\u00e3o da chef Telma Shiraishi, Jo Takahashi (Pesquisador), Simone Xirata (Jojo Ramen),Thiago Ba\u00f1ares (Tan Tan Noodle Bar), Daniel Kataguire (Lamen The Bowl), Daniel Hirata (Hira Ramen Izakaya \u5c45\u9152\u5c4b \u30e9\u30fc\u30e1\u30f3 \u5e73), Luis Ishikawa (Hidden by 2nd Floor), Willian Sesaki (Lamen A\u00e7u),\u00a0 Takamasa Kurachi (Ikkousha Brasil),\u00a0 Shin | Mark Veen (Ramen Boy),\u00a0 Rodney Ishigaki (Lamen Kazu) e eu vamos conversar sobre a hist\u00f3ria, popularidade, etimologia e, quem sabe? Eu estou muito feliz pelo convite e, principalmente porque vou estar do lado de gente que respeito e tenho uma rela\u00e7\u00e3o de amizade.<\/p>\n<p>O evento \u00e9 gratuito mas \u00e9 preciso retirar o ingresso com uma hora de anteced\u00eancia.<\/p>\n<div class=\"_2ycp _5xhk\">Quinta-feira, 11 de abril de 2019 de 18:00 a 20:30<\/div>\n<div class=\"_5xhp fsm fwn fcg\">\n<div class=\"fsm fwn fcg\">Japan House S\u00e3o Paulo<\/p>\n<div class=\"_5xhp fsm fwn fcg\">Av. Paulista, 52, 01311-000 S\u00e3o Paulo<\/div>\n<\/div>\n<\/div>\n<div><\/div>\n<div><\/div>\n<a href=\"https:\/\/www.freetellafriend.com\/tell\/?url=https%3A%2F%2Fmarisaono.com%2Fdelicia%2F2019%2F04%2F06%2Fbate-papo-ramen-ou-lamen%2F&title=Bate-Papo+Ramen+ou+Lamen%3F\" onclick=\"window.open('https:\/\/www.freetellafriend.com\/tell\/?url=https%3A%2F%2Fmarisaono.com%2Fdelicia%2F2019%2F04%2F06%2Fbate-papo-ramen-ou-lamen%2F&title=Bate-Papo+Ramen+ou+Lamen%3F', 'freetellafriend', 'scrollbars=1,menubar=0,width=617,height=530,resizable=1,toolbar=0,location=0,status=0,screenX=210,screenY=100,left=210,top=100'); return false;\" target=\"_blank\" title=\"Share This Post\"><img decoding=\"async\" src=\"http:\/\/marisaono.com\/delicia\/wp-content\/plugins\/tell-a-friend\/button.gif\" style=\"width:127px;height:16px;border:0px;\" alt=\"Share This Post\" title=\"Share This Post\" \/><\/a><\/div>\n","protected":false},"excerpt":{"rendered":"<p>[Translate] Na pr\u00f3xima quinta-feira (dia 11) acontece uma mesa-redonda a respeito do lamen na Japan House. Sob media\u00e7\u00e3o da chef Telma Shiraishi, Jo Takahashi (Pesquisador), Simone Xirata (Jojo Ramen),Thiago Ba\u00f1ares (Tan Tan Noodle Bar), Daniel Kataguire (Lamen The Bowl), Daniel &hellip; <a href=\"https:\/\/marisaono.com\/delicia\/2019\/04\/06\/bate-papo-ramen-ou-lamen\/\">Continuar a ler <span class=\"meta-nav\">&rarr;<\/span><\/a><\/p>\n","protected":false},"author":1,"featured_media":0,"comment_status":"open","ping_status":"open","sticky":false,"template":"","format":"standard","meta":{"spay_email":"","footnotes":"","jetpack_publicize_message":"","jetpack_is_tweetstorm":false},"categories":[1],"tags":[],"jetpack_featured_media_url":"","jetpack_publicize_connections":[],"jetpack_sharing_enabled":true,"jetpack_shortlink":"https:\/\/wp.me\/pccs7-2AZ","jetpack-related-posts":[{"id":11004,"url":"https:\/\/marisaono.com\/delicia\/2020\/07\/15\/teste-de-cilindro-manual-chines-para-massas\/","url_meta":{"origin":9981,"position":0},"title":"Teste de Cilindro Manual Chin\u00eas Para Massas","date":"Julho 15, 2020","format":false,"excerpt":"Talvez seja a primeira vez que algu\u00e9m testa esse cilindro no Brasil Eu vi h\u00e1 um tempo em uma novela do canal japon\u00eas NHK e me encantei por ele. Como as engrenagens s\u00e3o aparentes, a manuten\u00e7\u00e3o \u00e9 f\u00e1cil. Para quem j\u00e1 tentou desmontar o cilindro italiano alguma vez na vida,\u2026","rel":"","context":"In &quot;equipamentos&quot;","img":{"alt_text":"","src":"https:\/\/i2.wp.com\/img.youtube.com\/vi\/sM8oz8g1AQA\/0.jpg?resize=350%2C200","width":350,"height":200},"classes":[]},{"id":11307,"url":"https:\/\/marisaono.com\/delicia\/2021\/12\/16\/videos-novos-no-canal-6\/","url_meta":{"origin":9981,"position":1},"title":"V\u00eddeos Novos no Canal","date":"Dezembro 16, 2021","format":false,"excerpt":"Aproveitando o calor, publiquei uma receita de Hiyashi Chuka. Basicamente, \u00e9 uma salada com macarr\u00e3o de lamen. \u00c9 leve, fresco e satisfaz. E ainda ensino uma maneira de cozinhar peito de frango bem suculento e f\u00e1cil. https:\/\/youtu.be\/WXKvoXk1FgQ A outra receita \u00e9 de Yaki Nasu, uma berinjela assada e marinada, tamb\u00e9m\u2026","rel":"","context":"In &quot;receita&quot;","img":{"alt_text":"","src":"https:\/\/i2.wp.com\/img.youtube.com\/vi\/WXKvoXk1FgQ\/0.jpg?resize=350%2C200","width":350,"height":200},"classes":[]},{"id":6355,"url":"https:\/\/marisaono.com\/delicia\/2013\/08\/05\/conversa-a-respeito-do-udon-e-do-lamen\/","url_meta":{"origin":9981,"position":2},"title":"Conversa a Respeito do Udon e do Lamen","date":"Agosto 5, 2013","format":false,"excerpt":"Para quem acompanha o blog sabe que h\u00e1 muito eu tenho feito experi\u00eancias com massas orientais, entre elas o udon e o lamen, assim como caldos. Recentemente ganhei kansui japon\u00eas, ingrediente fundamental no preparo do lamen e pude fazer compara\u00e7\u00f5es com um kansui nacional. O resultado ficou semelhante. No dia\u2026","rel":"","context":"In &quot;Culin\u00e1ria japonesa&quot;","img":{"alt_text":"","src":"","width":0,"height":0},"classes":[]},{"id":9728,"url":"https:\/\/marisaono.com\/delicia\/2017\/12\/11\/lamen-dia-17\/","url_meta":{"origin":9981,"position":3},"title":"Lamen dia 17","date":"Dezembro 11, 2017","format":false,"excerpt":"\u00c9 a \u00faltima chance este ano de aprender a fazer um lamen, do caldo \u00e0 massa, al\u00e9m do porco marinado, dos molhos de shoyu e miso e ver como \u00e9 servido. Falo das farinhas, dos ingredientes, das t\u00e9cnicas, o qu\u00ea funciona e o qu\u00ea n\u00e3o funciona e at\u00e9 um pouco\u2026","rel":"","context":"Similar post","img":{"alt_text":"","src":"https:\/\/i0.wp.com\/marisaono.com\/delicia\/wp-content\/uploads\/lamen-1.jpg?resize=350%2C200","width":350,"height":200},"classes":[]},{"id":9861,"url":"https:\/\/marisaono.com\/delicia\/2018\/09\/02\/agenda-de-setembro-lamen-e-defumados\/","url_meta":{"origin":9981,"position":4},"title":"Agenda de Setembro: Lamen e Defumados","date":"Setembro 2, 2018","format":false,"excerpt":"\u00a0 \u00a0 \u00a0 \u00a0 \u00a0 \u00a0 \u00a0 \u00a0 \u00a0 \u00a0 Quer aprender a fazer um shoyu lamen e um miso lamen, do caldo \u00e0 massa, passando por toda explica\u00e7\u00e3o sobre t\u00e9cnicas e insumos? Quando: Domingo, dia 16 de setembro, das 10 \u00e0s 16 horas, das 10 \u00e0s 16 horas Onde:\u2026","rel":"","context":"Similar post","img":{"alt_text":"","src":"https:\/\/i2.wp.com\/marisaono.com\/delicia\/wp-content\/uploads\/oficina-de-lamen-e1535924422256.jpg?resize=350%2C200","width":350,"height":200},"classes":[]},{"id":9836,"url":"https:\/\/marisaono.com\/delicia\/2018\/07\/10\/agenda-lamen-e-defumados\/","url_meta":{"origin":9981,"position":5},"title":"Agenda: Lamen e Defumados","date":"Julho 10, 2018","format":false,"excerpt":"Lamen: Dias 29 e 30 de julho (domingo e segunda) Hor\u00e1rio: Das 10 \u00e0s 16 horas Local: Aqui em casa, em Ibi\u00fana, pr\u00f3ximo ao Haras Setti Receitas apresentadas: Duas massas para lamen, caldo base, molhos para o shoyu lamen e para o miso lamen, porco marinado (chashu), ovo marinado (aji\u2026","rel":"","context":"Similar post","img":{"alt_text":"","src":"","width":0,"height":0},"classes":[]}],"_links":{"self":[{"href":"https:\/\/marisaono.com\/delicia\/wp-json\/wp\/v2\/posts\/9981"}],"collection":[{"href":"https:\/\/marisaono.com\/delicia\/wp-json\/wp\/v2\/posts"}],"about":[{"href":"https:\/\/marisaono.com\/delicia\/wp-json\/wp\/v2\/types\/post"}],"author":[{"embeddable":true,"href":"https:\/\/marisaono.com\/delicia\/wp-json\/wp\/v2\/users\/1"}],"replies":[{"embeddable":true,"href":"https:\/\/marisaono.com\/delicia\/wp-json\/wp\/v2\/comments?post=9981"}],"version-history":[{"count":1,"href":"https:\/\/marisaono.com\/delicia\/wp-json\/wp\/v2\/posts\/9981\/revisions"}],"predecessor-version":[{"id":9982,"href":"https:\/\/marisaono.com\/delicia\/wp-json\/wp\/v2\/posts\/9981\/revisions\/9982"}],"wp:attachment":[{"href":"https:\/\/marisaono.com\/delicia\/wp-json\/wp\/v2\/media?parent=9981"}],"wp:term":[{"taxonomy":"category","embeddable":true,"href":"https:\/\/marisaono.com\/delicia\/wp-json\/wp\/v2\/categories?post=9981"},{"taxonomy":"post_tag","embeddable":true,"href":"https:\/\/marisaono.com\/delicia\/wp-json\/wp\/v2\/tags?post=9981"}],"curies":[{"name":"wp","href":"https:\/\/api.w.org\/{rel}","templated":true}]}}